{"id":232030,"date":"2025-07-07T06:23:10","date_gmt":"2025-07-07T06:23:10","guid":{"rendered":"https:\/\/www.europesays.com\/fr\/232030\/"},"modified":"2025-07-07T06:23:10","modified_gmt":"2025-07-07T06:23:10","slug":"strasbourg-avec-le-trombaba-trio-un-voyage-poetique-et-drole-au-pays-du-jazz","status":"publish","type":"post","link":"https:\/\/www.europesays.com\/fr\/232030\/","title":{"rendered":"Strasbourg. Avec le TromBaba Trio, un voyage po\u00e9tique et dr\u00f4le au pays du jazz"},"content":{"rendered":"<p>C\u2019est une belle initiation \u00e0 la musique jazz que propose le TromBaba Trio. Jean Lucas au trombone, Fr\u00e9d\u00e9ric Gu\u00e9rin \u00e0 la batterie et Phillip Klawitter \u00e0 la contrebasse jonglent avec les mots et font groover leurs instruments pour distiller un maximum de po\u00e9sie et d\u2019\u00e9motions.<\/p>\n<p>Trois ans apr\u00e8s la publication du livre audio et illustr\u00e9 pour la jeunesse, <a href=\"https:\/\/www.dna.fr\/culture-loisirs\/2022\/09\/20\/le-trombaba-trio-de-jean-lucas-fait-jazzer-les-emotions\" target=\"_blank\" rel=\"nofollow noopener\">Le Jazzier des \u00e9motions<\/a> de Jean Lucas, aux \u00e9ditions Trois petits points, le TromBaba Trio en prolonge les vibrations dans une version concertante qui rend le jazz accessible au plus grand nombre. Un concert tout public, \u00e0 partir de 6 ans, ce jeudi soir \u00e0 Strasbourg.<\/p>\n<p class=\"note\">Cour du 5 e lieu, place du Ch\u00e2teau \u00e0 Strasbourg, jeudi 10\u00a0juillet \u00e0 18\u00a0h. Entr\u00e9e libre.<\/p>\n","protected":false},"excerpt":{"rendered":"C\u2019est une belle initiation \u00e0 la musique jazz que propose le TromBaba Trio. Jean Lucas au trombone, Fr\u00e9d\u00e9ric&hellip;\n","protected":false},"author":2,"featured_media":232031,"comment_status":"","ping_status":"","sticky":false,"template":"","format":"standard","meta":{"footnotes":""},"categories":[2820],"tags":[1111,11,2389,1687,2880,1777,674,107,1011,27,775,873,12,25,640,2879],"class_list":{"0":"post-232030","1":"post","2":"type-post","3":"status-publish","4":"format-standard","5":"has-post-thumbnail","7":"category-strasbourg","8":"tag-actu","9":"tag-actualites","10":"tag-alsace","11":"tag-culture-loisirs","12":"tag-edition-strasbourg","13":"tag-eu","14":"tag-europe","15":"tag-fil-info","16":"tag-fr","17":"tag-france","18":"tag-grand-est","19":"tag-musique","20":"tag-news","21":"tag-republique-francaise","22":"tag-strasbourg","23":"tag-strasbourg-ville"},"share_on_mastodon":{"url":"https:\/\/pubeurope.com\/@fr\/114810519714524761","error":""},"_links":{"self":[{"href":"https:\/\/www.europesays.com\/fr\/wp-json\/wp\/v2\/posts\/232030","targetHints":{"allow":["GET"]}}],"collection":[{"href":"https:\/\/www.europesays.com\/fr\/wp-json\/wp\/v2\/posts"}],"about":[{"href":"https:\/\/www.europesays.com\/fr\/wp-json\/wp\/v2\/types\/post"}],"author":[{"embeddable":true,"href":"https:\/\/www.europesays.com\/fr\/wp-json\/wp\/v2\/users\/2"}],"replies":[{"embeddable":true,"href":"https:\/\/www.europesays.com\/fr\/wp-json\/wp\/v2\/comments?post=232030"}],"version-history":[{"count":0,"href":"https:\/\/www.europesays.com\/fr\/wp-json\/wp\/v2\/posts\/232030\/revisions"}],"wp:featuredmedia":[{"embeddable":true,"href":"https:\/\/www.europesays.com\/fr\/wp-json\/wp\/v2\/media\/232031"}],"wp:attachment":[{"href":"https:\/\/www.europesays.com\/fr\/wp-json\/wp\/v2\/media?parent=232030"}],"wp:term":[{"taxonomy":"category","embeddable":true,"href":"https:\/\/www.europesays.com\/fr\/wp-json\/wp\/v2\/categories?post=232030"},{"taxonomy":"post_tag","embeddable":true,"href":"https:\/\/www.europesays.com\/fr\/wp-json\/wp\/v2\/tags?post=232030"}],"curies":[{"name":"wp","href":"https:\/\/api.w.org\/{rel}","templated":true}]}}