{"id":232036,"date":"2025-07-07T06:29:10","date_gmt":"2025-07-07T06:29:10","guid":{"rendered":"https:\/\/www.europesays.com\/fr\/232036\/"},"modified":"2025-07-07T06:29:10","modified_gmt":"2025-07-07T06:29:10","slug":"a-bordeaux-la-cci-defend-la-presence-des-paquebots-en-centre-ville","status":"publish","type":"post","link":"https:\/\/www.europesays.com\/fr\/232036\/","title":{"rendered":"\u00e0 Bordeaux, la CCI d\u00e9fend la pr\u00e9sence des paquebots en centre-ville"},"content":{"rendered":"<p>\u00c0 Bordeaux, la CCI a r\u00e9alis\u00e9 une \u00e9tude pour d\u00e9montrer les retomb\u00e9es \u00e9conomiques importantes de l\u2019arriv\u00e9e des paquebots de croisi\u00e8res dans le centre-ville.<\/p>\n<p class=\"fig-paragraph\">Cette ann\u00e9e, 49\u00a0<a href=\"https:\/\/www.lefigaro.fr\/bordeaux\/pour-une-ville-ecolo-ca-fait-un-peu-bizarre-a-bordeaux-la-saison-des-paquebots-de-croisiere-est-lancee-20250417?msockid=258c4318a154643d05395665a0ed65f9\" target=\"_blank\" data-fig-type=\"NewsFlash\" rel=\"noopener nofollow\" data-gtm-custom-categorie=\"navigation\" data-gtm-custom-action=\"crossclick\" data-gtm-custom-label=\"Contextuel\" data-gtm-event=\"customEventSPE\" data-fig-domain=\"LEFIGARO\">escales de paquebots<\/a>\u00a0sont pr\u00e9vues \u00e0 Bordeaux, soit 38.000 croisi\u00e9ristes qui d\u00e9barquent \u00e0 deux pas du centre-ville.\u00a0Pour la\u00a0<a href=\"https:\/\/www.lefigaro.fr\/bordeaux\/notre-economie-va-mal-la-chambre-du-commerce-et-de-l-industrie-bordeaux-gironde-tire-la-sonnette-d-alarme-20250224?msockid=258c4318a154643d05395665a0ed65f9\" target=\"_blank\" data-fig-type=\"NewsFlash\" rel=\"noopener nofollow\" data-gtm-custom-categorie=\"navigation\" data-gtm-custom-action=\"crossclick\" data-gtm-custom-label=\"Contextuel\" data-gtm-event=\"customEventSPE\" data-fig-domain=\"LEFIGARO\">Chambre de Commerce et d\u2019Industrie (CCI)<\/a>\u00a0Bordeaux Gironde, ces\u00a0<a href=\"https:\/\/www.lefigaro.fr\/actualite-france\/a-paris-touristes-et-habitants-apprivoisent-tant-bien-que-mal-la-chaleur-20250630?msockid=258c4318a154643d05395665a0ed65f9\" target=\"_blank\" data-fig-type=\"Article\" rel=\"noopener nofollow\" data-gtm-custom-categorie=\"navigation\" data-gtm-custom-action=\"crossclick\" data-gtm-custom-label=\"Contextuel\" data-gtm-event=\"customEventSPE\" data-fig-domain=\"LEFIGARO\">touristes<\/a>\u00a0venus de la mer ont un impact tr\u00e8s important sur l\u2019\u00e9conomie locale. \u00abIl ne faut surtout pas supprimer ces bateaux de croisi\u00e8res dans le centre-ville\u00bb, mart\u00e8le Philippe Seguin, pr\u00e9sident de la CCI, s\u2019appuyant sur une \u00e9tude d\u00e9voil\u00e9e d\u00e9but juillet.<\/p>\n<p class=\"fig-paragraph\">La CCI a interrog\u00e9 pr\u00e8s de 1188 passagers de croisi\u00e8re, r\u00e9partis sur 23 navires ayant fait escale au Port de la Lune. Il en ressort que 82\u00a0% d\u2019entre eux d\u00e9pensent en moyenne 51,30 euros lors de leur visite en centre-ville. Selon la CCI, cela repr\u00e9sente \u00ab1,51 million d\u2019euros de d\u00e9penses directes\u00bb. L\u2019\u00e9tude r\u00e9v\u00e8le aussi que pour 38 % des passagers, l\u2019escale \u00e0 Bordeaux a motiv\u00e9 leur choix de croisi\u00e8re, et que 73\u00a0% d\u2019entre eux viennent principalement pour visiter la ville. De plus, 84 % des croisi\u00e9ristes se d\u00e9clarent tr\u00e8s satisfaits de leur passage \u00e0 Bordeaux.<\/p>\n<p>                                    <a class=\"fig-a11y-skip a11y-hidden\" href=\"#fig-a11y-skip-main-inarticle\"><br \/>\n        Passer la publicit\u00e9<br \/>\n    <\/a><\/p>\n<p class=\"fig-paragraph\">En ajoutant \u00ables retomb\u00e9es li\u00e9es aux transports, guides et services fournis par le Grand Port Maritime de Bordeaux (GPMB), l\u2019impact \u00e9conomique annuel pour le d\u00e9partement atteint 4,8 millions d\u2019euros\u00bb, souligne encore l\u2019\u00e9tude. \u00abCela montre bien l\u2019importance de ces bateaux pour les commerces de proximit\u00e9\u00bb, insiste Philippe Seguin.<\/p>\n<p>Rive gauche, rive droite\u00a0?<\/p>\n<p class=\"fig-paragraph\">D\u2019ici 2030, la r\u00e9glementation europ\u00e9enne imposera aux ports accueillant plus de 25 navires de croisi\u00e8re par an de les raccorder \u00e0 l\u2019\u00e9lectricit\u00e9 \u00e0 quai. Le maire \u00e9cologiste Pierre Hurmic et le GPMB ont annonc\u00e9 leur volont\u00e9 de d\u00e9placer la zone d\u2019amarrage de ces grands navires vers la rive droite, pr\u00e8s du pont Chaban-Delmas. Mais le pr\u00e9sident de la CCI souhaite que ces mastodontes puissent continuer \u00e0 d\u00e9poser leurs passagers directement au centre-ville, depuis la rive gauche.<\/p>\n<p class=\"fig-paragraph\">\u00abAujourd\u2019hui, il faudrait investir 20 millions d\u2019euros pour raccorder l\u2019\u00e9lectricit\u00e9 sur la rive droite\u00bb, explique Philippe Seguin. \u00abQuand il y a une loi, il faut permettre de financer les op\u00e9rations. Le grand port maritime a la comp\u00e9tence, mais n\u2019a pas un centime pour le faire\u00bb, ajoute-t-il. Selon lui, une solution reste possible pour que les navires g\u00e9ants continuent d\u2019amarrer sur la rive gauche tout en limitant les co\u00fbts\u00a0: raccorder les bateaux au Hangar 14, situ\u00e9 sur les quais, gr\u00e2ce \u00e0 des relais \u00e9lectriques et des c\u00e2bles \u00e0 tirer.<\/p>\n<p class=\"fig-paragraph\">Une solution que la mairie de Bordeaux a envisag\u00e9e, mais qui semble difficile \u00e0 mettre en \u0153uvre. \u00abNous avons eu un v\u00e9to des architectes, donc cette piste-l\u00e0 est peu envisageable\u00bb, explique Brigitte Bloch, conseill\u00e8re municipale d\u00e9l\u00e9gu\u00e9e pour le tourisme et l\u2019\u00e9conomie du vin. La solution privil\u00e9gi\u00e9e par la mairie et le GPMB semble donc \u00eatre le d\u00e9placement vers la rive droite. \u00abQu\u2019on soit rive gauche ou rive droite, on reste dans le centre de Bordeaux. \u00c7a ne va pas changer la perception du croisi\u00e9riste\u00a0!\u00bb, ajoute-t-elle.<\/p>\n<p class=\"fig-paragraph\">Pour l\u2019\u00e9lue, les retomb\u00e9es \u00e9conomiques li\u00e9es aux croisi\u00e9ristes restent modestes. \u00abL\u2019\u00e9tude de la CCI montre qu\u2019un croisi\u00e9riste d\u00e9pense 51 euros lors de son passage \u00e0 Bordeaux. Un touriste classique d\u00e9pense 160 euros par jour. Le tourisme dans la m\u00e9tropole g\u00e9n\u00e8re 1,4 milliard d\u2019euros. Les croisi\u00e9ristes ne repr\u00e9sentent donc qu\u2019une part marginale de ces retomb\u00e9es\u00a0\u00bb, conclut-elle.<\/p>\n","protected":false},"excerpt":{"rendered":"\u00c0 Bordeaux, la CCI a r\u00e9alis\u00e9 une \u00e9tude pour d\u00e9montrer les retomb\u00e9es \u00e9conomiques importantes de l\u2019arriv\u00e9e des paquebots&hellip;\n","protected":false},"author":2,"featured_media":232037,"comment_status":"","ping_status":"","sticky":false,"template":"","format":"standard","meta":{"footnotes":""},"categories":[2817],"tags":[1111,11,1997,2380,7730,1777,674,1011,27,12,2219,5600,25],"class_list":{"0":"post-232036","1":"post","2":"type-post","3":"status-publish","4":"format-standard","5":"has-post-thumbnail","7":"category-bordeaux","8":"tag-actu","9":"tag-actualites","10":"tag-bordeaux","11":"tag-croisiere","12":"tag-croisieres","13":"tag-eu","14":"tag-europe","15":"tag-fr","16":"tag-france","17":"tag-news","18":"tag-nouvelle-aquitaine","19":"tag-paquebot","20":"tag-republique-francaise"},"share_on_mastodon":{"url":"https:\/\/pubeurope.com\/@fr\/114810543420850342","error":""},"_links":{"self":[{"href":"https:\/\/www.europesays.com\/fr\/wp-json\/wp\/v2\/posts\/232036","targetHints":{"allow":["GET"]}}],"collection":[{"href":"https:\/\/www.europesays.com\/fr\/wp-json\/wp\/v2\/posts"}],"about":[{"href":"https:\/\/www.europesays.com\/fr\/wp-json\/wp\/v2\/types\/post"}],"author":[{"embeddable":true,"href":"https:\/\/www.europesays.com\/fr\/wp-json\/wp\/v2\/users\/2"}],"replies":[{"embeddable":true,"href":"https:\/\/www.europesays.com\/fr\/wp-json\/wp\/v2\/comments?post=232036"}],"version-history":[{"count":0,"href":"https:\/\/www.europesays.com\/fr\/wp-json\/wp\/v2\/posts\/232036\/revisions"}],"wp:featuredmedia":[{"embeddable":true,"href":"https:\/\/www.europesays.com\/fr\/wp-json\/wp\/v2\/media\/232037"}],"wp:attachment":[{"href":"https:\/\/www.europesays.com\/fr\/wp-json\/wp\/v2\/media?parent=232036"}],"wp:term":[{"taxonomy":"category","embeddable":true,"href":"https:\/\/www.europesays.com\/fr\/wp-json\/wp\/v2\/categories?post=232036"},{"taxonomy":"post_tag","embeddable":true,"href":"https:\/\/www.europesays.com\/fr\/wp-json\/wp\/v2\/tags?post=232036"}],"curies":[{"name":"wp","href":"https:\/\/api.w.org\/{rel}","templated":true}]}}