{"id":232040,"date":"2025-07-07T06:31:11","date_gmt":"2025-07-07T06:31:11","guid":{"rendered":"https:\/\/www.europesays.com\/fr\/232040\/"},"modified":"2025-07-07T06:31:11","modified_gmt":"2025-07-07T06:31:11","slug":"la-mairie-de-toulouse-demande-plus-de-postes-denseignants-pour-les-ecoles","status":"publish","type":"post","link":"https:\/\/www.europesays.com\/fr\/232040\/","title":{"rendered":"La mairie de Toulouse demande plus de postes d&rsquo;enseignants pour les \u00e9coles"},"content":{"rendered":"<p>Une crise qui s&rsquo;enracine. Le 20 juin dernier, les \u00e9lus du <strong>Conseil municipal de <\/strong><a href=\"https:\/\/lopinion.com\/\" rel=\"noopener noreferrer nofollow\" target=\"_blank\"><strong>Toulouse<\/strong><\/a><strong> <\/strong>ont adopt\u00e9 un <strong>v\u0153u demandant au gouvernement d&rsquo;accorder davantage de postes d&rsquo;enseignants du premier degr\u00e9 aux \u00e9coles de la ville<\/strong>.<\/p>\n<p>L&rsquo;objectif, \u00e9viter des fermetures qui d\u00e9gradent les conditions d&rsquo;enseignement. <strong>Jean-Luc Moudenc avait d\u00e9j\u00e0 alert\u00e9 les ministres successifs <\/strong>de l&rsquo;\u00c9ducation nationale sur l&rsquo;insuffisance des dotations accord\u00e9es \u00e0 la ville et le manque criant de rempla\u00e7ants.<\/p>\n<p>Si <strong>des avanc\u00e9es ont pu \u00eatre obtenues<\/strong> r\u00e9cemment, \u00ab\u00a0le maire de Toulouse et sa premi\u00e8re adjointe Marion Lalane-de Laubad\u00e8re, restent particuli\u00e8rement vigilants quant \u00e0 la situation g\u00e9n\u00e9rale qui demeure fragile\u00a0\u00bb, assure la municipalit\u00e9.<\/p>\n<p>\u00c0 noter qu&rsquo;en dix ans, la mairie de Toulouse aura investi plus d&rsquo;un demi-milliard d&rsquo;euros dans les \u00e9coles et construits plus de 40 nouveaux groupes scolaires. <strong>Avec une contribution aux enjeux environnementaux (cours oasis, compostage&#8230;)<\/strong>.<\/p>\n<p>Plus de 1.700 postes vacants en France<\/p>\n<p>Pour la 15e ann\u00e9e d&rsquo;affil\u00e9e, l&rsquo;\u00c9ducation nationale n&rsquo;a pas pu pourvoir l&rsquo;int\u00e9gralit\u00e9 des postes ouverts aux concours enseignants. Selon les <a href=\"https:\/\/www.education.gouv.fr\/concours-enseignants-de-la-session-2025-450801\" rel=\"noopener noreferrer nofollow\" target=\"_blank\">r\u00e9sultats publi\u00e9s par le minist\u00e8re<\/a>, <strong>plus de 1.700 places restent vacantes dans le public et 278 dans le priv\u00e9<\/strong>.<\/p>\n<p>Dans le <a href=\"https:\/\/lopinion.com\/articles\/politique\/29371_canicule-toulouse-majorite-ecologistes-fermeture-preventives-ecoles\" rel=\"noopener noreferrer nofollow\" target=\"_blank\">premier degr\u00e9<\/a>,<strong> environ 520 postes de titulaires sont perdus \u00e0 l&rsquo;issue de la campagne de recrutement 2025<\/strong>. Ils sont tous concentr\u00e9s dans les acad\u00e9mies de Versailles, Cr\u00e9teil, la Guyane et Mayotte, creusant ainsi de profondes in\u00e9galit\u00e9s territoriales.<\/p>\n<p>En coll\u00e8ge et lyc\u00e9e, quelque 1.200 postes restent vacants. L&rsquo;agr\u00e9gation continue \u00e0 pourvoir presque tous ses postes (96,5 %), mais<strong> 11,2 % des besoins du Capes externe<\/strong>, le concours au plus gros contingent, n&rsquo;ont pas pu \u00eatre couverts.<\/p>\n<p>Parmi les disciplines en tension, les lettres classiques (33 % de postes vacants), les math\u00e9matiques (26 %), la physique-chimie (26 %), l&rsquo;allemand (23 %) ou les lettres modernes (12 %). Les d\u00e9ficits sont \u00e9galement importants dans l&rsquo;enseignement technique (13 %) et professionnel (15 %).<\/p>\n<p>Les postes non pourvus sont toutefois <strong>deux fois moins nombreux qu&rsquo;en 2024<\/strong>, et les \u00ab\u00a0taux de couverture\u00a0\u00bb en nette am\u00e9lioration. <strong>Plus de 21.400 candidats, tous concours confondus, sont admis (+3,4 % par rapport \u00e0 l&rsquo;an dernier)<\/strong>.<\/p>\n<p>&gt;&gt; \u00c0 LIRE AUSSI : <a href=\"https:\/\/lopinion.com\/articles\/politique\/29239_departement-haute-garonne-cessez-le-feu-gaza\" rel=\"noopener noreferrer nofollow\" target=\"_blank\">Le D\u00e9partement de la Haute-Garonne r\u00e9clame un cessez-le-feu imm\u00e9diat \u00e0 Gaza<\/a><\/p>\n","protected":false},"excerpt":{"rendered":"Une crise qui s&rsquo;enracine. Le 20 juin dernier, les \u00e9lus du Conseil municipal de Toulouse ont adopt\u00e9 un&hellip;\n","protected":false},"author":2,"featured_media":232041,"comment_status":"","ping_status":"","sticky":false,"template":"","format":"standard","meta":{"footnotes":""},"categories":[2816],"tags":[1111,11,1777,674,1011,27,12,2680,25,2312],"class_list":{"0":"post-232040","1":"post","2":"type-post","3":"status-publish","4":"format-standard","5":"has-post-thumbnail","7":"category-toulouse","8":"tag-actu","9":"tag-actualites","10":"tag-eu","11":"tag-europe","12":"tag-fr","13":"tag-france","14":"tag-news","15":"tag-occitanie","16":"tag-republique-francaise","17":"tag-toulouse"},"share_on_mastodon":{"url":"https:\/\/pubeurope.com\/@fr\/114810551227000074","error":""},"_links":{"self":[{"href":"https:\/\/www.europesays.com\/fr\/wp-json\/wp\/v2\/posts\/232040","targetHints":{"allow":["GET"]}}],"collection":[{"href":"https:\/\/www.europesays.com\/fr\/wp-json\/wp\/v2\/posts"}],"about":[{"href":"https:\/\/www.europesays.com\/fr\/wp-json\/wp\/v2\/types\/post"}],"author":[{"embeddable":true,"href":"https:\/\/www.europesays.com\/fr\/wp-json\/wp\/v2\/users\/2"}],"replies":[{"embeddable":true,"href":"https:\/\/www.europesays.com\/fr\/wp-json\/wp\/v2\/comments?post=232040"}],"version-history":[{"count":0,"href":"https:\/\/www.europesays.com\/fr\/wp-json\/wp\/v2\/posts\/232040\/revisions"}],"wp:featuredmedia":[{"embeddable":true,"href":"https:\/\/www.europesays.com\/fr\/wp-json\/wp\/v2\/media\/232041"}],"wp:attachment":[{"href":"https:\/\/www.europesays.com\/fr\/wp-json\/wp\/v2\/media?parent=232040"}],"wp:term":[{"taxonomy":"category","embeddable":true,"href":"https:\/\/www.europesays.com\/fr\/wp-json\/wp\/v2\/categories?post=232040"},{"taxonomy":"post_tag","embeddable":true,"href":"https:\/\/www.europesays.com\/fr\/wp-json\/wp\/v2\/tags?post=232040"}],"curies":[{"name":"wp","href":"https:\/\/api.w.org\/{rel}","templated":true}]}}