{"id":232044,"date":"2025-07-07T06:34:31","date_gmt":"2025-07-07T06:34:31","guid":{"rendered":"https:\/\/www.europesays.com\/fr\/232044\/"},"modified":"2025-07-07T06:34:31","modified_gmt":"2025-07-07T06:34:31","slug":"a-marseille-la-plage-de-la-pointe-rouge-devient-un-lieu-plus-sur-pour-les-femmes","status":"publish","type":"post","link":"https:\/\/www.europesays.com\/fr\/232044\/","title":{"rendered":"\u00c0 Marseille, la plage de la Pointe Rouge devient un lieu plus s\u00fbr pour les femmes"},"content":{"rendered":"\n<p>Short, claquettes et t-shirt aux couleurs de la ville&#8230; Voici l\u2019uniforme qu\u2019a choisi de porter Paul, saisonnier sur la plage de la Pointe Rouge. Pour les trois mois d\u2019\u00e9t\u00e9, le jeune homme a d\u00e9cid\u00e9 de s\u2019engager en tant que repr\u00e9sentant de deux dispositifs lanc\u00e9s par la Ville de Marseille. \u00ab\u00a0\u00c0 nous la mer\u00a0\u00bb, qui \u00ab\u00a0permet \u00e0 tout le monde de profiter de la plage comme n\u2019importe qui, que ce soit quelqu\u2019un en fauteuil ou quelqu\u2019un qui a du mal \u00e0 se d\u00e9placer\u00a0\u00bb, explique le saisonnier, et Safer, une \u00ab\u00a0application gratuite et disponible de partout\u00a0\u00bb pour lutter contre les violences sexistes et sexuelles sur les plages. Une mission qui convient parfaitement au jeune homme\u00a0: \u00ab\u00a0\u00c7a correspond \u00e0 mes valeurs et ce que j\u2019essaye de renvoyer dans la vie de tous les jours\u00a0\u00bb, confie-t-il.<\/p>\n<p> \u00ab\u00a0Exp\u00e9rience humaine\u00a0\u00bb\n              <\/p>\n<p>Pourtant, \u00ab\u00a0je ne suis pas un grand fan de la plage\u00a0\u00bb, indique celui qui occupe ce poste pour la deuxi\u00e8me ann\u00e9e. Un travail auquel il n\u2019\u00e9tait pas du tout destin\u00e9, comme il l\u2019explique\u00a0: \u00ab\u00a0Je n\u2019avais jamais travaill\u00e9 dans cet univers, de base j\u2019y suis juste all\u00e9 pour avoir un travail.\u00a0\u00bb Un choix fait \u00e0 l\u2019origine par d\u00e9pit, que le jeune homme qualifie aujourd\u2019hui de \u00ab\u00a0v\u00e9ritable exp\u00e9rience humaine\u00a0\u00bb qu\u2019il \u00ab\u00a0ne faut pas avoir peur de tenter\u00a0\u00bb.<\/p>\n<p>Sur le sable, la pr\u00e9sence de Paul et de sa petite \u00e9quipe permet \u00e0 de nombreuses personnes en situation de handicap de venir profiter d\u2019un moment de baignade gr\u00e2ce aux \u00e9quipements mis \u00e0 disposition par la Ville. Une mission qui a directement touch\u00e9 en plein c\u0153ur le jeune homme\u00a0: \u00ab\u00a0C\u2019est assez fort de voir ces gens, qui adorent pourtant la mer, mais n\u2019ont pas pu y acc\u00e9der pendant des ann\u00e9es \u00e0 cause de leur handicap\u00a0\u00bb, s\u2019\u00e9meut Paul. \u00ab\u00a0Avec \u00ab\u00a0\u00c0 nous la mer\u00a0\u00bb, on voit des gens qui n\u2019ont pas pu acc\u00e9der \u00e0 la plage, des fois pendant deux, trois\u00a0ans. On a m\u00eame eu une personne \u00e2g\u00e9e qui est venue en nous disant que c\u2019\u00e9tait la premi\u00e8re fois qu\u2019elle se baignait en 15\u00a0ans\u00a0\u00bb, t\u00e9moigne-t-il. \u00ab\u00a0Si c\u2019\u00e9tait \u00e0 refaire, je le referais\u00a0\u00bb, s\u2019exclame Paul, qui sera donc pr\u00e9sent jusqu\u2019\u00e0 la fin de l\u2019\u00e9t\u00e9 sur la plage de la Pointe Rouge.<\/p>\n","protected":false},"excerpt":{"rendered":"Short, claquettes et t-shirt aux couleurs de la ville&#8230; Voici l\u2019uniforme qu\u2019a choisi de porter Paul, saisonnier sur&hellip;\n","protected":false},"author":2,"featured_media":232045,"comment_status":"","ping_status":"","sticky":false,"template":"","format":"standard","meta":{"footnotes":""},"categories":[2814],"tags":[1111,11,1777,674,4651,1011,27,884,12,882,25],"class_list":{"0":"post-232044","1":"post","2":"type-post","3":"status-publish","4":"format-standard","5":"has-post-thumbnail","7":"category-marseille","8":"tag-actu","9":"tag-actualites","10":"tag-eu","11":"tag-europe","12":"tag-femmes","13":"tag-fr","14":"tag-france","15":"tag-marseille","16":"tag-news","17":"tag-provence-alpes-cote-dazur","18":"tag-republique-francaise"},"share_on_mastodon":{"url":"https:\/\/pubeurope.com\/@fr\/114810563072577295","error":""},"_links":{"self":[{"href":"https:\/\/www.europesays.com\/fr\/wp-json\/wp\/v2\/posts\/232044","targetHints":{"allow":["GET"]}}],"collection":[{"href":"https:\/\/www.europesays.com\/fr\/wp-json\/wp\/v2\/posts"}],"about":[{"href":"https:\/\/www.europesays.com\/fr\/wp-json\/wp\/v2\/types\/post"}],"author":[{"embeddable":true,"href":"https:\/\/www.europesays.com\/fr\/wp-json\/wp\/v2\/users\/2"}],"replies":[{"embeddable":true,"href":"https:\/\/www.europesays.com\/fr\/wp-json\/wp\/v2\/comments?post=232044"}],"version-history":[{"count":0,"href":"https:\/\/www.europesays.com\/fr\/wp-json\/wp\/v2\/posts\/232044\/revisions"}],"wp:featuredmedia":[{"embeddable":true,"href":"https:\/\/www.europesays.com\/fr\/wp-json\/wp\/v2\/media\/232045"}],"wp:attachment":[{"href":"https:\/\/www.europesays.com\/fr\/wp-json\/wp\/v2\/media?parent=232044"}],"wp:term":[{"taxonomy":"category","embeddable":true,"href":"https:\/\/www.europesays.com\/fr\/wp-json\/wp\/v2\/categories?post=232044"},{"taxonomy":"post_tag","embeddable":true,"href":"https:\/\/www.europesays.com\/fr\/wp-json\/wp\/v2\/tags?post=232044"}],"curies":[{"name":"wp","href":"https:\/\/api.w.org\/{rel}","templated":true}]}}