{"id":232046,"date":"2025-07-07T06:35:10","date_gmt":"2025-07-07T06:35:10","guid":{"rendered":"https:\/\/www.europesays.com\/fr\/232046\/"},"modified":"2025-07-07T06:35:10","modified_gmt":"2025-07-07T06:35:10","slug":"drame-de-la-rue-daubagne-a-marseille-la-justice-rend-ce-lundi-un-jugement-attendu-par-toute-la-ville","status":"publish","type":"post","link":"https:\/\/www.europesays.com\/fr\/232046\/","title":{"rendered":"Drame de la rue d\u2019Aubagne \u00e0 Marseille\u00a0: la justice rend ce lundi un jugement attendu par toute la ville"},"content":{"rendered":"<p class=\"paragraph text_align_left lp-f-body-02\">Ce <a href=\"https:\/\/www.leparisien.fr\/faits-divers\/immeubles-effondres-a-marseille-un-huitieme-corps-decouvert-09-11-2018-7939020.php\" target=\"_blank\" rel=\"noreferrer nofollow noopener\">drame du logement<\/a> avait provoqu\u00e9 la mort de 8 personnes \u00e0 <a href=\"https:\/\/www.leparisien.fr\/politique\/quand-marseille-s-effondre-et-ebranle-la-maison-gaudin-25-11-2018-7952658.php\" target=\"_blank\" rel=\"noreferrer nofollow noopener\">Marseille<\/a> en 2018. La justice rend ce lundi son jugement dans le proc\u00e8s des effondrements de la rue d\u2019Aubagne, pour dire si un ou plusieurs des <a href=\"https:\/\/www.leparisien.fr\/bouches-du-rhone-13\/effondrements-de-la-rue-daubagne-a-marseille-douze-nouveaux-prevenus-au-proces-21-06-2024-A46ZOA3WGNCTVDSJD5KHPTDBAY.php?ts=1751865499658\" target=\"_blank\" rel=\"noreferrer nofollow noopener\">16 pr\u00e9venus<\/a> peut \u00eatre tenu pour responsable.<\/p>\n<p class=\"paragraph text_align_left lp-f-body-02\">Qui de l\u2019adjoint au maire, de l\u2019expert, du syndic ou des copropri\u00e9taires a commis une \u00e9ventuelle faute p\u00e9nale\u00a0? De l\u2019avis de tous, le d\u00e9bat juridique est extr\u00eamement complexe et le pr\u00e9sident Pascal Gand, qui doit rendre sa d\u00e9cision \u00e0 partir de 10\u00a0heures, pourrait prendre un temps significatif pour expliquer une d\u00e9cision m\u00fbrie pendant sept mois.<\/p>\n<p>Des effondrements in\u00e9luctables<\/p>\n<p class=\"paragraph text_align_left lp-f-body-02\">\u00ab\u00a0Le tribunal a une grande responsabilit\u00e9, mais qu\u2019il soit s\u00fbr que nous, les familles, on croit dans leur travail, on croit dans leur conscience\u00a0\u00bb, a indiqu\u00e9 Liliana Lalonde, m\u00e8re de Julien Lalonde, mort \u00e0 30\u00a0ans dans ce drame avec sept autres locataires du 65 rue d\u2019Aubagne, en plein centre-ville.<\/p>\n<p class=\"paragraph text_align_left lp-f-body-02\">Le proc\u00e8s, qui s\u2019est tenu pendant un mois et demi \u00e0 l\u2019automne, \u00e9tait bien plus qu\u2019une simple affaire judiciaire et la \u00ab\u00a0salle des proc\u00e8s hors norme\u00a0\u00bb avait accueilli toute la col\u00e8re et la tristesse de la ville.<\/p>\n<p class=\"lp-card-podcast-highlighting__title  lp-f-subtitle-05\">Affaire Daval\u00a0: la joggeuse disparue et le mensonge (4\/4)<\/p>\n<p class=\"lp-card-podcast-highlighting__description lp-f-ui-05\">Crime story raconte chaque semaine les grandes affaires criminelles.<\/p>\n<p><a class=\"lp-card-podcast-highlighting__call-to-action\" data-page-type=\"HP\" data-block-name=\"podcast-highlight\">\u00c9couter<\/a><\/p>\n<p class=\"paragraph text_align_left lp-f-body-02\">Au fil des audiences, les larmes avaient abondamment coul\u00e9 face aux r\u00e9cits des parcours lumineux ou caboss\u00e9s des victimes. Notamment \u00e0 l\u2019\u00e9vocation du petit El Amine, fils d\u2019Ouloume Sa\u00efd Hassani, \u00ab\u00a0parti le matin avec son cartable et le soir, plus de maman, plus de v\u00eatements, plus rien\u00a0\u00bb.<\/p>\n<p class=\"paragraph text_align_left lp-f-body-02\">Les d\u00e9bats ont permis d\u2019\u00e9tablir que les effondrements des num\u00e9ros\u00a063 (vide) et 65 \u00e9taient in\u00e9luctables vu l\u2019\u00e9tat du b\u00e2ti. Mais aucune mise \u00e0 l\u2019abri des locataires du 65 n\u2019avait \u00e9t\u00e9 d\u00e9cid\u00e9e et les travaux entrepris s\u2019\u00e9taient av\u00e9r\u00e9s inefficaces voire contre-productifs.<\/p>\n<p class=\"paragraph text_align_left lp-f-body-02\">L\u2019instruction avait renvoy\u00e9 devant le tribunal quatre personnes\u00a0: Julien Ruas, adjoint du maire LR de l\u2019\u00e9poque Jean-Claude Gaudin, l\u2019architecte Richard Carta qui avait expertis\u00e9 l\u2019immeuble moins de trois semaines avant son effondrement, et deux personnes morales, le syndic du 65, le cabinet Liautard, et le bailleur social propri\u00e9taire du num\u00e9ro\u00a063, laiss\u00e9 \u00e0 l\u2019\u00e9tat de ruine par Marseille Habitat.<\/p>\n<p>Un habitat qui prosp\u00e8re sur la pr\u00e9carit\u00e9<\/p>\n<p class=\"paragraph text_align_left lp-f-body-02\">Insuffisant pour certaines parties civiles qui avaient cit\u00e9 \u00e0 compara\u00eetre une douzaine de personnes suppl\u00e9mentaires, dont des copropri\u00e9taires. Au final, 16 personnes morales et physiques ont \u00e9t\u00e9 jug\u00e9es pour diff\u00e9rents d\u00e9lits, notamment homicide involontaire par violation manifestement d\u00e9lib\u00e9r\u00e9e d\u2019une obligation de s\u00e9curit\u00e9.<\/p>\n<p class=\"paragraph text_align_left lp-f-body-02\">\u00c0 Marseille, o\u00f9 l\u2019habitat indigne prosp\u00e8re sur la pr\u00e9carit\u00e9, ces d\u00e9cisions comptent. Depuis le drame, la justice de la deuxi\u00e8me ville de France n\u2019h\u00e9site d\u2019ailleurs plus \u00e0 envoyer <a href=\"https:\/\/www.leparisien.fr\/faits-divers\/lempereur-du-mal-logement-ex-policier-devenu-marchand-de-sommeil-juge-a-marseille-13-11-2023-DLMGSPVQHFAJ3H5MVBWCQQDCAM.php\" target=\"_blank\" rel=\"noreferrer nofollow noopener\">les marchands de sommeil en prison<\/a>, comme en mars le propri\u00e9taire d\u2019une trentaine de studios insalubres dans une ex-r\u00e9sidence universitaire.<\/p>\n","protected":false},"excerpt":{"rendered":"Ce drame du logement avait provoqu\u00e9 la mort de 8 personnes \u00e0 Marseille en 2018. La justice rend&hellip;\n","protected":false},"author":2,"featured_media":232047,"comment_status":"","ping_status":"","sticky":false,"template":"","format":"standard","meta":{"footnotes":""},"categories":[2814],"tags":[1111,11,459,1777,674,118,1011,27,884,12,882,25],"class_list":{"0":"post-232046","1":"post","2":"type-post","3":"status-publish","4":"format-standard","5":"has-post-thumbnail","7":"category-marseille","8":"tag-actu","9":"tag-actualites","10":"tag-departements-horsidfo","11":"tag-eu","12":"tag-europe","13":"tag-faits-divers","14":"tag-fr","15":"tag-france","16":"tag-marseille","17":"tag-news","18":"tag-provence-alpes-cote-dazur","19":"tag-republique-francaise"},"share_on_mastodon":{"url":"https:\/\/pubeurope.com\/@fr\/114810566990422798","error":""},"_links":{"self":[{"href":"https:\/\/www.europesays.com\/fr\/wp-json\/wp\/v2\/posts\/232046","targetHints":{"allow":["GET"]}}],"collection":[{"href":"https:\/\/www.europesays.com\/fr\/wp-json\/wp\/v2\/posts"}],"about":[{"href":"https:\/\/www.europesays.com\/fr\/wp-json\/wp\/v2\/types\/post"}],"author":[{"embeddable":true,"href":"https:\/\/www.europesays.com\/fr\/wp-json\/wp\/v2\/users\/2"}],"replies":[{"embeddable":true,"href":"https:\/\/www.europesays.com\/fr\/wp-json\/wp\/v2\/comments?post=232046"}],"version-history":[{"count":0,"href":"https:\/\/www.europesays.com\/fr\/wp-json\/wp\/v2\/posts\/232046\/revisions"}],"wp:featuredmedia":[{"embeddable":true,"href":"https:\/\/www.europesays.com\/fr\/wp-json\/wp\/v2\/media\/232047"}],"wp:attachment":[{"href":"https:\/\/www.europesays.com\/fr\/wp-json\/wp\/v2\/media?parent=232046"}],"wp:term":[{"taxonomy":"category","embeddable":true,"href":"https:\/\/www.europesays.com\/fr\/wp-json\/wp\/v2\/categories?post=232046"},{"taxonomy":"post_tag","embeddable":true,"href":"https:\/\/www.europesays.com\/fr\/wp-json\/wp\/v2\/tags?post=232046"}],"curies":[{"name":"wp","href":"https:\/\/api.w.org\/{rel}","templated":true}]}}