{"id":232048,"date":"2025-07-07T06:36:09","date_gmt":"2025-07-07T06:36:09","guid":{"rendered":"https:\/\/www.europesays.com\/fr\/232048\/"},"modified":"2025-07-07T06:36:09","modified_gmt":"2025-07-07T06:36:09","slug":"pourquoi-lombriere-de-16-me-donne-t-elle-si-chaud-aux-lyonnais","status":"publish","type":"post","link":"https:\/\/www.europesays.com\/fr\/232048\/","title":{"rendered":"pourquoi l\u2019ombri\u00e8re de 1,6 M\u20ac donne-t-elle si chaud aux Lyonnais ?"},"content":{"rendered":"<p>C\u2019est ce que les Lyonnais d\u00e9couvrent depuis quelques semaines. Le projet a \u00e9t\u00e9 imagin\u00e9 par la mairie de Lyon, en r\u00e9ponse \u00e0 la promesse \u00e9lectorale de verdir et de rafraichir cette place embl\u00e9matique de l\u2019histoire et de l\u2019identit\u00e9 lyonnaise.\u00a0<\/p>\n<p>Qui ne s\u2019est jamais donn\u00e9 rendez-vous Place Bellecour, sous la statue de Louis XIV?<\/p>\n<p>D\u00e9sormais, ce sera peut-\u00eatre sous les bandes de tissus bariol\u00e9s de cette \u0153uvre d\u2019art \u00e9ph\u00e9m\u00e8re. Ou pas.<\/p>\n<p>Il para\u00eet qu\u2019il faut\u00a0\u00ab\u00a0aller au-del\u00e0 des apparences\u00a0\u00bb, que \u00ab\u00a0l\u2019important, c\u2019est le symbole\u00a0\u00bb. Soit, mais pour beaucoup de Lyonnais, le symbole est cher, peu rafra\u00eechissant, et pas franchement engageant.<\/p>\n<p>Depuis le d\u00e9but du mois de juillet, l\u2019\u0153uvre \u00ab\u00a0Tissage Urbain\u00a0\u00bb tr\u00f4ne sur la place Bellecour : 1 500 m\u00b2 de voilages suspendus, des piliers en bois, des bancs, des dalles de b\u00e9ton\u2026 pour 1,6 million d\u2019euros d\u2019argent public. Le tout pour une installation temporaire, d\u2019une dur\u00e9e de vie annonc\u00e9e de 5 ans.\u00a0<\/p>\n<p>Fra\u00eecheur ressentie : quasiment nulle, selon les premiers t\u00e9moignages.<\/p>\n<p>A l\u2019heure o\u00f9 les commerces du centre ville souffrent autant de l\u2019instauration de la ZTL et des nouveaux am\u00e9nagements, le choix de cette installation pour remplacer la v\u00e9g\u00e9talisation promise aux Lyonnais, a minima questionne.<\/p>\n<p><strong>Un projet mal ficel\u00e9\u2026 et dont on connaissait pourtant les limites<\/strong><\/p>\n<p>Car oui, tout le monde savait.<\/p>\n<p>Personne ne d\u00e9couvre aujourd\u2019hui que la place Bellecour est construite <strong>au-dessus d\u2019un parking souterrain et d\u2019une ligne de m\u00e9tro<\/strong>. C\u2019est une contrainte structurelle connue de tous &#8211; \u00e9lus, techniciens, m\u00eame habitants &#8211; depuis des d\u00e9cennies. \u2028Alors pourquoi continuer \u00e0 faire semblant de d\u00e9couvrir que planter des arbres en pleine terre est ici impossible?<\/p>\n<p>En 2020 d\u00e9j\u00e0, lors de la derni\u00e8re campagne municipale, plusieurs propositions avaient \u00e9t\u00e9 formul\u00e9es par diff\u00e9rents candidats pour repenser cette place embl\u00e9matique, en tenant compte de cette difficult\u00e9. Depuis, les id\u00e9es m\u00eame les plus s\u00e9rieuses ont \u00e9t\u00e9 remis\u00e9es au placard.<\/p>\n<p>Ce qui est frappant dans le projet de 2025, c\u2019est le manque d\u2019imagination. Une incapacit\u00e9 \u00e0 rechercher des alternatives innovantes, solides et coh\u00e9rentes.<\/p>\n<p><strong>Des t\u00e9moignages accablants<\/strong><\/p>\n<p>\u00ab\u00a0Il doit faire au moins 40\u00b0C sous l\u2019\u0153uvre. Je pense qu\u2019on a aussi chaud que le Roi Soleil !\u00a0\u00bb<br \/>Les retours sont unanimes : la structure ne remplit pas sa promesse de confort climatique.\u2028D\u2019o\u00f9 qu\u2019elles proviennent, les mesures de temp\u00e9rature ne sont gu\u00e8re convaincantes : il fait toujours pr\u00e8s de 45\u00b0C sous les voiles en pleine apr\u00e8s-midi, contre une version plus rafra\u00eechissante sous les arbres qui se trouvent sur le c\u00f4t\u00e9.<\/p>\n<p>\u2028Pr\u00e9sent\u00e9e comme \u00ab\u00a0douce\u00a0\u00bb et \u00ab\u00a0verte\u00a0\u00bb, l\u2019ombri\u00e8re repose \u00e9galement sur d\u2019immenses poutres en bois et de gros blocs de b\u00e9ton fix\u00e9s au sol. Quelle est l\u2019empreinte carbone r\u00e9elle de cette installation ? Combien de mat\u00e9riaux extraits, transform\u00e9s, achemin\u00e9s, mont\u00e9s\u2026 pour aboutir \u00e0 une structure qui chauffe plus qu\u2019elle ne prot\u00e8ge ?<\/p>\n<p>Ce projet est finalement r\u00e9v\u00e9lateur d\u2019un aveuglement id\u00e9ologique qui gagne du terrain \u00e0 Lyon.\u2028On commence par nier les contraintes existantes, on maquille ensuite l\u2019\u00e9chec d\u2019un am\u00e9nagement urbain en projet artistique, et on refuse d\u2019\u00e9couter ceux qui vivent r\u00e9ellement la ville.<\/p>\n<p>R\u00e9sultat ? Une esth\u00e9tique douteuse, d\u00e9connect\u00e9e des usages, qui ressemblerait davantage \u00e0 une ZAD ou \u00e0 un village de festivaliers, qu\u2019\u00e0 un monument du patrimoine historique. Sans oublier qu\u2019on n\u2019y trouve ni ombre, ni fra\u00eecheur, ni convivialit\u00e9.<\/p>\n<p>Le temps nous dira si l\u2019histoire de Lyon retiendra cette oeuvre d\u2019art comme une transformation durable de la physionomie de la ville, ou si elle sera juste un \u00e9pisode rat\u00e9 et passager.\u00a0<\/p>\n<p><strong>En attendant, si on revenait \u00e0 l\u2019essentiel ?<\/strong><\/p>\n<p>Oui, il faut v\u00e9g\u00e9taliser.\u2028Oui, il faut rafra\u00eechir nos places, r\u00e9inventer nos usages, mieux vivre la ville.\u2028Mais cela ne se fait ni contre les habitants, ni sans eux, ni surtout en d\u00e9pit du bon sens. Lyon m\u00e9rite mieux qu\u2019un simulacre de verdure \u00e0 1,6 million d\u2019euros.<\/p>\n<p>\u2028Alors, osons un nouveau cap.<\/p>\n<p>A l\u2019attention de nos \u00e9lus d\u2019aujourd\u2019hui ou de demain, je propose d\u2019\u00e9tablir un cahier des charges simple et clair :<br \/>-Des solutions techniques pour verdir et rafraichir, sans planter en pleine terre.\u00a0<br \/>-Pr\u00e9server l\u2019identit\u00e9 de cette place historique et majestueuse, lieu de rdv des Lyonnais depuis plusieurs g\u00e9n\u00e9rations.\u00a0<br \/>-Renforcer les espaces pour s\u2019asseoir et se reposer, et la pr\u00e9sence de verdure.<\/p>\n<p>\u2028Imaginons un appel \u00e0 projets ambitieux, avec des architectes, des paysagistes, des urbanistes, des habitants, des experts du climat urbain et des sp\u00e9cialistes d\u2019art public. Mettons en place un jury d\u2019experts ind\u00e9pendants pour \u00e9valuer les projets. S\u00e9lectionnons 10 projets. Pr\u00e9sentons-les aux Lyonnais, en leur donnant le temps de les d\u00e9couvrir.<\/p>\n<p>Et laissons-les voter largement, par voie \u00e9lectronique, pour le projet de leur choix : laissons-les choisir et r\u00eaver leur ville.<\/p>\n<p><strong>Cette carte postale s\u2019adresse \u00e0 tous les candidats \u00e0 la Ville et \u00e0 la M\u00e9tropole<\/strong><\/p>\n<p>On ne refait pas une ville avec un catalogue de mobilier urbain. On la pense avec ses usagers.\u2028<\/p>\n<p>La Place Bellecour m\u00e9rite mieux que des voilages chauffants et des bancs br\u00fblants.\u2028 Elle m\u00e9rite un am\u00e9nagement \u00e0 la hauteur de ce qu\u2019elle repr\u00e9sente pour les Lyonnais, les grands Lyonnais, les visiteurs.<\/p>\n<p>Une place publique unique, qui n\u2019est pas un d\u00e9cor, mais\u00a0<strong>un lieu de vie, d\u2019histoire, de m\u00e9moire, de passage, de repos, de contemplation<\/strong>.\u2028 Rendons lui sa majest\u00e9 et sa fiert\u00e9 collective.<\/p>\n<p>Osons faire le pari de l\u2019innovation dans une ville o\u00f9 les expertises ne manquent pas. Lyon m\u00e9rite mieux que des effets d\u2019annonce, des crispations, et des coups de chaleur inutiles. Une vision, de l\u2019ambition et du pragmatisme dans la conduite des projets.<\/p>\n<p>Du haut de son socle, je me demande ce que la statue du roi soleil sur son cheval en penserait\u2026<\/p>\n<p><strong>Alexandra Carraz-Ceselli<\/strong><\/p>\n<p><strong>Professionnelle des m\u00e9dias et des politiques publiques, Fondatrice de L\u2019\u00c9quipe des Lyonnes et du Lab\u2019 des id\u00e9es publiques<\/strong><\/p>\n","protected":false},"excerpt":{"rendered":"C\u2019est ce que les Lyonnais d\u00e9couvrent depuis quelques semaines. Le projet a \u00e9t\u00e9 imagin\u00e9 par la mairie de&hellip;\n","protected":false},"author":2,"featured_media":232049,"comment_status":"","ping_status":"","sticky":false,"template":"","format":"standard","meta":{"footnotes":""},"categories":[1889],"tags":[1111,11,2813,2190,2430,1109,251,1112,2811,1777,674,118,1011,27,1922,1110,1114,2428,2810,12,241,316,25,2812,517,800],"class_list":{"0":"post-232048","1":"post","2":"type-post","3":"status-publish","4":"format-standard","5":"has-post-thumbnail","7":"category-lyon","8":"tag-actu","9":"tag-actualites","10":"tag-article","11":"tag-asvel","12":"tag-auvergne-rhone-alpes","13":"tag-breves","14":"tag-culture","15":"tag-depeches","16":"tag-economique","17":"tag-eu","18":"tag-europe","19":"tag-faits-divers","20":"tag-fr","21":"tag-france","22":"tag-info","23":"tag-informations","24":"tag-infos","25":"tag-lyon","26":"tag-lyonmag","27":"tag-news","28":"tag-ol","29":"tag-politique","30":"tag-republique-francaise","31":"tag-sociale","32":"tag-sport","33":"tag-transports"},"share_on_mastodon":{"url":"https:\/\/pubeurope.com\/@fr\/114810570922100671","error":""},"_links":{"self":[{"href":"https:\/\/www.europesays.com\/fr\/wp-json\/wp\/v2\/posts\/232048","targetHints":{"allow":["GET"]}}],"collection":[{"href":"https:\/\/www.europesays.com\/fr\/wp-json\/wp\/v2\/posts"}],"about":[{"href":"https:\/\/www.europesays.com\/fr\/wp-json\/wp\/v2\/types\/post"}],"author":[{"embeddable":true,"href":"https:\/\/www.europesays.com\/fr\/wp-json\/wp\/v2\/users\/2"}],"replies":[{"embeddable":true,"href":"https:\/\/www.europesays.com\/fr\/wp-json\/wp\/v2\/comments?post=232048"}],"version-history":[{"count":0,"href":"https:\/\/www.europesays.com\/fr\/wp-json\/wp\/v2\/posts\/232048\/revisions"}],"wp:featuredmedia":[{"embeddable":true,"href":"https:\/\/www.europesays.com\/fr\/wp-json\/wp\/v2\/media\/232049"}],"wp:attachment":[{"href":"https:\/\/www.europesays.com\/fr\/wp-json\/wp\/v2\/media?parent=232048"}],"wp:term":[{"taxonomy":"category","embeddable":true,"href":"https:\/\/www.europesays.com\/fr\/wp-json\/wp\/v2\/categories?post=232048"},{"taxonomy":"post_tag","embeddable":true,"href":"https:\/\/www.europesays.com\/fr\/wp-json\/wp\/v2\/tags?post=232048"}],"curies":[{"name":"wp","href":"https:\/\/api.w.org\/{rel}","templated":true}]}}