{"id":232056,"date":"2025-07-07T06:40:09","date_gmt":"2025-07-07T06:40:09","guid":{"rendered":"https:\/\/www.europesays.com\/fr\/232056\/"},"modified":"2025-07-07T06:40:09","modified_gmt":"2025-07-07T06:40:09","slug":"cinq-mois-apres-ou-en-sont-les-travaux","status":"publish","type":"post","link":"https:\/\/www.europesays.com\/fr\/232056\/","title":{"rendered":"cinq mois apr\u00e8s, o\u00f9 en sont les travaux\u00a0?"},"content":{"rendered":"<p>            Par<br \/>\n        <strong><br \/>\n            <a href=\"https:\/\/actu.fr\/auteur\/emilie-salabelle\" title=\"Consulter tous les articles de Emilie Salabelle\" rel=\"nofollow noopener\" target=\"_blank\">Emilie Salabelle<\/a><br \/>\n        <\/strong><\/p>\n<p>        Publi\u00e9 le<\/p>\n<p>            7 juil. 2025 \u00e0 6h28        <\/p>\n<p>Son <strong>campanile en flammes<\/strong> avait \u00e9t\u00e9 immortalis\u00e9 par des riverains choqu\u00e9s, r\u00e9veill\u00e9s par la fournaise en pleine nuit, le 27\u00a0janvier 2025. Plus de cinq mois apr\u00e8s le <a href=\"https:\/\/actu.fr\/ile-de-france\/paris_75056\/paris-la-mairie-du-12e-ravagee-par-un-violent-incendie-le-quartier-boucle_62169787.html\" rel=\"nofollow noopener\" target=\"_blank\">violent incendie<\/a> qui l\u2019avait ravag\u00e9e en partie, la<strong><a href=\"https:\/\/actu.fr\/ile-de-france\/paris_75056\/paris-deux-mois-apres-l-incendie-de-sa-mairie-le-12e-arrondissement-peut-enfin-percevoir-les-dons-recus_62497450.html\" rel=\"nofollow noopener\" target=\"_blank\"> mairie du 12e arrondissement<\/a><\/strong> de <a href=\"https:\/\/actu.fr\/paris\/\" rel=\"nofollow noopener\" target=\"_blank\">Paris<\/a> est toujours ferm\u00e9e au public. Les services municipaux ont d\u00fb s\u2019adapter. Les travaux sont en cours sur les lieux sinistr\u00e9s. On fait le point avec la <a href=\"https:\/\/actu.fr\/ile-de-france\/paris_75056\/anne-hidalgo-cede-le-12eme-arrondissement-de-paris-aux-ecologistes_34698317.html\" rel=\"nofollow noopener\" target=\"_blank\">maire (\u00c9cologiste) d\u2019arrondissement <\/a>Emmanuelle Pierre-Marie.<\/p>\n<p>Les services municipaux de retour dans le 12e<\/p>\n<p class=\" wall-content\">La mairie, qui abrite le <strong>plus gros service d\u2019\u00e9tat civil<\/strong> de Paris, a d\u00fb se r\u00e9organiser en urgence, retrace l\u2019\u00e9dile. \u00ab\u2009On s\u2019est retrouv\u00e9 avec des d\u00e9partements \u00e9clat\u00e9s en sept morceaux un peu partout. Mais tous les services sont \u00e0 nouveau r\u00e9unis dans le 12e\u2009\u00bb, se f\u00e9licitait-elle aupr\u00e8s d\u2019actu Paris, lors de l\u2019inauguration du <a href=\"https:\/\/actu.fr\/ile-de-france\/paris_75056\/guinguette-ressourcerie-tout-savoir-sur-le-tiers-lieu-qui-remplace-bercy-beaucoup-a-paris_62802952.html\" rel=\"nofollow noopener\" target=\"_blank\">tiers-lieu Bercy Encore<\/a>, fin juin\u00a02025.<\/p>\n<p class=\" wall-content\">C\u2019est d\u00e9sormais dans une ancienne \u00e9cole du quartier de Bercy, le<strong> site Gabriel-Lam\u00e9<\/strong>, que les habitants peuvent se rendre pour retrouver tous les services concernant le public\u2009: l\u2019accueil g\u00e9n\u00e9ral, l\u2019\u00e9tat civil, le relais information familles, les d\u00e9marches mariages, les informations logement et habitats, les affaires g\u00e9n\u00e9rales, le service des \u00e9lections et du recensement, ainsi que la caisse des \u00e9coles pour les inscriptions \u00e0 la cantine.<\/p>\n<p class=\" wall-content\">\n<p>Des travaux importants<\/p>\n<p class=\" wall-content\">Alors que des <a href=\"https:\/\/actu.fr\/ile-de-france\/paris_75056\/paris-du-plomb-decouvert-apres-l-incendie-de-la-mairie-du-12e-arrondissement-quels-risques-pour-la-sante_62228576.html\" rel=\"nofollow noopener\" target=\"_blank\">taux de plomb sup\u00e9rieurs \u00e0 la normale<\/a> avaient \u00e9t\u00e9 relev\u00e9s quelques jours apr\u00e8s l\u2019incendie, les <strong>travaux de d\u00e9pollution<\/strong> de la mairie sont en cours. Ils doivent durer plusieurs semaines. Si l\u2019Agence r\u00e9gionale de sant\u00e9 donne son feu vert, le parvis devrait pouvoir rouvrir au public cet \u00e9t\u00e9.<\/p>\n<p class=\" wall-content\">\u00ab\u2009\u00c0 l\u2019int\u00e9rieur du b\u00e2timent, tout est s\u00e9curis\u00e9, pour l\u2019instant, on n\u2019est pas autoris\u00e9 \u00e0 y entrer\u2009\u00bb, d\u00e9veloppe la maire. Les r\u00e9seaux et la solidit\u00e9 des planchers sont scrut\u00e9s pour \u00e9valuer l\u2019\u00e9tendue des d\u00e9g\u00e2ts. Le bureau de l\u2019\u00e9dile fait partie des pi\u00e8ces les plus ab\u00eem\u00e9es, du fait de la forte quantit\u00e9 d\u2019eau lanc\u00e9e par les pompiers.<\/p>\n<p class=\" wall-content\">Mais la maire esp\u00e8re pouvoir rouvrir les portes de la mairie aux agents et au public avant la <strong>fin de l\u2019ann\u00e9e 2025.<\/strong> La remise \u00e0 neuf du beffroi en revanche, prendra beaucoup plus de temps\u2009: il faudra au moins compter trois ans pour entendre les cloches y carillonner \u00e0 nouveau.<\/p>\n<p class=\" wall-content\">Suivez toute l\u2019actualit\u00e9 de vos villes et m\u00e9dias favoris en vous inscrivant \u00e0 <a href=\"https:\/\/moncompte.actu.fr\" title=\"D\u00e9couvez Mon Actu\" rel=\"nofollow noopener\" data-trk=\"{&quot;cta&quot;:{&quot;action&quot;:&quot;https:\\\/\\\/moncompte.actu.fr&quot;,&quot;category&quot;:&quot;mon compte&quot;,&quot;from&quot;:&quot;article footer&quot;,&quot;name&quot;:&quot;Mon actu&quot;,&quot;type&quot;:&quot;cta&quot;}}\" target=\"_blank\">Mon Actu<\/a>.<\/p>\n<ul class=\"ac-article-tag wall-content\">\n<li><a href=\"https:\/\/actu.fr\/tag\/incendie\" data-trk=\"{&quot;cta&quot;:{&quot;action&quot;:&quot;Incendie&quot;,&quot;category&quot;:&quot;tag&quot;,&quot;from&quot;:&quot;article footer&quot;,&quot;name&quot;:&quot;Incendie&quot;,&quot;type&quot;:&quot;cta&quot;}}\" rel=\"nofollow noopener\" target=\"_blank\">#Incendie<\/a><\/li>\n<li><a href=\"https:\/\/actu.fr\/tag\/mairie-de-paris\" data-trk=\"{&quot;cta&quot;:{&quot;action&quot;:&quot;Mairie de Paris&quot;,&quot;category&quot;:&quot;tag&quot;,&quot;from&quot;:&quot;article footer&quot;,&quot;name&quot;:&quot;Mairie de Paris&quot;,&quot;type&quot;:&quot;cta&quot;}}\" rel=\"nofollow noopener\" target=\"_blank\">#Mairie de Paris<\/a><\/li>\n<\/ul>\n","protected":false},"excerpt":{"rendered":"Par Emilie Salabelle Publi\u00e9 le 7 juil. 2025 \u00e0 6h28 Son campanile en flammes avait \u00e9t\u00e9 immortalis\u00e9 par&hellip;\n","protected":false},"author":2,"featured_media":232057,"comment_status":"","ping_status":"","sticky":false,"template":"","format":"standard","meta":{"footnotes":""},"categories":[1888],"tags":[1111,1928,11,1927,1777,674,1011,27,1310,2381,12,1926,626,1925,25,104],"class_list":{"0":"post-232056","1":"post","2":"type-post","3":"status-publish","4":"format-standard","5":"has-post-thumbnail","7":"category-paris","8":"tag-actu","9":"tag-actu-paris","10":"tag-actualites","11":"tag-actualites-paris","12":"tag-eu","13":"tag-europe","14":"tag-fr","15":"tag-france","16":"tag-incendie","17":"tag-mairie-de-paris","18":"tag-news","19":"tag-news-paris","20":"tag-paris","21":"tag-paris-news","22":"tag-republique-francaise","23":"tag-societe"},"share_on_mastodon":{"url":"https:\/\/pubeurope.com\/@fr\/114810586669507948","error":""},"_links":{"self":[{"href":"https:\/\/www.europesays.com\/fr\/wp-json\/wp\/v2\/posts\/232056","targetHints":{"allow":["GET"]}}],"collection":[{"href":"https:\/\/www.europesays.com\/fr\/wp-json\/wp\/v2\/posts"}],"about":[{"href":"https:\/\/www.europesays.com\/fr\/wp-json\/wp\/v2\/types\/post"}],"author":[{"embeddable":true,"href":"https:\/\/www.europesays.com\/fr\/wp-json\/wp\/v2\/users\/2"}],"replies":[{"embeddable":true,"href":"https:\/\/www.europesays.com\/fr\/wp-json\/wp\/v2\/comments?post=232056"}],"version-history":[{"count":0,"href":"https:\/\/www.europesays.com\/fr\/wp-json\/wp\/v2\/posts\/232056\/revisions"}],"wp:featuredmedia":[{"embeddable":true,"href":"https:\/\/www.europesays.com\/fr\/wp-json\/wp\/v2\/media\/232057"}],"wp:attachment":[{"href":"https:\/\/www.europesays.com\/fr\/wp-json\/wp\/v2\/media?parent=232056"}],"wp:term":[{"taxonomy":"category","embeddable":true,"href":"https:\/\/www.europesays.com\/fr\/wp-json\/wp\/v2\/categories?post=232056"},{"taxonomy":"post_tag","embeddable":true,"href":"https:\/\/www.europesays.com\/fr\/wp-json\/wp\/v2\/tags?post=232056"}],"curies":[{"name":"wp","href":"https:\/\/api.w.org\/{rel}","templated":true}]}}