{"id":232068,"date":"2025-07-07T06:46:16","date_gmt":"2025-07-07T06:46:16","guid":{"rendered":"https:\/\/www.europesays.com\/fr\/232068\/"},"modified":"2025-07-07T06:46:16","modified_gmt":"2025-07-07T06:46:16","slug":"brand-usa-mise-sur-les-temps-forts-de-2026","status":"publish","type":"post","link":"https:\/\/www.europesays.com\/fr\/232068\/","title":{"rendered":"Brand USA mise sur les temps forts de 2026 !"},"content":{"rendered":"<p>\t\t\t\t\t C&rsquo;est un lieu marqu\u00e9 par l&rsquo;amiti\u00e9 franco-am\u00e9ricaine qu&rsquo;avait choisi <b>Brand USA<\/b> pour sa soir\u00e9e organis\u00e9e \u00e0 Paris \u00e0 l&rsquo;occasion du 249e anniversaire de l\u2019Ind\u00e9pendance am\u00e9ricaine. Pour les remercier de \u00ab\u00a0continuer \u00e0 faire vivre le r\u00eave am\u00e9ricain\u00a0\u00bb, <b>l\u2019organisme officiel de promotion touristique des Etats-Unis avait en effet convi\u00e9 Agences de voyages, TO, compagnies a\u00e9riennes et journalistes \u00e0 se retrouver, jeudi 3 juillet 2025, \u00e0 l&rsquo;h\u00f4tel Le Marois, avenue Franklin Roosevelt \u00e0 Paris. <\/b><\/p>\n<p>Cet h\u00f4tel particulier, propri\u00e9t\u00e9 de la famille Le Marois jusqu\u2019en 1927, avait alors \u00e9t\u00e9 c\u00e9d\u00e9 \u00e0 l\u2019Association France-Am\u00e9riques, fond\u00e9e en 1909 par le diplomate et acad\u00e9micien fran\u00e7ais <a class=\"liens\" href=\"https:\/\/fr.wikipedia.org\/wiki\/Gabriel_Hanotaux\" target=\"_blank\" rel=\"noopener\">Gabriel Hanotaux<\/a> dans le but de promouvoir les relations entre la France et le continent am\u00e9ricain. Il demeure \u00e0 ce jour le point de rencontre privil\u00e9gi\u00e9 des \u00e9lites franco-am\u00e9ricaines du monde de la diplomatie, des affaires, de la finance et de la culture.&#13;\t\t\t\t\t <\/p>\n<p><b>La nouvelle pr\u00e9sidence Trump suscite, en France, plus que des r\u00e9ticences vis \u00e0 vis des Etats-Unis et ces r\u00e9ticences p\u00e8sent sur les r\u00e9servations chez les TO<\/b>. La soir\u00e9e a donc \u00e9t\u00e9 l&rsquo;occasion de faire le point. \u00ab\u00a0La France reste notre septi\u00e8me march\u00e9 \u00e9tranger, avec 632 866 visiteurs sur la destination depuis le d\u00e9but de l&rsquo;ann\u00e9e\u00a0\u00bb, a assur\u00e9 \u00e0 TourMaG <a class=\"liens\" href=\"https:\/\/www.thebrandusa.com\/users\/jackieennis\" target=\"_blank\" rel=\"noopener\">Jackie Ennis<\/a>, vice-pr\u00e9sidente qui, en charge du D\u00e9veloppement du commerce mondial chez Brand USA, \u00e9tait venue sp\u00e9cialement de  Washington, pour cette soir\u00e9e. &#13;\t\t\t\t\t <\/p>\n<p><b>Lire aussi :<\/b> <a class=\"liens\" href=\"https:\/\/www.tourmag.com\/Voyage-Etats-Unis-le-boycott-resistera-t-il-a-la-baisse-des-prix-ABO_a127727.html\" target=\"_blank\" rel=\"noopener\">Le boycott des Etats-Unis r\u00e9sistera-t-il \u00e0 la baisse des prix ?<\/a>&#13;\t\t\t\t\t <\/p>\n<p>\u00ab\u00a0Bien s\u00fbr, nous vivons une p\u00e9riode compliqu\u00e9e\u00a0\u00bb, est-elle convenue. Bien qu&rsquo;il reste en hausse de 7,45 % par rapport \u00e0 2023, le nombre de visiteurs fran\u00e7ais aux Etats-Unis a en effet enregistr\u00e9 une <b>baisse de 8,42 % depuis le d\u00e9but de l&rsquo;ann\u00e9e, <\/b>par rapport \u00e0 2024. &#13;\t\t\t\t\t <\/p>\n<p>Cependant, <b>selon une r\u00e9cente \u00e9tude men\u00e9e par Brand USA, les Etats-Unis restent la premi\u00e8re destination envisag\u00e9e par les voyageurs internationaux pour les douze mois \u00e0 venir. Et l&rsquo;intention de voyager progresse sur des march\u00e9s comme le Japon, la France, la Cor\u00e9e du sud ou le Canada&#8230; <\/b>&#13;\t\t\t\t\t <\/p>\n<p><b>Dans le contexte d&rsquo;incertitude suscit\u00e9 par les politiques du pr\u00e9sident Trump, l&rsquo;euro s&rsquo;est appr\u00e9ci\u00e9 de mani\u00e8re significative face au dollar, rendant les voyages aux Etats-Unis un peu moins on\u00e9reux  pour les Fran\u00e7ais<\/b>. &#13;\t\t\t\t\t <\/p>\n<p>\u00ab\u00a0Une vraie opportunit\u00e9\u00a0\u00bb, selon Jackie Ennis, ravie qu&rsquo;<b>apr\u00e8s avoir d\u00e9couvert les grandes villes am\u00e9ricaines -New-York, Miami, Los Angeles, Las Vegas&#8230;-, les Fran\u00e7ais manifestent maintenant de la curiosit\u00e9 pour des r\u00e9gions moins connues comme la Nouvelle Angleterre, les Montagneuses rocheuses ou le Texas&#8230; <\/b>&#13;\t\t\t\t\t <\/p>\n<p>Si beaucoup de Fran\u00e7ais n&rsquo;h\u00e9sitent pas \u00e0 visiter seuls les grandes villes, en revanche, insiste Jackie Ennis, \u00ab\u00a0pour r\u00e9aliser des circuits \u00e0 travers les Etats-Unis, l&rsquo;exp\u00e9rience des TO et des agences de voyages restent des \u00e9l\u00e9ments extr\u00eamement importants\u00a0\u00bb.\n\t\t\t\t <\/p>\n","protected":false},"excerpt":{"rendered":"C&rsquo;est un lieu marqu\u00e9 par l&rsquo;amiti\u00e9 franco-am\u00e9ricaine qu&rsquo;avait choisi Brand USA pour sa soir\u00e9e organis\u00e9e \u00e0 Paris \u00e0&hellip;\n","protected":false},"author":2,"featured_media":232069,"comment_status":"","ping_status":"","sticky":false,"template":"","format":"standard","meta":{"footnotes":""},"categories":[1589],"tags":[11,3929,73,1866,12,1864,1865,1863,308],"class_list":{"0":"post-232068","1":"post","2":"type-post","3":"status-publish","4":"format-standard","5":"has-post-thumbnail","7":"category-etats-unis","8":"tag-actualites","9":"tag-brand-usa","10":"tag-etats-unis","11":"tag-etats-unis-damerique","12":"tag-news","13":"tag-united-states","14":"tag-united-states-of-america","15":"tag-us","16":"tag-usa"},"share_on_mastodon":{"url":"https:\/\/pubeurope.com\/@fr\/114810610284347353","error":""},"_links":{"self":[{"href":"https:\/\/www.europesays.com\/fr\/wp-json\/wp\/v2\/posts\/232068","targetHints":{"allow":["GET"]}}],"collection":[{"href":"https:\/\/www.europesays.com\/fr\/wp-json\/wp\/v2\/posts"}],"about":[{"href":"https:\/\/www.europesays.com\/fr\/wp-json\/wp\/v2\/types\/post"}],"author":[{"embeddable":true,"href":"https:\/\/www.europesays.com\/fr\/wp-json\/wp\/v2\/users\/2"}],"replies":[{"embeddable":true,"href":"https:\/\/www.europesays.com\/fr\/wp-json\/wp\/v2\/comments?post=232068"}],"version-history":[{"count":0,"href":"https:\/\/www.europesays.com\/fr\/wp-json\/wp\/v2\/posts\/232068\/revisions"}],"wp:featuredmedia":[{"embeddable":true,"href":"https:\/\/www.europesays.com\/fr\/wp-json\/wp\/v2\/media\/232069"}],"wp:attachment":[{"href":"https:\/\/www.europesays.com\/fr\/wp-json\/wp\/v2\/media?parent=232068"}],"wp:term":[{"taxonomy":"category","embeddable":true,"href":"https:\/\/www.europesays.com\/fr\/wp-json\/wp\/v2\/categories?post=232068"},{"taxonomy":"post_tag","embeddable":true,"href":"https:\/\/www.europesays.com\/fr\/wp-json\/wp\/v2\/tags?post=232068"}],"curies":[{"name":"wp","href":"https:\/\/api.w.org\/{rel}","templated":true}]}}