{"id":23207,"date":"2025-04-13T22:42:08","date_gmt":"2025-04-13T22:42:08","guid":{"rendered":"https:\/\/www.europesays.com\/fr\/23207\/"},"modified":"2025-04-13T22:42:08","modified_gmt":"2025-04-13T22:42:08","slug":"elsa-bois-revient-sur-la-vague-de-haine-quelle-a-subie-apres-sa-rupture","status":"publish","type":"post","link":"https:\/\/www.europesays.com\/fr\/23207\/","title":{"rendered":"Elsa Bois revient sur la vague de haine qu\u2019elle a subie apr\u00e8s sa rupture"},"content":{"rendered":"<p>    Elsa Bois dans \u00ab50\u2019Inside\u00bb<br \/>\n                Capture d&rsquo;\u00e9cran<\/p>\n<p>La danseuse de 24 ans, quintuple championne du monde de danse latine, est connue du grand public par sa participation \u00e0 \u00abDanse avec les stars\u00bb. Mais \u00e9galement pour son histoire d\u2019amour avec le streamer Michou, qui s\u2019est termin\u00e9e en d\u00e9but d\u2019ann\u00e9e.<\/p>\n<p class=\"fig-paragraph\">Quatre ans qu\u2019<a href=\"http:\/\/tvmag.lefigaro.fr\/programme-tv\/actu-tele\/danse-avec-les-stars-elsa-bois-cyberharcelee-depuis-sa-rupture-avec-michou-tf1-prend-une-decision-radicale-20250222\" target=\"_blank\" data-fig-type=\"Article\" rel=\"noopener\" data-gtm-custom-categorie=\"navigation\" data-gtm-custom-action=\"crossclick\" data-gtm-custom-label=\"Contextuel\" data-gtm-event=\"customEventSPE\" data-fig-domain=\"TVMAG\"><strong>Elsa Bois<\/strong><\/a> \u00a0s\u2019est d\u00e9voil\u00e9e en tant que danseuse aux t\u00e9l\u00e9spectateurs fran\u00e7ais. Et si sa m\u00e9diatisation s\u2019est emball\u00e9e d\u00e8s la premi\u00e8re saison de \u00abDanse avec les stars\u00bb o\u00f9 elle est arriv\u00e9e jusqu\u2019en finale aux c\u00f4t\u00e9s du streamer et vid\u00e9aste Michou, la jeune femme de 24 ans &#8211; cinq fois championne du monde de danse latine &#8211; a continu\u00e9 de briller sur le parquet saison apr\u00e8s saison.<\/p>\n<p class=\"fig-paragraph\">\u00abJe me suis lanc\u00e9e dans le programme sans trop savoir ce qui pouvait m\u2019arriver, [&#8230;] et l\u2019exposition et les opportunit\u00e9s de travail qui en ont r\u00e9sult\u00e9 ont \u00e9t\u00e9 un vrai chamboulement\u00bb, reconna\u00eet Elsa Bois face \u00e0\u00a0<a href=\"http:\/\/tvmag.lefigaro.fr\/programme-tv\/actu-tele\/craquante-sympa-douee-jacques-legros-adoube-deja-isabelle-ithurburu-futur-joker-de-tf1-20250330\" data-fig-type=\"Article\" data-gtm-custom-categorie=\"navigation\" data-gtm-custom-action=\"crossclick\" data-gtm-custom-label=\"Contextuel\" data-gtm-event=\"customEventSPE\" data-fig-domain=\"TVMAG\" target=\"_blank\" rel=\"noopener\">Isabelle Ithurburu<\/a>\u00a0dans le portrait de la semaine de \u00ab50\u2019Inside\u00bb. Si toute cette aventure lui a permis de prendre \u00abconfiance en soi\u00bb mais aussi \u00abd\u2019\u00e9voluer en tant que femme\u00bb.\u00a0<\/p>\n<p class=\"fig-body-link\">\n            \u00c0 lire aussi<br \/>\n        <a class=\"fig-body-link__link\" href=\"http:\/\/tvmag.lefigaro.fr\/programme-tv\/actu-tele\/danse-avec-les-stars-florent-manaudou-et-elsa-bois-se-sont-ils-embrasses-en-direct-20250405\" target=\"_blank\" data-fig-type=\"Article\" rel=\"noopener\" data-gtm-custom-categorie=\"navigation\" data-gtm-custom-action=\"crossclick\" data-gtm-custom-label=\"Contextuel\" data-gtm-event=\"customEventSPE\" data-fig-domain=\"TVMAG\">\u00abDanse avec les stars\u00bb\u00a0: Florent Manaudou et Elsa Bois se sont-ils embrass\u00e9s en direct sur TF1\u00a0?<br \/>\n    <\/a>\n<\/p>\n<p class=\"fig-paragraph\">\u00abJe n\u2019\u00e9tais pas du tout pr\u00e9par\u00e9e \u00e0 ce qui vient avec. Je suis arriv\u00e9e l\u00e0 pour mettre en valeur quelqu\u2019un d\u2019autre et j\u2019ai eu beaucoup de lumi\u00e8res sur moi d\u2019un seul coup\u00bb, explique-t-elle en ajoutant\u00a0: \u00abC\u2019est tr\u00e8s particulier. Tout le monde commence \u00e0 avoir un avis sur ma vie, mon travail. C\u2019est ce que j\u2019aime parce que j\u2019ai plein de retours diff\u00e9rents, autant positifs que n\u00e9gatifs, qui m\u2019aident \u00e0 me construire. Mais quand \u00e7a commence \u00e0 toucher \u00e0 la vie plus personnelle, c\u2019est plus difficile parce qu\u2019on a l\u2019impression d\u2019\u00eatre jug\u00e9 sur notre valeur en tant que personne.\u00bb Et si Elsa Bois explique avoir r\u00e9ussi \u00e0 se d\u00e9tacher de cette surexposition durant les trois premi\u00e8res ann\u00e9es, sa quatri\u00e8me participation \u00e0 \u00abDanse avec les stars\u00bb ne s\u2019est pas pass\u00e9e comme pr\u00e9vu.<\/p>\n<p class=\"fig-paragraph\">Dans le m\u00eame temps que le lancement de l\u2019\u00e9dition 2025 du programme, la danseuse a annonc\u00e9\u00a0<a href=\"http:\/\/tvmag.lefigaro.fr\/programme-tv\/actu-tele\/rumeurs-autour-de-florent-manaudou-et-reseaux-sociaux-michou-s-explique-sur-sa-separation-avec-elsa-bois-20250218\" target=\"_blank\" data-fig-type=\"Article\" rel=\"noopener\" data-gtm-custom-categorie=\"navigation\" data-gtm-custom-action=\"crossclick\" data-gtm-custom-label=\"Contextuel\" data-gtm-event=\"customEventSPE\" data-fig-domain=\"TVMAG\">sa rupture avec Michou<\/a>, avec qui elle vivait une histoire d\u2019amour depuis leur rencontre sur le parquet de \u00abDALS\u00bb. \u00abAvec ce d\u00e9but de saison, il y a beaucoup de choses qui sont arriv\u00e9es d\u2019un seul coup\u00bb, constate la jeune femme qui a v\u00e9cu une vague de haine sur les r\u00e9seaux sociaux suite au partage de cette nouvelle. \u00ab\u00c7a fait un peu peur parfois\u00bb, d\u00e9plore-t-elle avant de reprendre\u00a0: \u00abJe pense qu\u2019on peut parler de harc\u00e8lement. Les gens ne se rendent pas forc\u00e9ment compte. Ils se disent que c\u2019est un message mais quand c\u2019est 2, 3, 4, 5, 100, 1000 \u00e7a prend beaucoup de proportions.\u00bb\u00a0<\/p>\n<p class=\"fig-paragraph\">Au-del\u00e0 de ne pas plaire \u00e0 tout le monde, Elsa Bois a \u00e9t\u00e9 la cible de messages haineux voire de menaces. \u00abIl y en a toujours et il y en aura toujours parce qu\u2019on ne peut pas plaire \u00e0 tout le monde. Je pense que les gens ont besoin d\u2019avoir un avis, d\u2019\u00eatre pour ou contre, et parfois \u00e7a fait un peu peur\u00bb, explique celle qui d\u00e9clare se remettre souvent en question. \u00abIl y a beaucoup de messages qui sont tr\u00e8s durs. [&#8230;] Les gens voient ce qu\u2019il se passe sur les r\u00e9seaux ou \u00e0 la t\u00e9l\u00e9 mais ils ne peuvent pas comprendre\u00bb, affirme-t-elle tout en soulignant sa chance d\u2019\u00eatre tr\u00e8s bien entour\u00e9e par ses proches.<\/p>\n<p>\u00a0\u00bb<br \/>\n        data-script=\u00a0\u00bbhttps:\/\/static.lefigaro.fr\/widget-video\/short-ttl\/video\/index.js\u00a0\u00bb<br \/>\n    &gt;<\/p>\n","protected":false},"excerpt":{"rendered":"Elsa Bois dans \u00ab50\u2019Inside\u00bb Capture d&rsquo;\u00e9cran La danseuse de 24 ans, quintuple championne du monde de danse latine,&hellip;\n","protected":false},"author":2,"featured_media":23208,"comment_status":"","ping_status":"","sticky":false,"template":"","format":"standard","meta":{"footnotes":""},"categories":[1359],"tags":[497,496,499,194,58,59,1011,27,500,504,505,495,973,503,502,501,498],"class_list":{"0":"post-23207","1":"post","2":"type-post","3":"status-publish","4":"format-standard","5":"has-post-thumbnail","7":"category-people","8":"tag-actu-tv","9":"tag-actualite-tv","10":"tag-buzz-tv","11":"tag-danse-avec-les-stars","12":"tag-divertissement","13":"tag-entertainment","14":"tag-fr","15":"tag-france","16":"tag-medias","17":"tag-news-tele","18":"tag-news-television","19":"tag-news-tv","20":"tag-people","21":"tag-programme-tele","22":"tag-programme-tv","23":"tag-quiz-tv","24":"tag-tv-actu"},"share_on_mastodon":{"url":"https:\/\/pubeurope.com\/@fr\/114333073113899614","error":""},"_links":{"self":[{"href":"https:\/\/www.europesays.com\/fr\/wp-json\/wp\/v2\/posts\/23207","targetHints":{"allow":["GET"]}}],"collection":[{"href":"https:\/\/www.europesays.com\/fr\/wp-json\/wp\/v2\/posts"}],"about":[{"href":"https:\/\/www.europesays.com\/fr\/wp-json\/wp\/v2\/types\/post"}],"author":[{"embeddable":true,"href":"https:\/\/www.europesays.com\/fr\/wp-json\/wp\/v2\/users\/2"}],"replies":[{"embeddable":true,"href":"https:\/\/www.europesays.com\/fr\/wp-json\/wp\/v2\/comments?post=23207"}],"version-history":[{"count":0,"href":"https:\/\/www.europesays.com\/fr\/wp-json\/wp\/v2\/posts\/23207\/revisions"}],"wp:featuredmedia":[{"embeddable":true,"href":"https:\/\/www.europesays.com\/fr\/wp-json\/wp\/v2\/media\/23208"}],"wp:attachment":[{"href":"https:\/\/www.europesays.com\/fr\/wp-json\/wp\/v2\/media?parent=23207"}],"wp:term":[{"taxonomy":"category","embeddable":true,"href":"https:\/\/www.europesays.com\/fr\/wp-json\/wp\/v2\/categories?post=23207"},{"taxonomy":"post_tag","embeddable":true,"href":"https:\/\/www.europesays.com\/fr\/wp-json\/wp\/v2\/tags?post=23207"}],"curies":[{"name":"wp","href":"https:\/\/api.w.org\/{rel}","templated":true}]}}