{"id":232072,"date":"2025-07-07T06:48:28","date_gmt":"2025-07-07T06:48:28","guid":{"rendered":"https:\/\/www.europesays.com\/fr\/232072\/"},"modified":"2025-07-07T06:48:28","modified_gmt":"2025-07-07T06:48:28","slug":"lallemagne-envisage-dacheter-des-systemes-patriot-americains-pour-les-transferer-a-lukraine","status":"publish","type":"post","link":"https:\/\/www.europesays.com\/fr\/232072\/","title":{"rendered":"L&rsquo;Allemagne envisage d\u2019acheter des syst\u00e8mes Patriot am\u00e9ricains pour les transf\u00e9rer \u00e0 l\u2019Ukraine"},"content":{"rendered":"<p style=\"text-align:justify;\">AA \/ Berlin \/ Ayhan \u015eim\u015fek<\/p>\n<p style=\"text-align:justify;\">L\u2019Allemagne m\u00e8ne des discussions avec les \u00c9tats-Unis en vue d\u2019acheter des syst\u00e8mes de missiles Patriot pour les fournir \u00e0 l\u2019Ukraine, ont rapport\u00e9 plusieurs m\u00e9dias vendredi.<\/p>\n<p style=\"text-align:justify;\">Le quotidien Bild, premier \u00e0 avoir r\u00e9v\u00e9l\u00e9 l\u2019information, indique que le gouvernement allemand est intervenu apr\u00e8s la r\u00e9cente suspension par l\u2019administration Trump de certaines livraisons de munitions destin\u00e9es \u00e0 l\u2019Ukraine, y compris des syst\u00e8mes de d\u00e9fense a\u00e9rienne.<\/p>\n<p style=\"text-align:justify;\">Selon le journal, Berlin a soumis sa proposition \u00e0 l\u2019administration am\u00e9ricaine et attend d\u00e9sormais l\u2019aval du secr\u00e9taire \u00e0 la D\u00e9fense Pete Hegseth pour l\u2019achat de deux syst\u00e8mes Patriot, dont le financement serait assur\u00e9 par l\u2019Allemagne.<\/p>\n<p style=\"text-align:justify;\">Vendredi, le porte-parole du chancelier Friedrich Merz a confirm\u00e9 que des pourparlers \u00e9taient en cours sur ce sujet, tout en soulignant qu\u2019il ne s\u2019agissait que de l\u2019une des pistes envisag\u00e9es pour r\u00e9pondre aux besoins militaires de l\u2019Ukraine.<\/p>\n<p style=\"text-align:justify;\">Interrog\u00e9 \u00e0 ce sujet lors d\u2019un point presse \u00e0 Berlin, Stefan Kornelius a d\u00e9clar\u00e9 : \u00ab Il existe diff\u00e9rentes mani\u00e8res de combler ce manque de Patriot. Vous en avez cit\u00e9 une. Je peux confirmer que des discussions approfondies sont effectivement en cours. \u00bb<\/p>\n<p style=\"text-align:justify;\">Le porte-parole du minist\u00e8re de la D\u00e9fense, Mitko Muller, a pr\u00e9cis\u00e9 que l\u2019Allemagne discutait avec les \u00c9tats-Unis et ses alli\u00e9s pour aider l\u2019Ukraine \u00e0 conserver et \u00e0 renforcer sa d\u00e9fense a\u00e9rienne.<\/p>\n<p style=\"text-align:justify;\">\u00ab Le ministre de la D\u00e9fense, Boris Pistorius, se rendra \u00e0 Washington \u00e0 la mi-juillet pour discuter de ces questions avec son homologue. Ces sujets seront naturellement abord\u00e9s au cours de la visite \u00bb, a-t-il pr\u00e9cis\u00e9.<\/p>\n<p style=\"text-align:justify;\">* Traduit de l&rsquo;Anglais par Adama Bamba<\/p>\n<p>                            &#13;<br \/>\n                                <a href=\"https:\/\/www.aa.com.tr\/fr\/p\/abonnement\/1001\" target=\"_blank\" style=\"font-size:12px; color:#444; text-decoration:none;\" rel=\"nofollow noopener\">&#13;<br \/>\n                                    Seulement une partie des d\u00e9p\u00eaches, que l&rsquo;Agence Anadolu diffuse \u00e0 ses abonn\u00e9s via le Syst\u00e8me de Diffusion interne (HAS), est diffus\u00e9e sur le site de l&rsquo;AA, de mani\u00e8re r\u00e9sum\u00e9e. <b style=\"color:#1897F7\">Contactez-nous s&rsquo;il vous pla\u00eet pour vous abonner.<\/b>&#13;<br \/>\n                                <\/a>&#13;<\/p>\n","protected":false},"excerpt":{"rendered":"AA \/ Berlin \/ Ayhan \u015eim\u015fek L\u2019Allemagne m\u00e8ne des discussions avec les \u00c9tats-Unis en vue d\u2019acheter des syst\u00e8mes&hellip;\n","protected":false},"author":2,"featured_media":232073,"comment_status":"","ping_status":"","sticky":false,"template":"","format":"standard","meta":{"footnotes":""},"categories":[1587],"tags":[4295,11,672,1785,1804,1805,1803,1777,674,1801,12,1802,220],"class_list":{"0":"post-232072","1":"post","2":"type-post","3":"status-publish","4":"format-standard","5":"has-post-thumbnail","7":"category-allemagne","8":"tag-tats-unis","9":"tag-actualites","10":"tag-allemagne","11":"tag-anadolu-ajansi","12":"tag-bundesrepublik-deutschland","13":"tag-de","14":"tag-deutschland","15":"tag-eu","16":"tag-europe","17":"tag-germany","18":"tag-news","19":"tag-republique-federale-dallemagne","20":"tag-ukraine"},"share_on_mastodon":{"url":"https:\/\/pubeurope.com\/@fr\/114810618114128570","error":""},"_links":{"self":[{"href":"https:\/\/www.europesays.com\/fr\/wp-json\/wp\/v2\/posts\/232072","targetHints":{"allow":["GET"]}}],"collection":[{"href":"https:\/\/www.europesays.com\/fr\/wp-json\/wp\/v2\/posts"}],"about":[{"href":"https:\/\/www.europesays.com\/fr\/wp-json\/wp\/v2\/types\/post"}],"author":[{"embeddable":true,"href":"https:\/\/www.europesays.com\/fr\/wp-json\/wp\/v2\/users\/2"}],"replies":[{"embeddable":true,"href":"https:\/\/www.europesays.com\/fr\/wp-json\/wp\/v2\/comments?post=232072"}],"version-history":[{"count":0,"href":"https:\/\/www.europesays.com\/fr\/wp-json\/wp\/v2\/posts\/232072\/revisions"}],"wp:featuredmedia":[{"embeddable":true,"href":"https:\/\/www.europesays.com\/fr\/wp-json\/wp\/v2\/media\/232073"}],"wp:attachment":[{"href":"https:\/\/www.europesays.com\/fr\/wp-json\/wp\/v2\/media?parent=232072"}],"wp:term":[{"taxonomy":"category","embeddable":true,"href":"https:\/\/www.europesays.com\/fr\/wp-json\/wp\/v2\/categories?post=232072"},{"taxonomy":"post_tag","embeddable":true,"href":"https:\/\/www.europesays.com\/fr\/wp-json\/wp\/v2\/tags?post=232072"}],"curies":[{"name":"wp","href":"https:\/\/api.w.org\/{rel}","templated":true}]}}