{"id":232074,"date":"2025-07-07T06:49:12","date_gmt":"2025-07-07T06:49:12","guid":{"rendered":"https:\/\/www.europesays.com\/fr\/232074\/"},"modified":"2025-07-07T06:49:12","modified_gmt":"2025-07-07T06:49:12","slug":"des-temperatures-elevees-jusqua-cinq-mois-par-an-dans-certaines-villes-europeennes","status":"publish","type":"post","link":"https:\/\/www.europesays.com\/fr\/232074\/","title":{"rendered":"Des temp\u00e9ratures \u00e9lev\u00e9es jusqu&rsquo;\u00e0 cinq mois par an dans certaines villes europ\u00e9ennes"},"content":{"rendered":"<p>Alors que les temp\u00e9ratures mondiales continuent d&rsquo;augmenter, les villes europ\u00e9ennes subissent des chaleurs extr\u00eames bien plus longtemps que les mois d&rsquo;\u00e9t\u00e9 traditionnels.<\/p>\n<p>Selon une nouvelle \u00e9tude r\u00e9alis\u00e9e par Climate Resilience for All, certaines villes europ\u00e9ennes subissent d\u00e9sormais des temp\u00e9ratures \u00e9lev\u00e9es jusqu&rsquo;\u00e0 cinq mois par an.<\/p>\n<p>L&rsquo;analyse, men\u00e9e par l&rsquo;\u00e9quipe m\u00e9t\u00e9orologique de l&rsquo;ONG, a examin\u00e9 les donn\u00e9es relatives aux temp\u00e9ratures de 2019 \u00e0 2023 dans 85 villes du monde entier. Elle s&rsquo;est concentr\u00e9e sur le premier et le dernier jour o\u00f9 chaque ville a atteint 32\u00b0C, un seuil de chaleur extr\u00eame qui pose de s\u00e9rieux risques pour la sant\u00e9 et l&rsquo;environnement.<\/p>\n<p>Ils ont constat\u00e9 que les \u00ab\u00a0saisons de chaleur\u00a0\u00bb ne se limitent plus aux mois d&rsquo;\u00e9t\u00e9 et qu&rsquo;elles durent d\u00e9sormais beaucoup plus longtemps. En moyenne, l&rsquo;\u00e9quipe dirig\u00e9e par le climatologue Larry Kalkstein indique que les saisons de chaleur durent 214 jours dans les villes \u00e9tudi\u00e9es.<\/p>\n<p>Des journ\u00e9es extr\u00eamement chaudes se produisent \u00e0 n&rsquo;importe quel moment de l&rsquo;ann\u00e9e dans 20 des 85 villes.<\/p>\n<p>O\u00f9, en Europe, la saison des chaleurs dure-t-elle le plus longtemps ?<\/p>\n<p>En Europe, les saisons de chaleur s&rsquo;\u00e9tendent d\u00e9sormais bien au-del\u00e0 de ce qui \u00e9tait autrefois consid\u00e9r\u00e9 comme l&rsquo;\u00e9t\u00e9.<\/p>\n<p>L&rsquo;\u00e9tude indique qu&rsquo;Ath\u00e8nes, en Gr\u00e8ce, conna\u00eet aujourd&rsquo;hui l&rsquo;une des saisons de chaleur les plus longues du continent, avec des temp\u00e9ratures \u00e9lev\u00e9es qui durent environ 145 jours, de la mi-mai au d\u00e9but du mois d&rsquo;octobre.<\/p>\n<p>Tirana, la capitale de l&rsquo;Albanie, arrive en deuxi\u00e8me position sur la liste de Climate Resilience for All, avec 143 jours de chaleur extr\u00eame.<\/p>\n<p><img decoding=\"async\" class=\"caas-img caas-lazy has-preview\" alt=\"Des touristes au pied de la colline de l'Acropole, Ath\u00e8nes, Gr\u00e8ce.\" src=\"https:\/\/www.europesays.com\/fr\/wp-content\/uploads\/2025\/07\/43a3a07d0b5dcd0e255708766556aafb.jpeg\"\/><\/p>\n<p> Des touristes au pied de la colline de l&rsquo;Acropole, Ath\u00e8nes, Gr\u00e8ce.   &#8211; AP Photo\/Petros Giannakouris <\/p>\n<p>Au Portugal, la saison des chaleurs \u00e0 Lisbonne dure environ 136 jours, de la fin du printemps au d\u00e9but de l&rsquo;automne. Madrid, en Espagne, conna\u00eet une saison de chaleur de 119 jours, de la fin mai \u00e0 la mi-septembre.<\/p>\n<p>Paris se pr\u00e9pare \u00e0 un r\u00e9chauffement de 4 \u00b0C, mais la capitale fran\u00e7aise conna\u00eet d\u00e9j\u00e0 pr\u00e8s de trois mois de chaleur extr\u00eame, avec des temp\u00e9ratures r\u00e9guli\u00e8rement sup\u00e9rieures \u00e0 32 \u00b0C de la mi-juin \u00e0 la mi-septembre.<\/p>\n<p>Munich et Varsovie connaissent des saisons de chaleur plus courtes, mais tout de m\u00eame importantes, d&rsquo;une dur\u00e9e d&rsquo;un mois ou deux.<\/p>\n<p>Pourquoi l&rsquo;allongement des saisons de chaleur pose-t-il probl\u00e8me ?<\/p>\n<p>Des recherches ant\u00e9rieures ont montr\u00e9 que le changement climatique d&rsquo;origine humaine a ajout\u00e9 en moyenne 30 jours de chaleur extr\u00eame pour environ la moiti\u00e9 de la population mondiale l&rsquo;ann\u00e9e derni\u00e8re. Cela repr\u00e9sente quatre milliards de personnes expos\u00e9es \u00e0 des temp\u00e9ratures prolong\u00e9es et dangereuses.<\/p>\n<p>L&rsquo;\u00e9tude r\u00e9alis\u00e9e par World Weather Attribution, Climate Central et le Centre climatique de la Croix-Rouge a port\u00e9 sur la p\u00e9riode comprise entre mai 2024 et mai 2025. Elle r\u00e9v\u00e8le que le changement climatique a au moins doubl\u00e9 le nombre de jours class\u00e9s dans la cat\u00e9gorie \u00ab\u00a0chaleur extr\u00eame\u00a0\u00bb dans 195 des 247 pays et territoires analys\u00e9s, par rapport \u00e0 la moyenne pr\u00e9c\u00e9dente.<\/p>\n<p>L&rsquo;Europe est l&rsquo;une des r\u00e9gions qui subissent d\u00e9j\u00e0 les cons\u00e9quences les plus visibles et les plus meurtri\u00e8res du r\u00e9chauffement climatique. Les longues p\u00e9riodes de chaleur mettent en \u00e9vidence l&rsquo;\u00e9volution du climat du continent et les probl\u00e8mes de sant\u00e9 et d&rsquo;infrastructure qui en d\u00e9coulent.<\/p>\n<p><img decoding=\"async\" class=\"caas-img caas-lazy has-preview\" alt=\"Des gens se prom\u00e8nent sur la place du Trocad\u00e9ro, pr\u00e8s de la tour Eiffel, pendant une vague de chaleur.\" src=\"https:\/\/www.europesays.com\/fr\/wp-content\/uploads\/2025\/07\/0e8f7cce25092f54f8e0b519be6eeedd.jpeg\"\/><\/p>\n<p> Des gens se prom\u00e8nent sur la place du Trocad\u00e9ro, pr\u00e8s de la tour Eiffel, pendant une vague de chaleur.   &#8211; AP Photo\/Christophe Ena <\/p>\n<p>Des saisons de chaleur plus longues signifient un risque accru de maladies li\u00e9es \u00e0 la chaleur, ce qui entra\u00eene une pression accrue sur les syst\u00e8mes de soins de sant\u00e9 et des difficult\u00e9s pour les populations vuln\u00e9rables. Cette situation est particuli\u00e8rement probl\u00e9matique pour les personnes \u00e2g\u00e9es et les personnes souffrant de maladies pr\u00e9existantes.<\/p>\n<p>\u00ab\u00a0Cette analyse est claire : nous ne pouvons plus consid\u00e9rer la chaleur comme une partie normale de l&rsquo;\u00e9t\u00e9\u00a0\u00bb, d\u00e9clare Kathy Baughman McLeod, directrice g\u00e9n\u00e9rale de Climate Resilience for All.<\/p>\n<p>La \u00ab\u00a0saison estivale\u00a0\u00bb que beaucoup d&rsquo;entre nous connaissaient autrefois a disparu.<\/p>\n<p>Pourquoi les villes sont-elles si chaudes ?<\/p>\n<p>L&rsquo;\u00e9tude pointe du doigt l&rsquo;effet d&rsquo;\u00eelot de chaleur urbain, o\u00f9 les villes deviennent plus chaudes que les zones rurales environnantes en raison d&rsquo;infrastructures denses et d&rsquo;espaces verts limit\u00e9s, comme un facteur cl\u00e9 aggravant le stress thermique dans les centres urbains d&rsquo;Europe.<\/p>\n<p>\u00ab\u00a0Les villes qui n&rsquo;ont jamais \u00e9t\u00e9 con\u00e7ues pour la chaleur sont aujourd&rsquo;hui confront\u00e9es \u00e0 de nouveaux chocs et stress thermiques\u00a0\u00bb, explique Mme Baughman McLeod.<\/p>\n<p>Avec des saisons de chaleur qui s&rsquo;\u00e9tendent bien au-del\u00e0 des mois d&rsquo;\u00e9t\u00e9 reconnus, les gouvernements et les urbanistes sont confront\u00e9s \u00e0 un d\u00e9fi pressant : comment prot\u00e9ger la population contre des vagues de chaleur de plus en plus fr\u00e9quentes et prolong\u00e9es ?<\/p>\n<p>L&rsquo;att\u00e9nuation de l&rsquo;impact de cette menace de chaleur prolong\u00e9e n\u00e9cessite des strat\u00e9gies telles que l&rsquo;augmentation de la verdure urbaine, l&rsquo;am\u00e9lioration de la conception des b\u00e2timents, la d\u00e9signation de zones de refuge fra\u00eeches et le d\u00e9veloppement de syst\u00e8mes d&rsquo;alerte.<\/p>\n<p>Cependant, malgr\u00e9 la menace croissante, les mesures de planification et de r\u00e9action des gouvernements face \u00e0 la chaleur sont, selon Baughman McLeod, soit inexistantes, soit terriblement inadapt\u00e9es \u00e0 l&rsquo;ampleur de la crise.<\/p>\n<p>\u00ab\u00a0Il est imp\u00e9ratif d&rsquo;int\u00e9grer la sensibilisation et la compr\u00e9hension des chaleurs extr\u00eames, afin que les gouvernements, les entreprises et les employeurs g\u00e8rent leurs risques et leurs impacts avec l&rsquo;urgence que ces conditions requi\u00e8rent\u00a0\u00bb.<\/p>\n","protected":false},"excerpt":{"rendered":"Alors que les temp\u00e9ratures mondiales continuent d&rsquo;augmenter, les villes europ\u00e9ennes subissent des chaleurs extr\u00eames bien plus longtemps que&hellip;\n","protected":false},"author":2,"featured_media":232075,"comment_status":"","ping_status":"","sticky":false,"template":"","format":"standard","meta":{"footnotes":""},"categories":[1586],"tags":[11,37092,1777,674,1011,27,12,25,13209,37091],"class_list":{"0":"post-232074","1":"post","2":"type-post","3":"status-publish","4":"format-standard","5":"has-post-thumbnail","7":"category-europe","8":"tag-actualites","9":"tag-climate-resilience","10":"tag-eu","11":"tag-europe","12":"tag-fr","13":"tag-france","14":"tag-news","15":"tag-republique-francaise","16":"tag-temperatures","17":"tag-villes-europeennes"},"share_on_mastodon":{"url":"https:\/\/pubeurope.com\/@fr\/114810622229103927","error":""},"_links":{"self":[{"href":"https:\/\/www.europesays.com\/fr\/wp-json\/wp\/v2\/posts\/232074","targetHints":{"allow":["GET"]}}],"collection":[{"href":"https:\/\/www.europesays.com\/fr\/wp-json\/wp\/v2\/posts"}],"about":[{"href":"https:\/\/www.europesays.com\/fr\/wp-json\/wp\/v2\/types\/post"}],"author":[{"embeddable":true,"href":"https:\/\/www.europesays.com\/fr\/wp-json\/wp\/v2\/users\/2"}],"replies":[{"embeddable":true,"href":"https:\/\/www.europesays.com\/fr\/wp-json\/wp\/v2\/comments?post=232074"}],"version-history":[{"count":0,"href":"https:\/\/www.europesays.com\/fr\/wp-json\/wp\/v2\/posts\/232074\/revisions"}],"wp:featuredmedia":[{"embeddable":true,"href":"https:\/\/www.europesays.com\/fr\/wp-json\/wp\/v2\/media\/232075"}],"wp:attachment":[{"href":"https:\/\/www.europesays.com\/fr\/wp-json\/wp\/v2\/media?parent=232074"}],"wp:term":[{"taxonomy":"category","embeddable":true,"href":"https:\/\/www.europesays.com\/fr\/wp-json\/wp\/v2\/categories?post=232074"},{"taxonomy":"post_tag","embeddable":true,"href":"https:\/\/www.europesays.com\/fr\/wp-json\/wp\/v2\/tags?post=232074"}],"curies":[{"name":"wp","href":"https:\/\/api.w.org\/{rel}","templated":true}]}}