{"id":232076,"date":"2025-07-07T06:50:10","date_gmt":"2025-07-07T06:50:10","guid":{"rendered":"https:\/\/www.europesays.com\/fr\/232076\/"},"modified":"2025-07-07T06:50:10","modified_gmt":"2025-07-07T06:50:10","slug":"pour-sauver-lacier-et-la-chimie-bercy-met-la-pression-sur-lunion-europeenne-et-veut-des-plans-rapides-et-efficaces","status":"publish","type":"post","link":"https:\/\/www.europesays.com\/fr\/232076\/","title":{"rendered":"Pour sauver l\u2019acier et la chimie, Bercy met la pression sur l&rsquo;Union europ\u00e9enne et veut des plans rapides et efficaces"},"content":{"rendered":"<p>&#13;<br \/>\n\tCette r\u00e9union intervient \u00e0 la veille de la pr\u00e9sentation du plan d\u2019action que d\u00e9voilera la Commission europ\u00e9enne pour l\u2019industrie chimique en Europe, le 8 juillet. Avec cette conf\u00e9rence, l\u2019objectif du gouvernement fran\u00e7ais consiste \u00e0 \u00abmettre la pression\u00bb sur l\u2019UE car \u00abnous n\u2019avons aucune nouvelle sur ce plan\u00bb et \u00abnotre crainte est qu\u2019on ait quelque chose de pas assez ambitieux sur les aides d\u2019Etat\u00bb n\u00e9cessaires \u00ab\u00e0 la modernisation et la d\u00e9carbonation\u00bb du r\u00e9seau industriel, ou \u00abrien d\u2019autre qu\u2019un catalogue de r\u00e9flexions \u00e0 lancer\u00bb, indique-t-on du c\u00f4t\u00e9 de Bercy.<\/p>\n<p>&#13;<br \/>\n\tL&rsquo;industrie chimique europ\u00e9enne attend toujours des mesures d&rsquo;urgence<\/p>\n<p>&#13;<br \/>\n\tAlors que les <a href=\"https:\/\/www.usinenouvelle.com\/editorial\/embourbee-dans-une-crise-sans-precedent-la-chimie-francaise-compte-ses-victimes.N2229804\" target=\"_blank\" rel=\"nofollow noopener\">plans sociaux et les fermetures d\u2019unit\u00e9s dans la chimie se multiplient<\/a> sur tout le continent depuis la guerre en Ukraine et la flamb\u00e9e des prix \u00e9nerg\u00e9tiques, et que comp\u00e9titivit\u00e9 et visibilit\u00e9 ne cessent de d\u00e9cliner, la France appelle \u00e0 un plan d\u2019action ambitieux et rapidement mis en oeuvre, calqu\u00e9 sur les <a href=\"https:\/\/www.usinenouvelle.com\/article\/huit-pays-europeens-dont-la-france-demandent-des-mesures-d-urgence-pour-la-chimie.N2228810\" target=\"_blank\" rel=\"nofollow noopener\">mesures d\u2019urgence r\u00e9clam\u00e9es par une dizaine de pays europ\u00e9ens en mars dernier<\/a>. L\u2019id\u00e9e est en particulier de plus rapidement faire face \u00abaux sites qui sortent de terre en <a title=\"Info et actu \u00e9conomique et industrielle en Chine\" href=\"https:\/\/www.usinenouvelle.com\/chine\/\" rel=\"nofollow noopener\" target=\"\" class=\"lien-contextuel\">Chine<\/a>\u00bb et qui sont \u00e0 la fois \u00absubventionn\u00e9s\u00bb et \u00abplus productifs car plus modernes\u00bb, tandis que les volumes import\u00e9s en Europe inondent le march\u00e9 \u00e0 des prix intenables pour les producteurs locaux.<\/p>\n<p>&#13;<br \/>\n\tDe nombreuses mesures sont r\u00e9clam\u00e9es, comme l\u2019assouplissement des r\u00e8gles d\u2019encadrement des aides d\u2019Etat pour la modernisation et la d\u00e9carbonation des usines chimiques, des mesures pour contrer les surco\u00fbts \u00e9nerg\u00e9tiques, une compensation des co\u00fbts indirects du carbone, ou encore une identification des cha\u00eenes de valeur strat\u00e9giques avec une \u00abvigilance commerciale\u00bb sur quelques dizaines de produits. Ce qui concerne principalement les grands produits et interm\u00e9diaires de base de la chimie, comme l\u2019\u00e9thyl\u00e8ne et le propyl\u00e8ne, ces commodit\u00e9s essentielles que l\u2019Europe peine \u00e0 produire de mani\u00e8re comp\u00e9titive face \u00e0 la concurrence internationale.<\/p>\n<p>&#13;<br \/>\n\tAucune visibilit\u00e9 sur le plan Acier<\/p>\n<p>&#13;<br \/>\n\tBercy tape aussi du point sur la table concernant la sid\u00e9rurgie. Depuis la pr\u00e9sentation, en mars dernier, d\u2019un <a href=\"https:\/\/www.usinenouvelle.com\/article\/le-plan-d-action-de-bruxelles-pour-sauver-l-acier-europeen.N2229176\" target=\"_blank\" rel=\"nofollow noopener\">\u00abplan acier\u00bb par la Commission<\/a> \u2013 visant \u00e0 prot\u00e9ger le secteur des surcapacit\u00e9s mondiales et de la concurrence de pays \u00e0 l\u2019\u00e9lectricit\u00e9 moins ch\u00e8re et plus carbon\u00e9e, Chine en t\u00eate \u2013, salu\u00e9 par l\u2019ensemble de la fili\u00e8re, \u00abnous n\u2019avons aucune nouvelle sur le renforcement des taxes carbone aux fronti\u00e8res (\u2026), aucune visibilit\u00e9 sur le contenu de la mesure de sauvegarde\u00bb, regrette-t-on au minist\u00e8re. Une situation jug\u00e9e dommageable, alors que la fili\u00e8re haut-fourneaux qui produit de l\u2019acier primaire (repr\u00e9sent\u00e9e en France par <a title=\"Actualit\u00e9s et news \u00e9conomiques du groupe sid\u00e9rurgique mondial - L&#039;Usine Nouvelle\" href=\"https:\/\/www.usinenouvelle.com\/arcelormittal\/\" rel=\"nofollow noopener\" target=\"\" class=\"lien-contextuel\">ArcelorMittal<\/a> \u00e0 Fos-sur-Mer et \u00e0 Dunkerque, ainsi que par Saint-Gobain PAM \u00e0 plus petite \u00e9chelle) devrait investir massivement dans sa d\u00e9carbonation, mais a mis ses plans en pause en attendant davantage de certitudes. \u00abL\u2019acier est une industrie particuli\u00e8rement critique, qui emploie au total, sur les m\u00e9tiers de la sid\u00e9rurgie et de la m\u00e9tallurgie, plusieurs centaines de milliers de personnes en France\u00bb, rappelle Bercy, qui se dit mobilis\u00e9 \u00e0 la \u00abconcr\u00e9tisation\u00bb du plan Acier.<\/p>\n<p>&#13;<br \/>\n\tTout en saluant la piste consistant \u00e0 reverser aux industriels les quotas carbone qu\u2019ils paient sur leurs productions export\u00e9es, le minist\u00e8re souligne la lenteur des n\u00e9gociations autour du <a href=\"https:\/\/www.usinenouvelle.com\/article\/le-mecanisme-europeen-d-ajustement-carbone-aux-frontieres-est-pense-a-l-emporte-piece-alerte-jean-marc-germain-pdg-de-constellium.N2219063\" target=\"_blank\" rel=\"nofollow noopener\">m\u00e9canisme d\u2019ajustement carbone aux fronti\u00e8res (CBAM)<\/a>, qui fera payer aux importateurs vers l\u2019Europe le prix du carbone contenu dans leurs produits. La France insiste aussi sur l\u2019importance de la d\u00e9fense commerciale, et continue de plaider pour un fort renforcement des mesures de sauvegardes \u2013 des quotas d\u2019importations d\u2019acier, par produit et par pays \u2013 en les plafonnant \u00e0 15% du march\u00e9 europ\u00e9en. Dans ce cadre, toute exportation suppl\u00e9mentaire serait tax\u00e9e \u00e0 50%, sur le mod\u00e8le de la surtaxe impos\u00e9e par les <a title=\"Toute l&#039;information \u00e9conomique et industrielle aux Etats-Unis\" href=\"https:\/\/www.usinenouvelle.com\/etats-unis\/\" rel=\"nofollow noopener\" target=\"\" class=\"lien-contextuel\">Etats-Unis<\/a>. Une mesure en ligne avec les souhaits des grands sid\u00e9rurgistes europ\u00e9ens, mais qui peut faire tousser les secteurs utilisateurs d\u2019aciers, comme l\u2019automobile et le b\u00e2timent.<\/p>\n<p>&#13;<br \/>\n\tDroits de douane am\u00e9ricains en vue, l&rsquo;Allemagne absente de l&rsquo;alliance des industries lourdes<\/p>\n<p>&#13;<br \/>\n\tCe coup de pression fran\u00e7ais intervient aussi alors que les <a href=\"https:\/\/www.usinenouvelle.com\/editorial\/les-industriels-bientot-fixes-sur-les-droits-de-douane-americains.N2234657\" target=\"_blank\" rel=\"nofollow noopener\">droits de douane am\u00e9ricains pourraient \u00eatre fix\u00e9s plus clairement d\u00e8s le 9 juillet<\/a>, date limite promise par l\u2019administration Trump. A en croire Bercy, la Commission europ\u00e9enne, d\u00e9crite comme \u00abune grande machine administrative tr\u00e8s lourde\u00bb, manque d\u2019agilit\u00e9 de r\u00e9action et de rapidit\u00e9 dans ses d\u00e9cisions pour faire face \u00e0 tout cet ensemble conjoncturel actuellement tr\u00e8s n\u00e9gatif pour l\u2019industrie europ\u00e9enne. Du c\u00f4t\u00e9 du minist\u00e8re, on regrette aussi que l\u2019UE soit le \u00abseul espace \u00e9conomique au monde \u00e0 ne pas mettre en place de pr\u00e9f\u00e9rence nationale sur ses fili\u00e8res critiques\u00bb : on ne peut plus \u00ab\u00eatre un herbivore parmi des carnivores\u00bb. Il faut un \u00absursaut politique pour aller plus vite\u00bb. Il faudrait aussi peut-\u00eatre un peu plus de soutien de la part de certains Etats membres. Dans l\u2019alliance des industries lourdes, l\u2019absence de l\u2019Allemagne, pourtant num\u00e9ro un europ\u00e9en de l\u2019acier et de la chimie, est criante. Le ministre allemand est toutefois invit\u00e9 \u00e0 la r\u00e9union du 7 juillet, mais n\u2019avait pas confirm\u00e9 sa participation le 4 juillet.<\/p>\n<p>&#13;<br \/>\n\t<strong>Julien Cottineau avec Nathan Mann<\/strong><\/p>\n","protected":false},"excerpt":{"rendered":"&#13; Cette r\u00e9union intervient \u00e0 la veille de la pr\u00e9sentation du plan d\u2019action que d\u00e9voilera la Commission europ\u00e9enne&hellip;\n","protected":false},"author":2,"featured_media":232077,"comment_status":"","ping_status":"","sticky":false,"template":"","format":"standard","meta":{"footnotes":""},"categories":[1586],"tags":[7662,11,10531,19610,1777,674,1779,1011,27,418,37093,12,25,1778,364],"class_list":{"0":"post-232076","1":"post","2":"type-post","3":"status-publish","4":"format-standard","5":"has-post-thumbnail","7":"category-europe","8":"tag-acier","9":"tag-actualites","10":"tag-chimie","11":"tag-competitivite","12":"tag-eu","13":"tag-europe","14":"tag-european-union","15":"tag-fr","16":"tag-france","17":"tag-gouvernement","18":"tag-metallurgie-siderurgie","19":"tag-news","20":"tag-republique-francaise","21":"tag-ue","22":"tag-union-europeenne"},"share_on_mastodon":{"url":"https:\/\/pubeurope.com\/@fr\/114810626124737632","error":""},"_links":{"self":[{"href":"https:\/\/www.europesays.com\/fr\/wp-json\/wp\/v2\/posts\/232076","targetHints":{"allow":["GET"]}}],"collection":[{"href":"https:\/\/www.europesays.com\/fr\/wp-json\/wp\/v2\/posts"}],"about":[{"href":"https:\/\/www.europesays.com\/fr\/wp-json\/wp\/v2\/types\/post"}],"author":[{"embeddable":true,"href":"https:\/\/www.europesays.com\/fr\/wp-json\/wp\/v2\/users\/2"}],"replies":[{"embeddable":true,"href":"https:\/\/www.europesays.com\/fr\/wp-json\/wp\/v2\/comments?post=232076"}],"version-history":[{"count":0,"href":"https:\/\/www.europesays.com\/fr\/wp-json\/wp\/v2\/posts\/232076\/revisions"}],"wp:featuredmedia":[{"embeddable":true,"href":"https:\/\/www.europesays.com\/fr\/wp-json\/wp\/v2\/media\/232077"}],"wp:attachment":[{"href":"https:\/\/www.europesays.com\/fr\/wp-json\/wp\/v2\/media?parent=232076"}],"wp:term":[{"taxonomy":"category","embeddable":true,"href":"https:\/\/www.europesays.com\/fr\/wp-json\/wp\/v2\/categories?post=232076"},{"taxonomy":"post_tag","embeddable":true,"href":"https:\/\/www.europesays.com\/fr\/wp-json\/wp\/v2\/tags?post=232076"}],"curies":[{"name":"wp","href":"https:\/\/api.w.org\/{rel}","templated":true}]}}