{"id":232078,"date":"2025-07-07T06:51:10","date_gmt":"2025-07-07T06:51:10","guid":{"rendered":"https:\/\/www.europesays.com\/fr\/232078\/"},"modified":"2025-07-07T06:51:10","modified_gmt":"2025-07-07T06:51:10","slug":"catastrophe-atroce-pres-de-80-morts-trump-prevoit-de-se-rendre-sur-place","status":"publish","type":"post","link":"https:\/\/www.europesays.com\/fr\/232078\/","title":{"rendered":"Catastrophe \u00ab\u00a0atroce\u00a0\u00bb, pr\u00e8s de 80 morts\u2026 Trump pr\u00e9voit de se rendre sur place"},"content":{"rendered":"<p>Le <a href=\"https:\/\/www.20minutes.fr\/monde\/texas\/\" target=\"_blank\" class=\"color-ultramarine c-link\" rel=\"noopener\">Texas<\/a> est en proie \u00e0 une terrible catastrophe naturelle. Le bilan des <a href=\"https:\/\/www.20minutes.fr\/dossier\/inondation\" target=\"_blank\" class=\"color-ultramarine c-link\" rel=\"noopener\">inondations <\/a>dans le sud des Etats-Unis avoisine d\u00e9sormais les 80 morts et va encore s\u2019alourdir, ont annonc\u00e9 dimanche les autorit\u00e9s locales, \u00e0 mesure que l\u2019espoir de retrouver des disparus s\u2019amenuise.<\/p>\n<p><a href=\"https:\/\/www.20minutes.fr\/dossier\/donald_trump\" target=\"_blank\" class=\"color-ultramarine c-link\" rel=\"noopener\">Donald Trump<\/a> a annonc\u00e9 qu\u2019il se rendrait \u00ab\u00a0probablement\u00a0\u00bb sur place vendredi. \u00ab\u00a0C\u2019est une <a href=\"https:\/\/www.20minutes.fr\/dossier\/catastrophe-naturelle\" target=\"_blank\" class=\"color-ultramarine c-link\" rel=\"noopener\">catastrophe<\/a> comme l\u2019on n\u2019en a pas vu en cent ans et c\u2019est tout simplement atroce de voir ce qu\u2019il se passe\u00a0\u00bb, a-t-il d\u00e9clar\u00e9 \u00e0 des journalistes depuis le New Jersey.<\/p>\n<p>Trump rejette les critiques sur les coupes budg\u00e9taires<\/p>\n<p>Le locataire de la Maison-Blanche a par ailleurs r\u00e9fut\u00e9 tout lien entre les coupes budg\u00e9taires dans les services m\u00e9t\u00e9orologiques nationaux et le lourd bilan. \u00ab\u00a0Je ne crois pas\u00a0\u00bb, a-t-il r\u00e9pondu \u00e0 une question sur l\u2019utilit\u00e9 de r\u00e9embaucher dans ces services une partie du personnel licenci\u00e9. Des habitants se sont plaints au cours du week-end de ne pas avoir \u00e9t\u00e9 avertis suffisamment t\u00f4t des risques d\u2019inondations.<\/p>\n<\/p>\n<p>Le seul comt\u00e9 de Kerr, le plus touch\u00e9, d\u00e9plore d\u00e9sormais 68 morts, \u00ab\u00a040 adultes et 28 enfants\u00a0\u00bb, a d\u00e9clar\u00e9 le sh\u00e9rif du comt\u00e9, Larry Lethia. Parmi les quelque 750 enfants participant \u00e0 un camp d\u2019\u00e9t\u00e9 chr\u00e9tien pour filles sur les rives du fleuve Guadalupe, dix fillettes restaient introuvables, tout comme un moniteur, a pr\u00e9cis\u00e9 le sh\u00e9rif. Aux morts recens\u00e9s dans ce comt\u00e9 s\u2019ajoutent dix d\u00e9c\u00e8s d\u00e9nombr\u00e9s dans des comt\u00e9s voisins, a annonc\u00e9 le gouverneur du Texas, Greg Abbott.<\/p>\n<p>\u00ab\u00a041 personnes port\u00e9es disparues\u00a0\u00bb<\/p>\n<p>\u00ab\u00a0Sur tout l\u2019Etat, dans les zones touch\u00e9es par les inondations, nous avons identifi\u00e9 41 personnes port\u00e9es disparues\u00a0\u00bb, a soulign\u00e9 le gouverneur, pr\u00e9cisant que le nombre r\u00e9el \u00e9tait sans doute plus important car de nombreux vacanciers campaient dans la r\u00e9gion. \u00ab\u00a0Nous allons voir le bilan monter aujourd\u2019hui et demain\u00a0\u00bb, \u00e0 mesure que des corps sont retrouv\u00e9s, a pr\u00e9venu le directeur de la S\u00fbret\u00e9 publique du Texas, le colonel Freeman Martin.<\/p>\n<p>Ces crues subites ont \u00e9t\u00e9 provoqu\u00e9es par des pluies diluviennes dans le centre de l\u2019Etat tr\u00e8s t\u00f4t vendredi, qui ont fait monter les eaux du Guadalupe de huit m\u00e8tres en seulement 45 minutes. Il est soudain tomb\u00e9 pr\u00e8s de 300 millim\u00e8tres\/heure de pluie, soit un tiers des pr\u00e9cipitations annuelles moyennes.<\/p>\n<p><a href=\"https:\/\/www.20minutes.fr\/monde\/etats-unis\/\" target=\"_blank\" class=\"c-link c-btn c-btn--primary\" rel=\"noopener\">Nos articles sur les Etats-Unis<\/a><\/p>\n<p>Donald Trump, qui a d\u00e9p\u00each\u00e9 sur place samedi sa ministre de la S\u00e9curit\u00e9 int\u00e9rieure, Kristi Noem, a sign\u00e9 une d\u00e9claration de catastrophe afin de fournir au Texas les moyens du gouvernement f\u00e9d\u00e9ral. \u00ab\u00a0Il y a actuellement plus de 400 secouristes de plus de 20 agences d\u00e9ploy\u00e9es dans le comt\u00e9\u00a0\u00bb, a indiqu\u00e9 le sh\u00e9rif Lethia. Des h\u00e9licopt\u00e8res ainsi que des drones sont engag\u00e9s dans les recherches et la Garde nationale du Texas ainsi que les garde-c\u00f4tes des Etats-Unis ont envoy\u00e9 des renforts.<\/p>\n","protected":false},"excerpt":{"rendered":"Le Texas est en proie \u00e0 une terrible catastrophe naturelle. Le bilan des inondations dans le sud des&hellip;\n","protected":false},"author":2,"featured_media":232079,"comment_status":"","ping_status":"","sticky":false,"template":"","format":"standard","meta":{"footnotes":""},"categories":[2],"tags":[47,11,4732,11295,75,73,1011,27,4458,3059,74,12,52,25,3926,133],"class_list":{"0":"post-232078","1":"post","2":"type-post","3":"status-publish","4":"format-standard","5":"has-post-thumbnail","7":"category-actualites","8":"tag-actualite","9":"tag-actualites","10":"tag-catastrophe-naturelle","11":"tag-crue","12":"tag-donald-trump","13":"tag-etats-unis","14":"tag-fr","15":"tag-france","16":"tag-inondation","17":"tag-intemperies","18":"tag-monde","19":"tag-news","20":"tag-planete","21":"tag-republique-francaise","22":"tag-texas","23":"tag-video"},"share_on_mastodon":{"url":"https:\/\/pubeurope.com\/@fr\/114810629903383363","error":""},"_links":{"self":[{"href":"https:\/\/www.europesays.com\/fr\/wp-json\/wp\/v2\/posts\/232078","targetHints":{"allow":["GET"]}}],"collection":[{"href":"https:\/\/www.europesays.com\/fr\/wp-json\/wp\/v2\/posts"}],"about":[{"href":"https:\/\/www.europesays.com\/fr\/wp-json\/wp\/v2\/types\/post"}],"author":[{"embeddable":true,"href":"https:\/\/www.europesays.com\/fr\/wp-json\/wp\/v2\/users\/2"}],"replies":[{"embeddable":true,"href":"https:\/\/www.europesays.com\/fr\/wp-json\/wp\/v2\/comments?post=232078"}],"version-history":[{"count":0,"href":"https:\/\/www.europesays.com\/fr\/wp-json\/wp\/v2\/posts\/232078\/revisions"}],"wp:featuredmedia":[{"embeddable":true,"href":"https:\/\/www.europesays.com\/fr\/wp-json\/wp\/v2\/media\/232079"}],"wp:attachment":[{"href":"https:\/\/www.europesays.com\/fr\/wp-json\/wp\/v2\/media?parent=232078"}],"wp:term":[{"taxonomy":"category","embeddable":true,"href":"https:\/\/www.europesays.com\/fr\/wp-json\/wp\/v2\/categories?post=232078"},{"taxonomy":"post_tag","embeddable":true,"href":"https:\/\/www.europesays.com\/fr\/wp-json\/wp\/v2\/tags?post=232078"}],"curies":[{"name":"wp","href":"https:\/\/api.w.org\/{rel}","templated":true}]}}