{"id":232085,"date":"2025-07-07T06:56:09","date_gmt":"2025-07-07T06:56:09","guid":{"rendered":"https:\/\/www.europesays.com\/fr\/232085\/"},"modified":"2025-07-07T06:56:09","modified_gmt":"2025-07-07T06:56:09","slug":"decouvrez-le-programme-de-lete-pour-le-rugby-club-toulonnais","status":"publish","type":"post","link":"https:\/\/www.europesays.com\/fr\/232085\/","title":{"rendered":"D\u00e9couvrez le programme de l&rsquo;\u00e9t\u00e9 pour le Rugby Club Toulonnais !"},"content":{"rendered":"<p>Apr\u00e8s une saison \u00e9prouvante avec deux phases finales, des d\u00e9ceptions, de l\u2019espoir mais surtout beaucoup d\u2019engagement, place au repos pour la plupart des joueurs du Rugby Club Toulonnais.<\/p>\n<p>Si certains sont avec leurs s\u00e9lections, les autres joueurs profitent de leurs vacances.<\/p>\n<p>Aujourd\u2019hui, <a href=\"https:\/\/www.rugbyrama.fr\/2025\/07\/07\/top-14-reprises-matchs-amicaux-tout-savoir-sur-lagenda-de-lete-en-top-14-12809613.php\" rel=\"nofollow noopener\" target=\"_blank\">Midi Olympique<\/a> fait le point sur les programmes de chaque club pour cet \u00e9t\u00e9.<\/p>\n<p>Pour le RCT, la date de reprise des entrainements est fix\u00e9e au Lundi 28 juillet.<\/p>\n<p>Aucun stage n\u2019a \u00e9t\u00e9 d\u00e9clar\u00e9 jusqu\u2019\u00e0 pr\u00e9sent, sauf information contraire, les Toulonnais ne devraient pas partir en stage mais rester dans la r\u00e9gion pour pr\u00e9parer la saison prochaine.<\/p>\n<p>Enfin, deux matchs amicaux sont programm\u00e9s.<\/p>\n<p>Le premier se d\u00e9roulera le 22 Ao\u00fbt. L\u2019USAP accueillera le XV de la Rade \u00e0 Perpignan.<\/p>\n<p>Le second aura lieu le 29 Ao\u00fbt. L\u2019ASM Clermont recevra Toulon \u00e0 Issoire.<\/p>\n<p>La date de reprise du championnat est fix\u00e9e au week-end du 6 septembre. Pour m\u00e9moire, en raison de travaux au Stade Mayol, le pr\u00e9sident du RCT Bernard Lema\u00eetre a demand\u00e9 a jou\u00e9 \u00e0 minima la premi\u00e8re rencontre \u00e0 l\u2019ext\u00e9rieur.<\/p>\n","protected":false},"excerpt":{"rendered":"Apr\u00e8s une saison \u00e9prouvante avec deux phases finales, des d\u00e9ceptions, de l\u2019espoir mais surtout beaucoup d\u2019engagement, place au&hellip;\n","protected":false},"author":2,"featured_media":232086,"comment_status":"","ping_status":"","sticky":false,"template":"","format":"standard","meta":{"footnotes":""},"categories":[1416],"tags":[1011,27,479,1468,60],"class_list":{"0":"post-232085","1":"post","2":"type-post","3":"status-publish","4":"format-standard","5":"has-post-thumbnail","7":"category-rugby","8":"tag-fr","9":"tag-france","10":"tag-rugby","11":"tag-rugby-football","12":"tag-sports"},"share_on_mastodon":{"url":"https:\/\/pubeurope.com\/@fr\/114810649569112214","error":""},"_links":{"self":[{"href":"https:\/\/www.europesays.com\/fr\/wp-json\/wp\/v2\/posts\/232085","targetHints":{"allow":["GET"]}}],"collection":[{"href":"https:\/\/www.europesays.com\/fr\/wp-json\/wp\/v2\/posts"}],"about":[{"href":"https:\/\/www.europesays.com\/fr\/wp-json\/wp\/v2\/types\/post"}],"author":[{"embeddable":true,"href":"https:\/\/www.europesays.com\/fr\/wp-json\/wp\/v2\/users\/2"}],"replies":[{"embeddable":true,"href":"https:\/\/www.europesays.com\/fr\/wp-json\/wp\/v2\/comments?post=232085"}],"version-history":[{"count":0,"href":"https:\/\/www.europesays.com\/fr\/wp-json\/wp\/v2\/posts\/232085\/revisions"}],"wp:featuredmedia":[{"embeddable":true,"href":"https:\/\/www.europesays.com\/fr\/wp-json\/wp\/v2\/media\/232086"}],"wp:attachment":[{"href":"https:\/\/www.europesays.com\/fr\/wp-json\/wp\/v2\/media?parent=232085"}],"wp:term":[{"taxonomy":"category","embeddable":true,"href":"https:\/\/www.europesays.com\/fr\/wp-json\/wp\/v2\/categories?post=232085"},{"taxonomy":"post_tag","embeddable":true,"href":"https:\/\/www.europesays.com\/fr\/wp-json\/wp\/v2\/tags?post=232085"}],"curies":[{"name":"wp","href":"https:\/\/api.w.org\/{rel}","templated":true}]}}