{"id":232089,"date":"2025-07-07T06:59:10","date_gmt":"2025-07-07T06:59:10","guid":{"rendered":"https:\/\/www.europesays.com\/fr\/232089\/"},"modified":"2025-07-07T06:59:10","modified_gmt":"2025-07-07T06:59:10","slug":"toprak-razgatlioglu-se-prepare-a-enflammer-le-motogp-avec-son-talent-explosif-chez-pramac-racing-en-2026","status":"publish","type":"post","link":"https:\/\/www.europesays.com\/fr\/232089\/","title":{"rendered":"Toprak Razgatlioglu se pr\u00e9pare \u00e0 enflammer le MotoGP avec son talent explosif chez Pramac Racing en 2026."},"content":{"rendered":"<p>En 2026, le paysage du MotoGP est sur le point de conna\u00eetre un changement monumental avec l\u2019arriv\u00e9e de Toprak Razgatlioglu, double champion du monde de Superbike, qui rejoint les rangs de l\u2019\u00e9quipe Pramac Racing. L\u2019enthousiasme atteint son paroxysme alors que les fans et les initi\u00e9s anticipent la transition du pilote turc dans la cat\u00e9gorie reine, o\u00f9 les attentes concernant sa performance sont tr\u00e8s \u00e9lev\u00e9es.  <\/p>\n<p><strong>Confiance en le Talent<\/strong>  <\/p>\n<p>Fonsi Nieto, le directeur sportif de Pramac Racing et ancien pilote espagnol lui-m\u00eame, a exprim\u00e9 sa conviction in\u00e9branlable dans les capacit\u00e9s de Razgatlioglu. S\u2019appuyant sur sa vaste exp\u00e9rience dans le sport, Nieto a d\u00e9clar\u00e9 : \u00ab\u00a0Tout le monde l\u2019attend ; il a un talent \u00e9norme et l\u2019a prouv\u00e9 en Superbike. Je pense qu\u2019il peut apporter beaucoup \u00e0 ce projet ; le talent ne manque pas, et je crois qu\u2019il va offrir un spectacle dans les ann\u00e9es \u00e0 venir.\u00a0\u00bb Avec le soutien de Yamaha\u2014une marque l\u00e9gendaire avec une histoire riche de succ\u00e8s en MotoGP\u2014Nieto est convaincu que des victoires sont \u00e0 l\u2019horizon.  <\/p>\n<p>Passer de la cat\u00e9gorie Superbike au MotoGP n\u2019est pas une mince affaire, souvent marqu\u00e9 par de nouveaux d\u00e9fis et des courbes d\u2019apprentissage abruptes. Cependant, l\u2019optimisme de Nieto transpara\u00eet, alors qu\u2019il note : \u00ab\u00a0C\u2019est l\u00e0 que le talent d\u2019un pilote brille, comment il s\u2019adapte aux changements.\u00a0\u00bb Les comparaisons faites avec des l\u00e9gendes comme Troy Bayliss et Ben Spies, qui ont tous deux r\u00e9ussi ce saut, renforcent la conviction que Razgatlioglu est plus que capable d\u2019impressionner sur la grande sc\u00e8ne.  <\/p>\n<p><strong>Aborder la Dynamique d\u2019\u00c9quipe<\/strong>  <\/p>\n<p>\u00c0 l\u2019approche des d\u00e9buts de Razgatlioglu, l\u2019attention se tourne \u00e9galement vers son co\u00e9quipier Jorge Martin. Bien qu\u2019il manque d\u2019une vaste exp\u00e9rience en MotoGP, Martin a gagn\u00e9 l\u2019admiration de Nieto pour sa capacit\u00e9 \u00e0 s\u2019adapter rapidement aux rigueurs du sport. Nieto se souvient de l\u2019incroyable r\u00e9alisation de Martin en d\u00e9crochant la pole position lors de sa course de d\u00e9buts, soulignant son talent inn\u00e9 et sa forte \u00e9thique de travail.<\/p>\n<p>R\u00e9cemment, des sp\u00e9culations concernant le d\u00e9part potentiel de Martin d\u2019Aprilia en raison de blessures ont fait les gros titres. Nieto a r\u00e9pondu de mani\u00e8re r\u00e9fl\u00e9chie, en remarquant : \u00ab\u00a0Dans ce sport, vous risquez votre vie chaque week-end, et les blessures font partie des d\u00e9fis significatifs. Ce n\u2019est pas \u00e0 moi de commenter sa situation. Si Jorge a pris cette d\u00e9cision, c\u2019est parce qu\u2019il y a beaucoup r\u00e9fl\u00e9chi. Ce n\u2019est pas un caprice.\u201d Cette perspective met en lumi\u00e8re le poids \u00e9motionnel et les d\u00e9cisions solitaires auxquels font face les pilotes, illustrant les complexit\u00e9s de la vie en tant qu\u2019athl\u00e8te d\u2019\u00e9lite.  <\/p>\n<p><strong>Une Saison de Possibilit\u00e9s<\/strong>  <\/p>\n<p>Alors que le monde de la MotoGP se pr\u00e9pare pour une saison exaltante, l\u2019interaction entre la dynamique des \u00e9quipes et les talents individuels de pilotes comme Razgatlioglu et Martin pr\u00e9pare le terrain pour une s\u00e9rie de courses inoubliables. Avec des talents de haut niveau entrant dans des environnements \u00e0 enjeux \u00e9lev\u00e9s, les fans peuvent s\u2019attendre non seulement \u00e0 de la comp\u00e9tition mais aussi \u00e0 une vitrine de comp\u00e9tences, de r\u00e9silience et de la pure passion qui d\u00e9finit la course de motos.  <\/p>\n<p>Dans un sport o\u00f9 l\u2019\u00e9quilibre entre le risque et la comp\u00e9tence peut dicter la trajectoire des carri\u00e8res, la saison \u00e0 venir promet d\u2019\u00eatre un chapitre palpitant tant pour les v\u00e9t\u00e9rans chevronn\u00e9s que pour les \u00e9toiles montantes. Alors que de nouvelles narrations se d\u00e9roulent, l\u2019essence de la comp\u00e9tition en MotoGP saura sans aucun doute capturer le c\u0153ur des publics du monde entier.<\/p>\n<p>\n\tRelated<\/p>\n","protected":false},"excerpt":{"rendered":"En 2026, le paysage du MotoGP est sur le point de conna\u00eetre un changement monumental avec l\u2019arriv\u00e9e de&hellip;\n","protected":false},"author":2,"featured_media":232090,"comment_status":"","ping_status":"","sticky":false,"template":"","format":"standard","meta":{"footnotes":""},"categories":[1413],"tags":[1011,27,1457,1456,60,19319],"class_list":{"0":"post-232089","1":"post","2":"type-post","3":"status-publish","4":"format-standard","5":"has-post-thumbnail","7":"category-moto","8":"tag-fr","9":"tag-france","10":"tag-moto","11":"tag-motocycle","12":"tag-sports","13":"tag-toprak-razgatlioglu-en"},"share_on_mastodon":{"url":"https:\/\/pubeurope.com\/@fr\/114810661309004988","error":""},"_links":{"self":[{"href":"https:\/\/www.europesays.com\/fr\/wp-json\/wp\/v2\/posts\/232089","targetHints":{"allow":["GET"]}}],"collection":[{"href":"https:\/\/www.europesays.com\/fr\/wp-json\/wp\/v2\/posts"}],"about":[{"href":"https:\/\/www.europesays.com\/fr\/wp-json\/wp\/v2\/types\/post"}],"author":[{"embeddable":true,"href":"https:\/\/www.europesays.com\/fr\/wp-json\/wp\/v2\/users\/2"}],"replies":[{"embeddable":true,"href":"https:\/\/www.europesays.com\/fr\/wp-json\/wp\/v2\/comments?post=232089"}],"version-history":[{"count":0,"href":"https:\/\/www.europesays.com\/fr\/wp-json\/wp\/v2\/posts\/232089\/revisions"}],"wp:featuredmedia":[{"embeddable":true,"href":"https:\/\/www.europesays.com\/fr\/wp-json\/wp\/v2\/media\/232090"}],"wp:attachment":[{"href":"https:\/\/www.europesays.com\/fr\/wp-json\/wp\/v2\/media?parent=232089"}],"wp:term":[{"taxonomy":"category","embeddable":true,"href":"https:\/\/www.europesays.com\/fr\/wp-json\/wp\/v2\/categories?post=232089"},{"taxonomy":"post_tag","embeddable":true,"href":"https:\/\/www.europesays.com\/fr\/wp-json\/wp\/v2\/tags?post=232089"}],"curies":[{"name":"wp","href":"https:\/\/api.w.org\/{rel}","templated":true}]}}