{"id":232097,"date":"2025-07-07T07:03:21","date_gmt":"2025-07-07T07:03:21","guid":{"rendered":"https:\/\/www.europesays.com\/fr\/232097\/"},"modified":"2025-07-07T07:03:21","modified_gmt":"2025-07-07T07:03:21","slug":"giovanni-castaldi-sest-marie-a-leglise-son-frere-benjamin-castaldi-et-leur-pere-etaient-aux-premieres-loges","status":"publish","type":"post","link":"https:\/\/www.europesays.com\/fr\/232097\/","title":{"rendered":"Giovanni Castaldi s\u2019est mari\u00e9 \u00e0 l\u2019\u00e9glise, son fr\u00e8re Benjamin Castaldi et leur p\u00e8re \u00e9taient aux premi\u00e8res loges"},"content":{"rendered":"<p>Cette fin de semaine \u00e9tait plac\u00e9e sous le signe de l&rsquo;amour pour le clan Castaldi. Apr\u00e8s un mariage civil en toute sobri\u00e9t\u00e9, Giovanni Castaldi a \u00e9pous\u00e9 sa compagne, Charlotte Rascol, lors d\u2019une c\u00e9r\u00e9monie religieuse c\u00e9l\u00e9br\u00e9e ce samedi 5 juillet 2025 en pr\u00e9sence du fr\u00e8re du mari\u00e9, Benjamin Castadi, et de leur p\u00e8re, Jean-Pierre.<\/p>\n<p>Apr\u00e8s leur union civile c\u00e9l\u00e9br\u00e9e le jeudi 3 juillet 2025 \u00e0 Noirmoutier, <a href=\"https:\/\/www.programme-tv.net\/news\/people\/382683-giovanni-castaldi-s-est-marie-avec-sa-nouvelle-compagne-charlotte-un-an-apres-leurs-fiancailles-express\/\" data-api-deeplink=\"teleloisirs:\/\/news\/382683\" target=\"_blank\" rel=\"noopener\">Giovanni Castaldi et Charlotte Rascol<\/a> ont poursuivi les festivit\u00e9s ce samedi 5 juillet avec une c\u00e9r\u00e9monie religieuse plac\u00e9e sous le signe de l&rsquo;\u00e9motion. Les deux tourtereaux se sont dit \u00ab\u00a0oui\u00a0\u00bb \u00e0 l\u2019\u00e9glise, entour\u00e9s de leurs proches, parmi lesquels figuraient notamment <a href=\"https:\/\/www.programme-tv.net\/news\/tv\/377978-jean-pierre-castaldi-explique-pourquoi-il-refuse-categoriquement-de-faire-de-la-television-avec-ses-fils-benjamin-et-giovanni\/\" data-api-deeplink=\"teleloisirs:\/\/news\/377978\" target=\"_blank\" rel=\"noopener\">le p\u00e8re du mari\u00e9, Jean-Pierre Castaldi<\/a>, et son fr\u00e8re, <a href=\"https:\/\/www.programme-tv.net\/news\/people\/378117-une-main-explosee-benjamin-castaldi-victime-d-un-accident-d-helicoptere-radiocommande-il-devoile-sa-blessure-sanguinolente-et-fait-une-mise-en-garde\/\" data-api-deeplink=\"teleloisirs:\/\/news\/378117\" target=\"_blank\" rel=\"noopener\">l\u2019animateur Benjamin Castaldi.<\/a> Tous deux ont assist\u00e9 avec \u00e9motion \u00e0 cet \u00e9v\u00e9nement qu\u2019ils n\u2019auraient manqu\u00e9 pour rien au monde. Dans sa story Instagram, Giovanni Castaldi a partag\u00e9 des photos et vid\u00e9os du grand jour avec ses abonn\u00e9s.<\/p>\n<p><b>Un mariage \u00e0 la fois \u00e9l\u00e9gant et chaleureux pour Giovanni Castaldi et Charlotte Rascol <\/b><\/p>\n<p>Charlotte Rascol, dont le nom de famille est d\u00e9sormais Castaldi, a fait sensation dans une robe blanche \u00e0 manches longues, au style sobre et raffin\u00e9, coiff\u00e9e d\u2019un \u00e9l\u00e9gant chignon bas surmont\u00e9 d\u2019un voile d\u00e9licat. \u00c0 ses c\u00f4t\u00e9s, Giovanni arborait un costume bleu marine parfaitement ajust\u00e9. \u00c0 la sortie de l\u2019\u00e9glise, les invit\u00e9s ont c\u00e9l\u00e9br\u00e9 les jeunes mari\u00e9s en lan\u00e7ant des p\u00e9tales de roses blanches. Jean-Pierre Castaldi, lui aussi en bleu marine, portait un bol\u00e9ro et une chemise blanche. Benjamin Castaldi, assorti \u00e0 son p\u00e8re et \u00e0 son fr\u00e8re, avait quant \u00e0 lui opt\u00e9 pour une version plus d\u00e9contract\u00e9e avec des baskets, une cravate et des lunettes de soleil. La f\u00eate s\u2019est ensuite poursuivie en bord de mer, dans une ambiance festive et charg\u00e9e en \u00e9motion. Les jeunes mari\u00e9s ont fait leur entr\u00e9e sur le lieu de r\u00e9ception main dans la main, accompagn\u00e9s du titre J\u2019irai o\u00f9 tu iras\u202f de <a href=\"https:\/\/www.programme-tv.net\/biographie\/13146-dion-celine\/\" data-link-people=\"2d276218-2898-44fb-9739-5e391ae09223\" target=\"_blank\" rel=\"noopener\">C\u00e9line Dion<\/a>, sous les applaudissements de leurs proches.<\/p>\n<p>                        La famille Castaldi r\u00e9unie pour un heureux \u00e9v\u00e9nement<\/p>\n<p>Parmi les diff\u00e9rentes d\u00e9corations du mariage, une affiche que l&rsquo;on peut retrouver dans la story du mari\u00e9 a marqu\u00e9 les esprits. En effet, un montage photo montrait Giovanni Castaldi en Une de L\u2019\u00c9quipe, avec pour titre \u00ab\u00a0Castal dit oui\u202f\u00a0\u00bb. De quoi faire un petit clin d\u2019\u0153il \u00e0 sa carri\u00e8re de journaliste sportif. Benjamin Castaldi a \u00e9galement publi\u00e9 en story une photo complice de lui et sa compagne, <a href=\"https:\/\/www.programme-tv.net\/biographie\/4462-aleman-aurore\/\" data-link-people=\"858271f2-c876-4ea0-a10f-60c179734e17\" target=\"_blank\" rel=\"noopener\">Aurore Aleman<\/a>, prise le jour du mariage de son fr\u00e8re.<\/p>\n<p>Article \u00e9crit en collaboration avec 6m\u00e9dias.<\/p>\n","protected":false},"excerpt":{"rendered":"Cette fin de semaine \u00e9tait plac\u00e9e sous le signe de l&rsquo;amour pour le clan Castaldi. Apr\u00e8s un mariage&hellip;\n","protected":false},"author":2,"featured_media":232098,"comment_status":"","ping_status":"","sticky":false,"template":"","format":"standard","meta":{"footnotes":""},"categories":[1359],"tags":[6468,244,58,59,1011,27,37094,17031,1930,973,2175],"class_list":{"0":"post-232097","1":"post","2":"type-post","3":"status-publish","4":"format-standard","5":"has-post-thumbnail","7":"category-people","8":"tag-benjamin-castaldi","9":"tag-commentaire","10":"tag-divertissement","11":"tag-entertainment","12":"tag-fr","13":"tag-france","14":"tag-giovanni-castaldi","15":"tag-jean-pierre-castaldi","16":"tag-mariage","17":"tag-people","18":"tag-tl-story"},"share_on_mastodon":{"url":"https:\/\/pubeurope.com\/@fr\/114810677061532892","error":""},"_links":{"self":[{"href":"https:\/\/www.europesays.com\/fr\/wp-json\/wp\/v2\/posts\/232097","targetHints":{"allow":["GET"]}}],"collection":[{"href":"https:\/\/www.europesays.com\/fr\/wp-json\/wp\/v2\/posts"}],"about":[{"href":"https:\/\/www.europesays.com\/fr\/wp-json\/wp\/v2\/types\/post"}],"author":[{"embeddable":true,"href":"https:\/\/www.europesays.com\/fr\/wp-json\/wp\/v2\/users\/2"}],"replies":[{"embeddable":true,"href":"https:\/\/www.europesays.com\/fr\/wp-json\/wp\/v2\/comments?post=232097"}],"version-history":[{"count":0,"href":"https:\/\/www.europesays.com\/fr\/wp-json\/wp\/v2\/posts\/232097\/revisions"}],"wp:featuredmedia":[{"embeddable":true,"href":"https:\/\/www.europesays.com\/fr\/wp-json\/wp\/v2\/media\/232098"}],"wp:attachment":[{"href":"https:\/\/www.europesays.com\/fr\/wp-json\/wp\/v2\/media?parent=232097"}],"wp:term":[{"taxonomy":"category","embeddable":true,"href":"https:\/\/www.europesays.com\/fr\/wp-json\/wp\/v2\/categories?post=232097"},{"taxonomy":"post_tag","embeddable":true,"href":"https:\/\/www.europesays.com\/fr\/wp-json\/wp\/v2\/tags?post=232097"}],"curies":[{"name":"wp","href":"https:\/\/api.w.org\/{rel}","templated":true}]}}