{"id":232099,"date":"2025-07-07T07:04:09","date_gmt":"2025-07-07T07:04:09","guid":{"rendered":"https:\/\/www.europesays.com\/fr\/232099\/"},"modified":"2025-07-07T07:04:09","modified_gmt":"2025-07-07T07:04:09","slug":"fait-du-soir-rachida-dati-devoile-le-projet-dun-musee-de-la-photographie-a-arles","status":"publish","type":"post","link":"https:\/\/www.europesays.com\/fr\/232099\/","title":{"rendered":"FAIT DU SOIR Rachida Dati d\u00e9voile le projet d\u2019un mus\u00e9e de la photographie \u00e0 Arles"},"content":{"rendered":"<p>De passage \u00e0 Arles pour les Rencontres de la photographie, la ministre de la Culture\u00a0a annonc\u00e9 le projet d\u2019un mus\u00e9e de la photo sur le site des papeteries Etienne.\u00a0\u00a0<\/p>\n<p>Ce dimanche apr\u00e8s-midi, Rachida Dati \u00e9tait de passage aux Rencontres de la photographie d\u2019Arles qui ouvriront au public \u00e0 partir de ce lundi. La ministre de la Culture a visit\u00e9 quatre expositions et elle a d\u00e9voil\u00e9 plusieurs \u00e9l\u00e9ments de la programmation du bicentenaire de la photographie 2026-2027.<\/p>\n<\/p>\n<p>La ministre a \u00e9galement \u00e9voqu\u00e9 la publication d\u2019un guide juridique permettant d\u2019aiguiller les acteurs face aux cas d\u2019atteintes \u00e0 la libert\u00e9 de cr\u00e9ation. Mais Rachida Dati a surtout annonc\u00e9 le projet d\u2019un mus\u00e9e de la photographie \u00e0 Arles.\u00a0\u00a0\u00ab\u00a0\u00a0Je lance une mission de pr\u00e9figuration pour un mus\u00e9e de la photographie. Tout le monde a en stock des fonds photographiques. Tout cela m\u00e9rite d\u2019\u00eatre expos\u00e9. Cela se ferait sur le site des papeteries \u00c9tienne. Nous le souhaitons rapidement. Ici, c&rsquo;est le centre de tout ce qui concerne la photographie \u00bb a\u00a0expliqu\u00e9 Rachida Dati \u00e0 l\u2019issue de sa visite \u00e0 l\u2019exposition Yves Saint-Laurent aux ateliers de la Tour Luma.<\/p>\n<\/p>\n<p>\u00ab\u00a0Cela fait plusieurs mois que nous travaillons avec le minist\u00e8re de la Culture, sur l\u2019id\u00e9e d\u2019un lieu o\u00f9 pourrait se rassembler et o\u00f9 l\u2019on pourrait valoriser des archives et des collections photographiques. Il faut imaginer quelque chose de tout \u00e0 fait nouveau qui ferait d\u2019Arles une t\u00eate de pont pour permettre \u00e0 toutes les collections nationales de s\u2019harmoniser. Un comit\u00e9 scientifique va se mettre en place, \u00e0 travers le minist\u00e8re de la Culture et pendant un an, on va dessiner ce que pourrait \u00eatre cette architecture \u00bb abonde Patrick de Carolis, le maire d\u2019Arles.<\/p>\n<\/p>\n<p>Mais quand pourrait voir le jour ce mus\u00e9e ? \u00ab Peut-\u00eatre dans un an, peut-\u00eatre dans deux, mais l\u2019essentiel est de se mettre au travail l\u00e0-dessus \u00bb indique l\u2019\u00e9dile arl\u00e9sien. Avec ce futur mus\u00e9e, la ville d\u2019Arles renforcerait sa position de capitale fran\u00e7aise de la photographie, et s\u00fbrement m\u00eame europ\u00e9enne.<\/p>\n","protected":false},"excerpt":{"rendered":"De passage \u00e0 Arles pour les Rencontres de la photographie, la ministre de la Culture\u00a0a annonc\u00e9 le projet&hellip;\n","protected":false},"author":2,"featured_media":232100,"comment_status":"","ping_status":"","sticky":false,"template":"","format":"standard","meta":{"footnotes":""},"categories":[1358],"tags":[1348,1384,1385,1386,58,59,1011,27],"class_list":{"0":"post-232099","1":"post","2":"type-post","3":"status-publish","4":"format-standard","5":"has-post-thumbnail","7":"category-arts-et-design","8":"tag-arts","9":"tag-arts-and-design","10":"tag-arts-et-design","11":"tag-design","12":"tag-divertissement","13":"tag-entertainment","14":"tag-fr","15":"tag-france"},"share_on_mastodon":{"url":"https:\/\/pubeurope.com\/@fr\/114810681193374409","error":""},"_links":{"self":[{"href":"https:\/\/www.europesays.com\/fr\/wp-json\/wp\/v2\/posts\/232099","targetHints":{"allow":["GET"]}}],"collection":[{"href":"https:\/\/www.europesays.com\/fr\/wp-json\/wp\/v2\/posts"}],"about":[{"href":"https:\/\/www.europesays.com\/fr\/wp-json\/wp\/v2\/types\/post"}],"author":[{"embeddable":true,"href":"https:\/\/www.europesays.com\/fr\/wp-json\/wp\/v2\/users\/2"}],"replies":[{"embeddable":true,"href":"https:\/\/www.europesays.com\/fr\/wp-json\/wp\/v2\/comments?post=232099"}],"version-history":[{"count":0,"href":"https:\/\/www.europesays.com\/fr\/wp-json\/wp\/v2\/posts\/232099\/revisions"}],"wp:featuredmedia":[{"embeddable":true,"href":"https:\/\/www.europesays.com\/fr\/wp-json\/wp\/v2\/media\/232100"}],"wp:attachment":[{"href":"https:\/\/www.europesays.com\/fr\/wp-json\/wp\/v2\/media?parent=232099"}],"wp:term":[{"taxonomy":"category","embeddable":true,"href":"https:\/\/www.europesays.com\/fr\/wp-json\/wp\/v2\/categories?post=232099"},{"taxonomy":"post_tag","embeddable":true,"href":"https:\/\/www.europesays.com\/fr\/wp-json\/wp\/v2\/tags?post=232099"}],"curies":[{"name":"wp","href":"https:\/\/api.w.org\/{rel}","templated":true}]}}