{"id":2321,"date":"2025-04-04T09:49:20","date_gmt":"2025-04-04T09:49:20","guid":{"rendered":"https:\/\/www.europesays.com\/fr\/2321\/"},"modified":"2025-04-04T09:49:20","modified_gmt":"2025-04-04T09:49:20","slug":"non-il-ny-a-pas-eu-de-fusillade-a-plouay-ce-vendredi-4-avril","status":"publish","type":"post","link":"https:\/\/www.europesays.com\/fr\/2321\/","title":{"rendered":"Non, il n\u2019y a pas eu de \u00ab\u00a0fusillade\u00a0\u00bb \u00e0 Plouay ce vendredi 4\u00a0avril"},"content":{"rendered":"<p>Mais que se passe-t-il \u00e0 Plouay\u00a0? Sur les r\u00e9seaux sociaux, plusieurs personnes affirment avoir entendu des tirs d\u2019armes \u00e0 feu, ce vendredi 4 avril, t\u00f4t le matin. Un internaute, du nom de Gwendal, affirme avoir entendu une \u00ab\u00a0fusillade\u00a0\u00bb. \u00ab\u00a0\u00c7a m\u2018a r\u00e9veill\u00e9e \u00e9galement, secteur Kerchopine. Gros coup de stress\u00a0\u00bb, commente Kelly. Comme elle, plusieurs Plouaysiens ont fait part de leurs inqui\u00e9tudes. \u00ab\u00a0C\u2019est purement militaire, pas de panique\u00a0\u00bb, sugg\u00e8re de son c\u00f4t\u00e9 Erwan.<\/p>\n<p>Un exercice soumis \u00e0 une autorisation<\/p>\n<p>Contact\u00e9, le maire de la commune Gwenn Le Nay tient \u00e0 rassurer ses administr\u00e9s. \u00ab\u00a0Il s\u2019agit d\u2019un exercice militaire des fusiliers marins, soumis \u00e0 une autorisation annuelle. Les gendarmes m\u2019ont mis au courant \u00e0 8\u00a0h, ce matin\u00a0\u00bb, indique le premier \u00e9dile. Une communication devrait \u00eatre faite sur les r\u00e9seaux sociaux de la commune \u00e0 ce sujet, tr\u00e8s prochainement.<\/p>\n","protected":false},"excerpt":{"rendered":"Mais que se passe-t-il \u00e0 Plouay\u00a0? Sur les r\u00e9seaux sociaux, plusieurs personnes affirment avoir entendu des tirs d\u2019armes&hellip;\n","protected":false},"author":2,"featured_media":2323,"comment_status":"","ping_status":"","sticky":false,"template":"","format":"standard","meta":{"footnotes":""},"categories":[1586],"tags":[11,533,1782,1777,674,1779,1011,27,1781,12,1780,25,1778,364],"class_list":{"0":"post-2321","1":"post","2":"type-post","3":"status-publish","4":"format-standard","5":"has-post-thumbnail","7":"category-europe","8":"tag-actualites","9":"tag-armee-de-terre","10":"tag-defense-nationale","11":"tag-eu","12":"tag-europe","13":"tag-european-union","14":"tag-fr","15":"tag-france","16":"tag-lorient","17":"tag-news","18":"tag-plouay","19":"tag-republique-francaise","20":"tag-ue","21":"tag-union-europeenne"},"share_on_mastodon":{"url":"https:\/\/pubeurope.com\/@fr\/114279073067513483","error":""},"_links":{"self":[{"href":"https:\/\/www.europesays.com\/fr\/wp-json\/wp\/v2\/posts\/2321","targetHints":{"allow":["GET"]}}],"collection":[{"href":"https:\/\/www.europesays.com\/fr\/wp-json\/wp\/v2\/posts"}],"about":[{"href":"https:\/\/www.europesays.com\/fr\/wp-json\/wp\/v2\/types\/post"}],"author":[{"embeddable":true,"href":"https:\/\/www.europesays.com\/fr\/wp-json\/wp\/v2\/users\/2"}],"replies":[{"embeddable":true,"href":"https:\/\/www.europesays.com\/fr\/wp-json\/wp\/v2\/comments?post=2321"}],"version-history":[{"count":0,"href":"https:\/\/www.europesays.com\/fr\/wp-json\/wp\/v2\/posts\/2321\/revisions"}],"wp:featuredmedia":[{"embeddable":true,"href":"https:\/\/www.europesays.com\/fr\/wp-json\/wp\/v2\/media\/2323"}],"wp:attachment":[{"href":"https:\/\/www.europesays.com\/fr\/wp-json\/wp\/v2\/media?parent=2321"}],"wp:term":[{"taxonomy":"category","embeddable":true,"href":"https:\/\/www.europesays.com\/fr\/wp-json\/wp\/v2\/categories?post=2321"},{"taxonomy":"post_tag","embeddable":true,"href":"https:\/\/www.europesays.com\/fr\/wp-json\/wp\/v2\/tags?post=2321"}],"curies":[{"name":"wp","href":"https:\/\/api.w.org\/{rel}","templated":true}]}}