{"id":232101,"date":"2025-07-07T07:05:14","date_gmt":"2025-07-07T07:05:14","guid":{"rendered":"https:\/\/www.europesays.com\/fr\/232101\/"},"modified":"2025-07-07T07:05:14","modified_gmt":"2025-07-07T07:05:14","slug":"la-nouvelle-tendance-des-vacances","status":"publish","type":"post","link":"https:\/\/www.europesays.com\/fr\/232101\/","title":{"rendered":"la nouvelle tendance des vacances ?"},"content":{"rendered":"<p>Loin des \u00e9crans, les vacanciers et vacanci\u00e8res se laissent s\u00e9duire par le concept des retraites de lecture. Une bulle hors du temps o\u00f9 le plaisir de lire est la seule chose inscrite au programme. D\u00e9cryptage d\u2019une tendance estivale qui prend de l\u2019ampleur.<\/p>\n<p>\u00ab\u00a0J\u2019avais besoin de m\u2019\u00e9vader et de me plonger dans un bon bouquin !\u00a0\u00bb \u00c0 cette urgence de couper avec la routine et le quotidien qui file \u00e0 toute allure, Alison, 28 ans, a trouv\u00e9 la solution : la retraite litt\u00e9raire. Depuis plusieurs ann\u00e9es, elle d\u00e9connecte chaque \u00e9t\u00e9, pendant une semaine, dans un camp o\u00f9 des passionn\u00e9s de lecture comme elle se retrouvent, lisent et partagent leurs impressions.<\/p>\n<p><strong>Destination lecture<\/strong><\/p>\n<p>Les camps de lecture ont le vent en poupe ! Selon Pinterest, qui a dress\u00e9 un <a href=\"https:\/\/newsroom.pinterest.com\/fr\/news\/the-2025-pinterest-summer-trend-report\/\" target=\"_blank\" rel=\"noreferrer noopener nofollow\">bilan<\/a> des temps forts de l\u2019\u00e9t\u00e9 2025 : \u00ab\u00a0Cette ann\u00e9e, <a href=\"https:\/\/leclaireur.fnac.com\/article\/592416-deconnexion-comment-se-liberer-des-ecrans-en-famille\/\" target=\"_blank\" rel=\"noreferrer noopener\">la tendance est \u00e0 la d\u00e9connexion<\/a> !\u00a0\u00bb En examinant de plus pr\u00e8s les usages de ses utilisateurs et utilisatrices, le r\u00e9seau social a remarqu\u00e9 que les recherches associ\u00e9es \u00e0 la \u00ab\u00a0d\u00e9tox num\u00e9rique\u00a0\u00bb \u00e9taient en hausse de 72 % \u00e0 l\u2019approche de l\u2019\u00e9t\u00e9 et celles concernant les retraites litt\u00e9raires ont augment\u00e9 de 103 %. La phrase cl\u00e9 \u00ab\u00a0id\u00e9es de retraite pour <a href=\"https:\/\/leclaireur.fnac.com\/article\/306644-dua-lipa-lance-son-propre-club-de-lecture-sur-internet\/\" target=\"_blank\" rel=\"noreferrer noopener\">club de lecture<\/a>\u00ab\u00a0 a quant \u00e0 elle augment\u00e9 de +265 %.<\/p>\n<p>Depuis quelques ann\u00e9es, les camps de lecture se multiplient un peu partout en France. Certains s\u2019organisent de mani\u00e8re informelle, dans des g\u00eetes, et d\u2019autres grandissent d\u2019ann\u00e9e en ann\u00e9e. Un sort du lot\u00a0: The Bookmates. C\u2019est le premier \u00e0 voir le jour en\u00a02023, \u00e0 l\u2019initiative de Mathilde, alias @matoubook sur Instagram et TikTok, <a href=\"https:\/\/leclaireur.fnac.com\/article\/599682-quels-livres-lire-cet-ete-selon-le-booktok\/\" target=\"_blank\" rel=\"noreferrer noopener\">cr\u00e9atrice de contenu litt\u00e9raire<\/a>. \u00ab\u00a0En me lan\u00e7ant sur les r\u00e9seaux sociaux, j\u2019ai r\u00e9alis\u00e9 la chance de pouvoir vivre plein d\u2019exp\u00e9riences collectives autour de la lecture. En tant que lectrice, on peut aller dans des salons du <a href=\"https:\/\/www.fnac.com\/livre.asp\" target=\"_blank\" rel=\"noreferrer noopener\">livre<\/a> ou \u00e0 des d\u00e9dicaces, mais il y a finalement tr\u00e8s peu d\u2019occasions o\u00f9 on se retrouve tous et toutes autour de cette passion, comme cela peut exister pour une activit\u00e9 sportive. L\u2019id\u00e9e a fait son petit bout de chemin dans ma t\u00eate et j\u2019ai lanc\u00e9 le projet The Bookmates, se rem\u00e9more-t-elle. Ma communaut\u00e9 a tout de suite suivi. Sur le premier camp, c\u2019\u00e9tait essentiellement des gens qui me suivaient d\u00e9j\u00e0 sur les r\u00e9seaux sociaux. Puis, la magie des r\u00e9seaux sociaux\u00a0: j\u2019ai publi\u00e9 un TikTok qui a fait plus de 100\u00a0000\u00a0vues. \u00c0 partir de l\u00e0, \u00e7a a pris de l\u2019ampleur.\u00a0\u00bb Depuis, chaque \u00e9t\u00e9, le camp de lecture prend ses quartiers, pendant cinq semaines cons\u00e9cutives, sur la c\u00f4te landaise, dans le sud-ouest de la France.<\/p>\n<blockquote class=\"instagram-media\" data-instgrm-captioned=\"\" data-instgrm-permalink=\"https:\/\/www.instagram.com\/reel\/DKxGNGdt92J\/?utm_source=ig_embed&amp;utm_campaign=loading\" data-instgrm-version=\"14\" style=\"background:#FFF;border:0;border-radius:3px;margin: 1px;max-width:540px;min-width:326px;padding:0;width:99.375%;width:-webkit-calc(100% - 2px);width:calc(100% - 2px)\"\/>\n<p>\u00c0 la mani\u00e8re d\u2019un camp de surf, les camps de lecture proposent une farandole d\u2019activit\u00e9s, toujours tourn\u00e9es autour de l\u2019amour pour la litt\u00e9rature, \u00e0 la trentaine de participantes et participants inscrits pour la semaine. Une journ\u00e9e type dans un camp The Bookmates commence par une activit\u00e9 d\u2019\u00e9veil du corps, suivi d\u2019un marathon de lecture. Chacun profite des lieux \u00e0 sa fa\u00e7on, d\u00e9niche les coins cosy pour se consacrer pleinement \u00e0 son livre. Chaque journ\u00e9e se cl\u00f4ture par un \u00ab\u00a0ap\u00e9ro-update-lecture\u00a0\u00bb.<\/p>\n<p>En effet, toutes les activit\u00e9s ne consistent pas toujours \u00e0 avoir un livre entre les mains. \u00ab\u00a0On fait r\u00e9guli\u00e8rement des soir\u00e9es films. L\u2019\u00e9t\u00e9 dernier on a lu My Lady Jane de Cynthia Hand [Rageot, 2023]. Au m\u00eame moment, l\u2019adaptation en s\u00e9rie est sortie sur Amazon Prime. C\u2019\u00e9tait g\u00e9nial de pouvoir m\u00ealer les deux\u00a0\u00bb, se souvient Mathilde. Le tout dans une ambiance conviviale et bienveillante. C\u2019est peut-\u00eatre la cl\u00e9 du succ\u00e8s de ces s\u00e9jours litt\u00e9raires, qui ont d\u00e9j\u00e0 accueilli pr\u00e8s de 300 participants et participantes de 18 et 35 ans, en tr\u00e8s grande majorit\u00e9 des femmes, depuis son lancement il y a trois ans.<\/p>\n<p><strong>La lecture devient collective<\/strong><\/p>\n<p>Comment expliquer l\u2019engouement pour les retraites litt\u00e9raires ? \u00ab\u00a0J\u2019ai toujours \u00e9t\u00e9 une grande lectrice, mais seule dans mon coin. Je ne savais pas que ce genre de rassemblement existait. D\u00e8s que j\u2019ai d\u00e9couvert \u00e7a, en 2023, j\u2019ai voulu en \u00eatre, confie Charlotte, 35 ans, devenue aujourd\u2019hui une habitu\u00e9e des camps de The Bookmates. Elle poursuit : \u00ab\u00a0Quand j\u2019y vais, je suis dans ma bulle. Je travaille \u00e0 plein temps et je suis maman. D\u00e8s que mes finances le permettent, parce que \u00e7a reste un budget \u2013 m\u00eame si \u00e7a les vaut largement quand on voit toutes les activit\u00e9s propos\u00e9es et la qualit\u00e9 des logements \u2013, je pars l\u00e0-bas ; c\u2019est ma semaine rien qu\u2019\u00e0 moi dans l\u2019ann\u00e9e.\u00a0\u00bb<\/p>\n<p>Pour Alison, l\u2019\u00e9quilibre entre introspection et collectif est parfait : \u00ab\u00a0C\u2019est un peu paradoxal : c\u2019est une exp\u00e9rience collective, mais c\u2019est pour soi qu\u2019on le fait. Les lieux sont pens\u00e9s pour que chacun puisse avoir des moments tranquilles ou \u00eatre avec le groupe quand il le souhaite.\u00a0\u00bb Activit\u00e9 solitaire, la lecture devient un plaisir partag\u00e9. Cette promesse a attis\u00e9 la curiosit\u00e9 d\u2019Ana\u00efs, 30 ans : \u00ab\u00a0J\u2019ai toujours voulu partir solo en vacances. Le camp de lecture \u00e9tait une super alternative, parce qu\u2019\u00e0 la fois je faisais un truc qui me passionnait et, en plus, je partais seule tout en \u00e9tant avec un groupe et en me sentant safe.\u00a0\u00bb<\/p>\n<blockquote class=\"instagram-media\" data-instgrm-captioned=\"\" data-instgrm-permalink=\"https:\/\/www.instagram.com\/p\/DLnGLWitJYg\/?utm_source=ig_embed&amp;utm_campaign=loading\" data-instgrm-version=\"14\" style=\"background:#FFF;border:0;border-radius:3px;margin: 1px;max-width:540px;min-width:326px;padding:0;width:99.375%;width:-webkit-calc(100% - 2px);width:calc(100% - 2px)\"\/>\n<p>\u00ab\u00a0Je sais que les lectrices et lecteurs, quand ils viennent dans un camp de lecture, sortent de leur zone de confort. C\u2019est souvent des personnes plut\u00f4t introverties, c\u2019est un grand pas pour eux\u00a0\u00bb, fait remarquer Mathilde. Pour rassembler, le camp de lecture The Bookmates construit son s\u00e9jour autour de trois lectures communes, allant du <a href=\"https:\/\/www.fnac.com\/s200603\/Livre-Ados-et-Young-adults#bl=MMli\" target=\"_blank\" rel=\"noreferrer noopener\">young adult<\/a> \u00e0 la <a href=\"https:\/\/www.fnac.com\/s477138\/Roman-et-Nouvelles\/Romance#bl=MMli\" target=\"_blank\" rel=\"noreferrer noopener\">romance<\/a>, en passant par la <a href=\"https:\/\/www.fnac.com\/s30\/Fantasy-et-Science-Fiction#bl=MMli\" target=\"_blank\" rel=\"noreferrer noopener\">fantasy<\/a>. \u00ab\u00a0L\u2019\u00e9t\u00e9 dernier, une lecture nous a tous boulevers\u00e9s, certains \u00e9taient m\u00eame en pleurs : Vivre sans attendre de Laureline Maumelat [Rageot, 2024], qui est m\u00eame venue nous voir sur le camp\u00a0\u00bb.<\/p>\n<p><strong class=\"small\">En stock<\/strong><\/p>\n<p>        Acheter sur Fnac.com<\/p>\n<p>Pour Charlotte, l\u2019exp\u00e9rience est une v\u00e9ritable r\u00e9volution : \u00ab\u00a0La premi\u00e8re fois que je suis venue, j\u2019\u00e9tais plut\u00f4t r\u00e9fractaire aux ap\u00e9ros update lecture\u2026 Au quotidien, je lis beaucoup, mais je ne le partage pas avec mes proches. C\u2019est mon plaisir coupable que je garde pour moi, parce que \u00e7a peut me g\u00eaner d\u2019en parler. L\u00e0, on est qu\u2019avec des gens qui aiment les m\u00eames choses. L\u2019\u00e9t\u00e9 dernier, j\u2019ai lu Les coquillages ne s\u2019ouvrent qu\u2019en \u00e9t\u00e9 [Hachette, 2024] de Clara H\u00e9raut. C\u2019\u00e9tait une lecture bouleversante et \u00e7a faisait du bien d\u2019en parler avec des personnes qui en \u00e9taient exactement au m\u00eame point que moi.\u00a0\u00bb L\u2019exp\u00e9rience intime de la lecture est alors d\u00e9cupl\u00e9e. \u00ab\u00a0Quand on parle de camps de lecture, les gens imaginent qu\u2019on est chacun dans notre coin, mais pas du tout, c\u2019est \u00e9norm\u00e9ment de moments de partage\u00a0\u00bb, pr\u00e9cise Ana\u00efs.<\/p>\n<p><strong>Lire sans mod\u00e9ration<\/strong><\/p>\n<p>Pouvoir se retrouver autour d\u2019une m\u00eame passion qu\u2019on pratique habituellement seul, voil\u00e0 le tour de force des camps de lecture. \u00ab\u00a0Quand on arrive, on laisse sur le pas de la porte toutes les r\u00e8gles sociales et, pendant une semaine, on est libre de s\u2019abandonner pleinement au plaisir de lire, revendique Mathilde, la fondatrice de The Bookmates. Parfois, on vit des moments lunaires : on fait une soir\u00e9e, certains dansent pendant que l\u2019autre moiti\u00e9 est en train de lire \u00e0 23 h.\u00a0\u00bb<\/p>\n<p>Mais le plaisir de lire et de partager ne s\u2019arr\u00eate pas \u00e0 la fin du s\u00e9jour. \u00ab\u00a0La premi\u00e8re fois, c\u2019\u00e9tait un saut dans le vide, c\u2019\u00e9tait quelque chose que je n\u2019avais jamais fait avant. \u00c7a m\u2019a fait du bien d\u2019oser y aller seule, de franchir ce cap, de me faire de nouvelles amies. Maintenant, on se retrouve et on essaie d\u2019y aller ensemble le plus souvent possible\u00a0\u00bb, s\u2019enthousiasme Charlotte, qui s\u2019appr\u00eate \u00e0 y retourner pour la cinqui\u00e8me fois.<\/p>\n<p>Parmi les adeptes des camps de lecture, beaucoup de jeunes femmes dans leur vingtaine et trentaine. Si <a href=\"https:\/\/leclaireur.fnac.com\/article\/134001-sois-lecteur-et-tais-toi-les-jeunes-et-la-lecture\/\" target=\"_blank\" rel=\"noreferrer noopener\">la lecture semblait peu \u00e0 peu d\u00e9laiss\u00e9e par la jeunesse<\/a>, les s\u00e9jours litt\u00e9raires, qui mettent le partage au c\u0153ur de l\u2019exp\u00e9rience, r\u00e9inventent le rapport \u00e0 cette activit\u00e9, pour le plus grand plaisir de cette nouvelle g\u00e9n\u00e9ration de lecteurs et lectrices.<\/p>\n<p>        <script async src=\"\/\/www.instagram.com\/embed.js\"><\/script><\/p>\n","protected":false},"excerpt":{"rendered":"Loin des \u00e9crans, les vacanciers et vacanci\u00e8res se laissent s\u00e9duire par le concept des retraites de lecture. Une&hellip;\n","protected":false},"author":2,"featured_media":232102,"comment_status":"","ping_status":"","sticky":false,"template":"","format":"standard","meta":{"footnotes":""},"categories":[1357],"tags":[1379,37095,58,59,1011,27,2046,1380,37096,3686,2528,2453],"class_list":{"0":"post-232101","1":"post","2":"type-post","3":"status-publish","4":"format-standard","5":"has-post-thumbnail","7":"category-livres","8":"tag-books","9":"tag-camps-de-lecture","10":"tag-divertissement","11":"tag-entertainment","12":"tag-fr","13":"tag-france","14":"tag-lecture","15":"tag-livres","16":"tag-retraite-litteraire","17":"tag-sortie","18":"tag-vacances","19":"tag-vacances-dete"},"share_on_mastodon":{"url":"https:\/\/pubeurope.com\/@fr\/114810685014462532","error":""},"_links":{"self":[{"href":"https:\/\/www.europesays.com\/fr\/wp-json\/wp\/v2\/posts\/232101","targetHints":{"allow":["GET"]}}],"collection":[{"href":"https:\/\/www.europesays.com\/fr\/wp-json\/wp\/v2\/posts"}],"about":[{"href":"https:\/\/www.europesays.com\/fr\/wp-json\/wp\/v2\/types\/post"}],"author":[{"embeddable":true,"href":"https:\/\/www.europesays.com\/fr\/wp-json\/wp\/v2\/users\/2"}],"replies":[{"embeddable":true,"href":"https:\/\/www.europesays.com\/fr\/wp-json\/wp\/v2\/comments?post=232101"}],"version-history":[{"count":0,"href":"https:\/\/www.europesays.com\/fr\/wp-json\/wp\/v2\/posts\/232101\/revisions"}],"wp:featuredmedia":[{"embeddable":true,"href":"https:\/\/www.europesays.com\/fr\/wp-json\/wp\/v2\/media\/232102"}],"wp:attachment":[{"href":"https:\/\/www.europesays.com\/fr\/wp-json\/wp\/v2\/media?parent=232101"}],"wp:term":[{"taxonomy":"category","embeddable":true,"href":"https:\/\/www.europesays.com\/fr\/wp-json\/wp\/v2\/categories?post=232101"},{"taxonomy":"post_tag","embeddable":true,"href":"https:\/\/www.europesays.com\/fr\/wp-json\/wp\/v2\/tags?post=232101"}],"curies":[{"name":"wp","href":"https:\/\/api.w.org\/{rel}","templated":true}]}}