{"id":23212,"date":"2025-04-13T22:45:16","date_gmt":"2025-04-13T22:45:16","guid":{"rendered":"https:\/\/www.europesays.com\/fr\/23212\/"},"modified":"2025-04-13T22:45:16","modified_gmt":"2025-04-13T22:45:16","slug":"au-bout-du-suspens-kilonga-qualifiee","status":"publish","type":"post","link":"https:\/\/www.europesays.com\/fr\/23212\/","title":{"rendered":"Au bout du suspens, Kilonga qualifi\u00e9e"},"content":{"rendered":"<p>Vianney aura su m\u00e9nager le suspens. En confrontation avec trois autres chanteuses lors de l\u2019\u00e9preuve des \u00ab\u00a0Groupes\u00a0\u00bb dans The Voice, ce samedi 12\u00a0avril 2025, <a target=\"_self\" href=\"https:\/\/www.lanouvellerepublique.fr\/poitiers\/poitiers-samedi-12-avril-2025-kilonga-fait-sa-deuxieme-apparition-dans-the-voice-1744109734\" rel=\"nofollow noopener\">Kilonga<\/a> a bien cru \u00eatre \u00e9limin\u00e9. Le coach a d\u2019abord s\u00e9lectionn\u00e9 sa partenaire Miya.<\/p>\n<p>Quelques secondes apr\u00e8s, il a \u00e9galement jet\u00e9 son d\u00e9volu sur Kilonga. Une \u00e9tape importante pour la Poitevine puisque seulement six des seize chanteurs de l\u2019\u00e9quipe de Vianney ont pu continuer l\u2019aventure.<\/p>\n<p>Prochaine \u00e9tape\u00a0: les battles<\/p>\n<p>Elle s\u2019est d\u00e9marqu\u00e9e sur la chanson \u00ab\u00a0Alibi\u00a0\u00bb de Sevdaliza, Yseult et Pablo Vittar. Une chanson assez technique puisque les paroles sont dans trois langues diff\u00e9rentes (fran\u00e7ais, portugais et anglais).<\/p>\n<p>Kilonga est donc sortie du lot et continuera sa route pour les Battles.<\/p>\n","protected":false},"excerpt":{"rendered":"Vianney aura su m\u00e9nager le suspens. En confrontation avec trois autres chanteuses lors de l\u2019\u00e9preuve des \u00ab\u00a0Groupes\u00a0\u00bb dans&hellip;\n","protected":false},"author":2,"featured_media":23213,"comment_status":"","ping_status":"","sticky":false,"template":"","format":"standard","meta":{"footnotes":""},"categories":[1356],"tags":[1392,58,59,1011,27,1393,1698,1653,252,1364,1584],"class_list":{"0":"post-23212","1":"post","2":"type-post","3":"status-publish","4":"format-standard","5":"has-post-thumbnail","7":"category-television","8":"tag-a-la-une-local","9":"tag-divertissement","10":"tag-entertainment","11":"tag-fr","12":"tag-france","13":"tag-loisirs","14":"tag-musiques","15":"tag-poitiers","16":"tag-television","17":"tag-tv","18":"tag-vienne"},"share_on_mastodon":{"url":"https:\/\/pubeurope.com\/@fr\/114333084923521809","error":""},"_links":{"self":[{"href":"https:\/\/www.europesays.com\/fr\/wp-json\/wp\/v2\/posts\/23212","targetHints":{"allow":["GET"]}}],"collection":[{"href":"https:\/\/www.europesays.com\/fr\/wp-json\/wp\/v2\/posts"}],"about":[{"href":"https:\/\/www.europesays.com\/fr\/wp-json\/wp\/v2\/types\/post"}],"author":[{"embeddable":true,"href":"https:\/\/www.europesays.com\/fr\/wp-json\/wp\/v2\/users\/2"}],"replies":[{"embeddable":true,"href":"https:\/\/www.europesays.com\/fr\/wp-json\/wp\/v2\/comments?post=23212"}],"version-history":[{"count":0,"href":"https:\/\/www.europesays.com\/fr\/wp-json\/wp\/v2\/posts\/23212\/revisions"}],"wp:featuredmedia":[{"embeddable":true,"href":"https:\/\/www.europesays.com\/fr\/wp-json\/wp\/v2\/media\/23213"}],"wp:attachment":[{"href":"https:\/\/www.europesays.com\/fr\/wp-json\/wp\/v2\/media?parent=23212"}],"wp:term":[{"taxonomy":"category","embeddable":true,"href":"https:\/\/www.europesays.com\/fr\/wp-json\/wp\/v2\/categories?post=23212"},{"taxonomy":"post_tag","embeddable":true,"href":"https:\/\/www.europesays.com\/fr\/wp-json\/wp\/v2\/tags?post=23212"}],"curies":[{"name":"wp","href":"https:\/\/api.w.org\/{rel}","templated":true}]}}