{"id":232123,"date":"2025-07-07T07:19:16","date_gmt":"2025-07-07T07:19:16","guid":{"rendered":"https:\/\/www.europesays.com\/fr\/232123\/"},"modified":"2025-07-07T07:19:16","modified_gmt":"2025-07-07T07:19:16","slug":"quelles-villes-sont-les-plus-visees-en-lorraine","status":"publish","type":"post","link":"https:\/\/www.europesays.com\/fr\/232123\/","title":{"rendered":"quelles villes sont les plus vis\u00e9es en Lorraine ?"},"content":{"rendered":"<p>Chaque jour, 600 domiciles sont \u00ab\u00a0visit\u00e9s\u00a0\u00bb par des malfaiteurs en France. Face \u00e0 ce risque, 74 % des Fran\u00e7ais d\u00e9clarent avoir mis en place un dispositif de surveillance ou de protection, selon l&rsquo;enqu\u00eate\u00a0<a href=\"https:\/\/www.lefigaro.fr\/actualite-france\/face-au-grand-fleau-des-cambriolages-estivaux-les-francais-s-inquietent-et-s-equipent-20250702#:~:text=SONDAGE%20EXCLUSIF%20%2D%20Alors%20que%20600,Goron%2C%20que%20d%C3%A9voile%20Le%20Figaro.\" target=\"_blank\" rel=\"noopener\">r\u00e9v\u00e9l\u00e9e par nos confr\u00e8res du Figaro,<\/a> ce jeudi.<\/p>\n<p><strong>En Lorraine, 5 613\u00a0cambriolages<\/strong>\u00a0ont \u00e9t\u00e9 recens\u00e9s en 2024 &#8211; soit plus de 15 cambriolages par jour &#8211; selon les donn\u00e9es du minist\u00e8re de l&rsquo;Int\u00e9rieur (bas\u00e9es sur les cinq derni\u00e8res ann\u00e9es, de 2020 \u00e0 2024). On en totalisait\u00a0<a href=\"https:\/\/www.estrepublicain.fr\/societe\/2024\/07\/24\/vacances-d-ete-quelles-sont-les-communes-lorraines-les-plus-cambriolees\" target=\"_blank\" rel=\"noopener\">pr\u00e8s de 5 800 en 2023.<\/a>\u00a0<\/p>\n<p>En\u00a0analysant ces chiffres, on observe que plusieurs communes de Lorraine pr\u00e9sentent des taux de cambriolages de 2 \u00e0 pr\u00e8s de 4\u00a0fois sup\u00e9rieurs \u00e0 la moyenne dans l&rsquo;Hexagone (5,38 cambriolages pour 1 000 logements).\u00a0<\/p>\n<p>Dommartemont : la commune la plus cambriol\u00e9e de Lorraine<\/p>\n<p>C&rsquo;est le cas de ces villes de\u00a0Meurthe-et-Moselle :<strong> Lay-Saint-Christophe<\/strong> (13,1 cambriolages pour 1 000 logements), <strong>Maidi\u00e8res<\/strong> (13,2\u2030), et surtout, <strong>Dommartemont<\/strong> <a href=\"https:\/\/www.estrepublicain.fr\/economie\/2025\/05\/28\/dommartemont-c-est-devenu-un-peu-le-neuilly-de-nancy\" target=\"_blank\" rel=\"noopener\">(\u00ab\u00a0le Neuilly de Nancy\u00a0\u00bb)<\/a>\u00a0qui affiche un taux record de <strong>21,4 cambriolages pour 1 000 logements<\/strong>, soit jusqu&rsquo;\u00e0 pr\u00e8s de 4 fois plus que la moyenne nationale.<\/p>\n<p>Ce contenu est bloqu\u00e9 car vous n&rsquo;avez pas accept\u00e9 les cookies et autres traceurs.<\/p>\n<p>En cliquant sur \u00ab J\u2019accepte \u00bb, les cookies et autres traceurs seront d\u00e9pos\u00e9s et vous pourrez visualiser les contenus Flourish (<a href=\"\" class=\"consentModule_policy\" target=\"_blank\" title=\"Consulter la politique de protection des donn\u00e9es du fournisseur\">plus d&rsquo;informations<\/a>).<\/p>\n<p>En cliquant sur \u00ab J\u2019accepte tous les cookies \u00bb, vous autorisez des d\u00e9p\u00f4ts de cookies et autres traceurs pour le stockage de vos donn\u00e9es sur nos sites et applications \u00e0 des fins de personnalisation et de ciblage publicitaire.<\/p>\n<p class=\"consentModule_secondaryText\">&#13;<br \/>\n                Vous gardez la possibilit\u00e9 de retirer votre consentement \u00e0 tout moment en consultant notre <a href=\"https:\/\/www.estrepublicain.fr\/protection-des-donnees\" target=\"_blank\" title=\"Consulter notre politique de protection des donn\u00e9es\" rel=\"noopener\">politique de protection des donn\u00e9es<\/a>. <br \/>&#13;<br \/>\n                <a href=\"https:\/\/www.estrepublicain.fr\/societe\/2025\/07\/06\/javascript:Didomi.notice.show()\" class=\"consentModule_cmp\" target=\"_blank\" rel=\"noopener\">G\u00e9rer mes choix<\/a>&#13;\n            <\/p>\n<p>&#13;<br \/>\n                                J&rsquo;accepte&#13;<br \/>\n                J&rsquo;accepte tous les cookies&#13;\n            <\/p>\n<p><a href=\"https:\/\/public.flourish.studio\/visualisation\/24050537\/\" target=\"_blank\" rel=\"noopener\">Si l&rsquo;infographie ne s&rsquo;affiche pas, cliquez ici.<\/a><\/p>\n<p>  Moselle : le secteur de Metz-Thionville, une zone \u00e0 risque<\/p>\n<p>La Moselle concentre elle aussi plusieurs communes \u00e0 risque, notamment entre Metz et Thionville, \u00e0 proximit\u00e9 avec les fronti\u00e8res luxembourgeoise et allemande : Kanfen : (14,1\u2030),\u00a0Plappeville : (13,5\u2030),\u00a0Lorry-l\u00e8s-Metz : (12,9 \u2030), et enfin,\u00a0Marly : (11,9\u2030).\u00a0<\/p>\n<p>  Vosges : Les Forges se\u00a0d\u00e9marque<\/p>\n<p>Si le d\u00e9partement des Vosges est moins peupl\u00e9\u00a0que les deux d\u00e9partements pr\u00e9c\u00e9dents, le territoire n&rsquo;\u00e9chappe pas non plus aux cambriolages. Plusieurs communes\u00a0sont la cible des malfaiteurs. En premi\u00e8re position, Les Forges : (12,4\u2030),\u00a0Nomexy : (8,7\u2030),\u00a0Deyvillers : (8,1\u2030),\u00a0Chantraine : (7,3\u2030), et enfin,\u00a0Saint-L\u00e9onard : (6,9\u2030).<\/p>\n<p>  Meuse\u00a0: le taux de cambriolages le plus \u00e9lev\u00e9 en Lorraine<\/p>\n<p>En\u00a0Meuse &#8211; un d\u00e9partement \u00e9galement rural &#8211; plusieurs communes affichent des taux \u00e9lev\u00e9s :\u00a0Tronville-en-Barrois (10,4\u2030), Verdun (7,5\u2030), Fains-V\u00e9el (7\u2030), Thierville-sur-Meuse (5,2\u2030), et enfin, Bar-le-Duc (4,9\u2030).<\/p>\n<p>Comme le montre notre infographie ci-dessous, c&rsquo;est la Meuse qui enregistre le taux de cambriolages le plus \u00e9lev\u00e9 en Lorraine en 2024, avec <strong>5,5 cambriolages pour 1 000 logements<\/strong>.<\/p>\n<p>Ce contenu est bloqu\u00e9 car vous n&rsquo;avez pas accept\u00e9 les cookies et autres traceurs.<\/p>\n<p>En cliquant sur \u00ab J\u2019accepte \u00bb, les cookies et autres traceurs seront d\u00e9pos\u00e9s et vous pourrez visualiser les contenus Flourish (<a href=\"\" class=\"consentModule_policy\" target=\"_blank\" title=\"Consulter la politique de protection des donn\u00e9es du fournisseur\">plus d&rsquo;informations<\/a>).<\/p>\n<p>En cliquant sur \u00ab J\u2019accepte tous les cookies \u00bb, vous autorisez des d\u00e9p\u00f4ts de cookies et autres traceurs pour le stockage de vos donn\u00e9es sur nos sites et applications \u00e0 des fins de personnalisation et de ciblage publicitaire.<\/p>\n<p class=\"consentModule_secondaryText\">&#13;<br \/>\n                Vous gardez la possibilit\u00e9 de retirer votre consentement \u00e0 tout moment en consultant notre <a href=\"https:\/\/www.estrepublicain.fr\/protection-des-donnees\" target=\"_blank\" title=\"Consulter notre politique de protection des donn\u00e9es\" rel=\"noopener\">politique de protection des donn\u00e9es<\/a>. <br \/>&#13;<br \/>\n                <a href=\"https:\/\/www.estrepublicain.fr\/societe\/2025\/07\/06\/javascript:Didomi.notice.show()\" class=\"consentModule_cmp\" target=\"_blank\" rel=\"noopener\">G\u00e9rer mes choix<\/a>&#13;\n            <\/p>\n<p>&#13;<br \/>\n                                J&rsquo;accepte&#13;<br \/>\n                J&rsquo;accepte tous les cookies&#13;\n            <\/p>\n<p class=\"note\"><a href=\"https:\/\/public.flourish.studio\/visualisation\/24050192\/\" target=\"_blank\" rel=\"noopener\">Si l&rsquo;infographie ne s&rsquo;affiche pas, cliquez ici.<\/a><\/p>\n<p>En deuxi\u00e8me position, on retrouve la Moselle (5,1\u2030), la Meurthe-et-Moselle (5\u2030), et enfin, les Vosges bien en retrait (3,7\u2030). Tous ces d\u00e9partements se situent\u00a0sous la <strong>moyenne nationale qui s&rsquo;\u00e9l\u00e8ve \u00e0 6,5\u2030.<\/strong><\/p>\n<p>Enfin, au niveau national, c&rsquo;est le d\u00e9partement des Bouches-du-Rh\u00f4ne\u00a0qui affiche le taux de cambriolages le plus \u00e9lev\u00e9, avec 9,4 effractions pour 1 000 habitants, suivi de l&rsquo;Is\u00e8re\u00a0(9,1\u2030) et la Gironde (8,7\u2030).<\/p>\n<p class=\"insetTitle\">Nos conseils pour limiter les risques de cambriolages<\/p>\n<p>Vous partez cet \u00e9t\u00e9 ? Sachez qu&rsquo;il existe le <strong>dispositif\u00a0Op\u00e9ration tranquillit\u00e9 vacances<\/strong> (OTV). L\u2019\u00c9tat\u00a0se\u00a0charge ainsi de surveiller votre logement <strong>gratuitement<\/strong>. Des patrouilles sont organis\u00e9es pour passer aux abords de votre domicile. Vous serez imm\u00e9diatement pr\u00e9venu en cas d&rsquo;anomalies (d\u00e9gradations, cambriolage&#8230;).<\/p>\n<p><strong><a href=\"https:\/\/www.service-public.fr\/particuliers\/vosdroits\/R43241\" target=\"_blank\" rel=\"noopener\">Pour faire la d\u00e9marche en ligne, cliquez ici.<\/a><\/strong><\/p>\n<p>Vous pouvez aussi simuler une pr\u00e9sence en faisant relever votre courrier par un voisin et en lui demandant d&rsquo;ouvrir vos volets.<\/p>\n<p>\u00c0 l&rsquo;inverse, parmi\u00a0les d\u00e9partement les moins expos\u00e9s, on retrouve en premi\u00e8re position la Loz\u00e8re (1,2\u2030), le Cantal (1,9\u2030) et les Hautes-Alpes (2,4\u2030).<\/p>\n","protected":false},"excerpt":{"rendered":"Chaque jour, 600 domiciles sont \u00ab\u00a0visit\u00e9s\u00a0\u00bb par des malfaiteurs en France. Face \u00e0 ce risque, 74 % des&hellip;\n","protected":false},"author":2,"featured_media":232124,"comment_status":"","ping_status":"","sticky":false,"template":"","format":"standard","meta":{"footnotes":""},"categories":[9635],"tags":[1111,11,12163,3602,1707,1704,1706,1705,10174,1777,674,107,1011,27,775,1116,230,3457,1702,12,3456,25,273,104],"class_list":{"0":"post-232123","1":"post","2":"type-post","3":"status-publish","4":"format-standard","5":"has-post-thumbnail","7":"category-nancy","8":"tag-actu","9":"tag-actualites","10":"tag-data","11":"tag-edition-bar-le-duc","12":"tag-edition-luneville","13":"tag-edition-nancy-et-agglomeration","14":"tag-edition-pont-a-mousson","15":"tag-edition-toul","16":"tag-edition-verdun","17":"tag-eu","18":"tag-europe","19":"tag-fil-info","20":"tag-fr","21":"tag-france","22":"tag-grand-est","23":"tag-immobilier","24":"tag-infographie","25":"tag-meurthe-et-moselle","26":"tag-nancy","27":"tag-news","28":"tag-region-lorraine","29":"tag-republique-francaise","30":"tag-selection-de-la-redaction","31":"tag-societe"},"share_on_mastodon":{"url":"https:\/\/pubeurope.com\/@fr\/114810739958796951","error":""},"_links":{"self":[{"href":"https:\/\/www.europesays.com\/fr\/wp-json\/wp\/v2\/posts\/232123","targetHints":{"allow":["GET"]}}],"collection":[{"href":"https:\/\/www.europesays.com\/fr\/wp-json\/wp\/v2\/posts"}],"about":[{"href":"https:\/\/www.europesays.com\/fr\/wp-json\/wp\/v2\/types\/post"}],"author":[{"embeddable":true,"href":"https:\/\/www.europesays.com\/fr\/wp-json\/wp\/v2\/users\/2"}],"replies":[{"embeddable":true,"href":"https:\/\/www.europesays.com\/fr\/wp-json\/wp\/v2\/comments?post=232123"}],"version-history":[{"count":0,"href":"https:\/\/www.europesays.com\/fr\/wp-json\/wp\/v2\/posts\/232123\/revisions"}],"wp:featuredmedia":[{"embeddable":true,"href":"https:\/\/www.europesays.com\/fr\/wp-json\/wp\/v2\/media\/232124"}],"wp:attachment":[{"href":"https:\/\/www.europesays.com\/fr\/wp-json\/wp\/v2\/media?parent=232123"}],"wp:term":[{"taxonomy":"category","embeddable":true,"href":"https:\/\/www.europesays.com\/fr\/wp-json\/wp\/v2\/categories?post=232123"},{"taxonomy":"post_tag","embeddable":true,"href":"https:\/\/www.europesays.com\/fr\/wp-json\/wp\/v2\/tags?post=232123"}],"curies":[{"name":"wp","href":"https:\/\/api.w.org\/{rel}","templated":true}]}}