{"id":232164,"date":"2025-07-07T07:47:10","date_gmt":"2025-07-07T07:47:10","guid":{"rendered":"https:\/\/www.europesays.com\/fr\/232164\/"},"modified":"2025-07-07T07:47:10","modified_gmt":"2025-07-07T07:47:10","slug":"on-a-assiste-a-son-show-a-paris-et-ca-promet","status":"publish","type":"post","link":"https:\/\/www.europesays.com\/fr\/232164\/","title":{"rendered":"on a assist\u00e9 \u00e0 son show \u00e0 Paris (et \u00e7a promet)"},"content":{"rendered":"<p>\u00ab\u00a0Kylie aime la France, la France aime Kylie\u00a0\u00bb\u00a0: ce sont ces mots tendus par un fan que Kylie Minogue a lu dimanche dernier \u00e0 Paris devant 20\u00a0000 personnes dans un Accor Arena comble.<\/p>\n<p>L\u2019atmosph\u00e8re caniculaire \u00e9tait d\u2019autant plus br\u00fblante pour la chanteuse, apparue gant\u00e9e sur sc\u00e8ne dans une combinaison violette d\u2019une mati\u00e8re tout sauf respirante, le latex. \u00ab\u00a0C\u2019\u00e9tait vraiment le bon jour pour porter \u00e7a\u00a0\u00bb, s\u2019amuse-t-elle avec son regard bleu profond p\u00e9tillant et son immense sourire diffus\u00e9 sur deux \u00e9crans g\u00e9ants.<\/p>\n<p><strong>\u00a0&gt;&gt;&amp;nb&#8230;<\/strong><\/p>\n","protected":false},"excerpt":{"rendered":"\u00ab\u00a0Kylie aime la France, la France aime Kylie\u00a0\u00bb\u00a0: ce sont ces mots tendus par un fan que Kylie&hellip;\n","protected":false},"author":2,"featured_media":232165,"comment_status":"","ping_status":"","sticky":false,"template":"","format":"standard","meta":{"footnotes":""},"categories":[1889],"tags":[1111,11,2430,1687,2757,1777,674,107,1011,27,2428,2756,873,12,25,2429,3151,3140],"class_list":{"0":"post-232164","1":"post","2":"type-post","3":"status-publish","4":"format-standard","5":"has-post-thumbnail","7":"category-lyon","8":"tag-actu","9":"tag-actualites","10":"tag-auvergne-rhone-alpes","11":"tag-culture-loisirs","12":"tag-edition-lyon-villeurbanne","13":"tag-eu","14":"tag-europe","15":"tag-fil-info","16":"tag-fr","17":"tag-france","18":"tag-lyon","19":"tag-lyon-bassin","20":"tag-musique","21":"tag-news","22":"tag-republique-francaise","23":"tag-rhone","24":"tag-selection-de-la-redaction-69","25":"tag-spectacle"},"share_on_mastodon":{"url":"https:\/\/pubeurope.com\/@fr\/114810850087920465","error":""},"_links":{"self":[{"href":"https:\/\/www.europesays.com\/fr\/wp-json\/wp\/v2\/posts\/232164","targetHints":{"allow":["GET"]}}],"collection":[{"href":"https:\/\/www.europesays.com\/fr\/wp-json\/wp\/v2\/posts"}],"about":[{"href":"https:\/\/www.europesays.com\/fr\/wp-json\/wp\/v2\/types\/post"}],"author":[{"embeddable":true,"href":"https:\/\/www.europesays.com\/fr\/wp-json\/wp\/v2\/users\/2"}],"replies":[{"embeddable":true,"href":"https:\/\/www.europesays.com\/fr\/wp-json\/wp\/v2\/comments?post=232164"}],"version-history":[{"count":0,"href":"https:\/\/www.europesays.com\/fr\/wp-json\/wp\/v2\/posts\/232164\/revisions"}],"wp:featuredmedia":[{"embeddable":true,"href":"https:\/\/www.europesays.com\/fr\/wp-json\/wp\/v2\/media\/232165"}],"wp:attachment":[{"href":"https:\/\/www.europesays.com\/fr\/wp-json\/wp\/v2\/media?parent=232164"}],"wp:term":[{"taxonomy":"category","embeddable":true,"href":"https:\/\/www.europesays.com\/fr\/wp-json\/wp\/v2\/categories?post=232164"},{"taxonomy":"post_tag","embeddable":true,"href":"https:\/\/www.europesays.com\/fr\/wp-json\/wp\/v2\/tags?post=232164"}],"curies":[{"name":"wp","href":"https:\/\/api.w.org\/{rel}","templated":true}]}}