{"id":232184,"date":"2025-07-07T07:57:10","date_gmt":"2025-07-07T07:57:10","guid":{"rendered":"https:\/\/www.europesays.com\/fr\/232184\/"},"modified":"2025-07-07T07:57:10","modified_gmt":"2025-07-07T07:57:10","slug":"les-prix-de-limmobilier-au-royaume-uni-stagnent-en-juin-selon-halifax","status":"publish","type":"post","link":"https:\/\/www.europesays.com\/fr\/232184\/","title":{"rendered":"Les prix de l&rsquo;immobilier au Royaume-Uni stagnent en juin, selon Halifax"},"content":{"rendered":"<p>Les prix des logements britanniques sont rest\u00e9s stables d&rsquo;un mois sur l&rsquo;autre en juin, conform\u00e9ment aux pr\u00e9visions des \u00e9conomistes interrog\u00e9s par Reuters, d&rsquo;apr\u00e8s les donn\u00e9es publi\u00e9es lundi par Halifax.<\/p>\n<p>\nL&rsquo;organisme de cr\u00e9dit hypoth\u00e9caire a r\u00e9vis\u00e9 \u00e0 la hausse les chiffres du mois de mai, indiquant d\u00e9sormais une baisse de 0,3\u00a0% au lieu de 0,4\u00a0% pr\u00e9c\u00e9demment annonc\u00e9e.<\/p>\n<p>\nHalifax pr\u00e9cise \u00e9galement que les prix des logements \u00e9taient sup\u00e9rieurs de 2,5\u00a0% sur un an au mois de juin.<\/p>\n","protected":false},"excerpt":{"rendered":"Les prix des logements britanniques sont rest\u00e9s stables d&rsquo;un mois sur l&rsquo;autre en juin, conform\u00e9ment aux pr\u00e9visions des&hellip;\n","protected":false},"author":2,"featured_media":232185,"comment_status":"","ping_status":"","sticky":false,"template":"","format":"standard","meta":{"footnotes":""},"categories":[1588],"tags":[11,340,1777,674,12,473,1853,1851,1850,1852],"class_list":{"0":"post-232184","1":"post","2":"type-post","3":"status-publish","4":"format-standard","5":"has-post-thumbnail","7":"category-royaume-uni","8":"tag-actualites","9":"tag-bourse","10":"tag-eu","11":"tag-europe","12":"tag-news","13":"tag-royaume-uni","14":"tag-royaume-uni-de-grande-bretagne-et-dirlande-du-nord","15":"tag-uk","16":"tag-united-kingdom","17":"tag-united-kingdom-of-great-britain-and-northern-ireland"},"share_on_mastodon":{"url":"https:\/\/pubeurope.com\/@fr\/114810889424515252","error":""},"_links":{"self":[{"href":"https:\/\/www.europesays.com\/fr\/wp-json\/wp\/v2\/posts\/232184","targetHints":{"allow":["GET"]}}],"collection":[{"href":"https:\/\/www.europesays.com\/fr\/wp-json\/wp\/v2\/posts"}],"about":[{"href":"https:\/\/www.europesays.com\/fr\/wp-json\/wp\/v2\/types\/post"}],"author":[{"embeddable":true,"href":"https:\/\/www.europesays.com\/fr\/wp-json\/wp\/v2\/users\/2"}],"replies":[{"embeddable":true,"href":"https:\/\/www.europesays.com\/fr\/wp-json\/wp\/v2\/comments?post=232184"}],"version-history":[{"count":0,"href":"https:\/\/www.europesays.com\/fr\/wp-json\/wp\/v2\/posts\/232184\/revisions"}],"wp:featuredmedia":[{"embeddable":true,"href":"https:\/\/www.europesays.com\/fr\/wp-json\/wp\/v2\/media\/232185"}],"wp:attachment":[{"href":"https:\/\/www.europesays.com\/fr\/wp-json\/wp\/v2\/media?parent=232184"}],"wp:term":[{"taxonomy":"category","embeddable":true,"href":"https:\/\/www.europesays.com\/fr\/wp-json\/wp\/v2\/categories?post=232184"},{"taxonomy":"post_tag","embeddable":true,"href":"https:\/\/www.europesays.com\/fr\/wp-json\/wp\/v2\/tags?post=232184"}],"curies":[{"name":"wp","href":"https:\/\/api.w.org\/{rel}","templated":true}]}}