{"id":232189,"date":"2025-07-07T08:00:21","date_gmt":"2025-07-07T08:00:21","guid":{"rendered":"https:\/\/www.europesays.com\/fr\/232189\/"},"modified":"2025-07-07T08:00:21","modified_gmt":"2025-07-07T08:00:21","slug":"tdf-tour-de-france-mathieu-van-der-poel-on-va-essayer-de-savourer-le-maillot-jaune","status":"publish","type":"post","link":"https:\/\/www.europesays.com\/fr\/232189\/","title":{"rendered":"TDF. Tour de France &#8211; Mathieu van der Poel: \u00abOn va essayer de savourer le maillot jaune\u00bb"},"content":{"rendered":"<p>Il \u00e9tait annonc\u00e9 parmi les favoris, et il a parfaitement assum\u00e9 son statut ! <strong>Mathieu Van der Poel <\/strong>(Alpecin-Deceuninck) a paru impressionnant de ma\u00eetrise dans le final de la 2e \u00e9tape du <strong><a href=\"https:\/\/www.cyclismactu.net\/..\/news-tour-de-france-route-mathieu-van-der-poel-2e-etape-et-jaune-tadej-pogacar-battu-88745.html\" target=\"_blank\" rel=\"nofollow noopener\">Tour de France<\/a> <\/strong>pour dominer au sprint <strong>Tadej Pogacar <\/strong>(UAE Team Emirates XRG) et <strong><a href=\"https:\/\/www.cyclismactu.net\/..\/news-tdf-route-tour-de-france-jonas-vingegaard-simon-yates-c-est-un-vrai-coup-dur-88738.html\" target=\"_blank\" rel=\"nofollow noopener\">Jonas Vingegaard<\/a> <\/strong>(Team Visma | Lease a Bike). Dans une arriv\u00e9e r\u00e9pondant parfaitement \u00e0 ses caract\u00e9ristiques, le N\u00e9erlandais fait coup double en r\u00e9cup\u00e9rant le maillot jaune \u00e0 son co\u00e9quipier <strong>Jasper Philipsen<\/strong>. L&rsquo;ancien champion du monde va donc \u00e0 nouveau rev\u00eatir la tunique de leader, 4 ans apr\u00e8s l&rsquo;avoir port\u00e9e pour la premi\u00e8re fois.<\/p>\n<p>Vid\u00e9o &#8211; La r\u00e9action de Mathieu Van der Poel en vid\u00e9o Lire la suite de l&rsquo;article&#13;<\/p>\n<p>\u00a0<\/p>\n<p>&#13;<br \/>\n\u00ab\u00a0Quand on voit qui arrive 2e et 3e&#8230;\u00a0\u00e7a en dit long sur la difficult\u00e9 de la course\u00a0\u00bb&#13;<\/p>\n<p>Vainqueur de la 2e \u00e9tape, <strong>Mathieu Van der Poel <\/strong>a une nouvelle fois \u00e9t\u00e9 tr\u00e8s costaud, dans un final qu&rsquo;il imaginait pourtant moins dur :\u00a0\u00ab\u00a0C&rsquo;\u00e9tait super difficile, le final \u00e9tait plus dur que je ne le pensais. Mais j&rsquo;\u00e9tais vraiment motiv\u00e9. Enfin, quatre ans apr\u00e8s ma premi\u00e8re victoire, il \u00e9tait temps que j&rsquo;en remporte une deuxi\u00e8me ! C&rsquo;est aussi la deuxi\u00e8me fois que je suis r\u00e9compens\u00e9 avec le Maillot Jaune, donc je pense que \u00e7a valait le coup d&rsquo;attendre ! Bien s\u00fbr, les gens me donnaient favori, mais quand on voit quels coureurs \u00e9taient en t\u00eate dans les mont\u00e9es, je pense que j&rsquo;ai vraiment fait une belle performance. L&rsquo;\u00e9quipe m&rsquo;a dit d&rsquo;\u00e9tudier les 500 derniers m\u00e8tres. Nous avions une vid\u00e9o de l&rsquo;arriv\u00e9e et je l&rsquo;ai regard\u00e9e plusieurs fois.\u00a0Je savais ce que je voulais faire et j&rsquo;ai pu l&rsquo;ex\u00e9cuter parfaitement.\u00a0<\/p>\n<p>&#13;<\/p>\n<p>\u00ab\u00a0C&rsquo;est devenu un peu d\u00e9licat dans les 10 derniers kilom\u00e8tres avec quelques attaques, mais j&rsquo;ai fait preuve de patience, en esp\u00e9rant que tout rentrerait dans l&rsquo;ordre, et au dernier kilom\u00e8tre, je savais parfaitement quoi faire. J&rsquo;avais d\u00e9j\u00e0 en t\u00eate ce que je voulais faire en cas de sprint, mais quand on voit qui arrive deuxi\u00e8me (Tadej Pogacar) et troisi\u00e8me (Jonas Vingegaard), cela en dit long sur la difficult\u00e9 de la course. Je n&rsquo;ai pas os\u00e9 lever les bras avant la ligne d&rsquo;arriv\u00e9e, mais c&rsquo;est un moment incroyable\u00a0\u00bb, se r\u00e9jouit-il.<\/p>\n<p>&#13;<\/p>\n<p>\u00a0<\/p>\n<p>&#13;<br \/>\n\u00ab\u00a0J&rsquo;ai eu un peu de mal ces derni\u00e8res ann\u00e9es sur le Tour\u00a0\u00bb&#13;<\/p>\n<p>\u00ab\u00a0Ils avaient pr\u00e9vu du vent de face dans la derni\u00e8re ascension, donc je pensais que Jasper Philipsen aurait une chance, mais les mont\u00e9es ont \u00e9t\u00e9 plus difficiles que pr\u00e9vu et le rythme \u00e9tait tr\u00e8s \u00e9lev\u00e9. Au sommet de l&rsquo;avant-derni\u00e8re ascension, nous n&rsquo;\u00e9tions plus que huit coureurs en t\u00eate. C&rsquo;est un r\u00eave pour l&rsquo;\u00e9quipe. Tout ce qui vient maintenant, c\u2019est du bonus. J&rsquo;esp\u00e8re pouvoir conserver le maillot jusqu&rsquo;au contre-la-montre, ensuite ce sera tr\u00e8s difficile. Mon objectif \u00e9tait simplement de remporter une \u00e9tape et je suis tr\u00e8s heureux d&rsquo;y \u00eatre parvenu.\u00a0<\/p>\n<p>&#13;<\/p>\n<p>J&rsquo;ai eu un peu de mal ces derni\u00e8res ann\u00e9es sur le Tour. C&rsquo;est aussi une question de circonstances. J&rsquo;ai un parcours auquel je suis habitu\u00e9, sur lequel je suis bon d\u00e8s la premi\u00e8re semaine, et \u00e7a fait la diff\u00e9rence, bien s\u00fbr. Cela montre aussi combien il est difficile de remporter une \u00e9tape du Tour en g\u00e9n\u00e9ral.\u00a0Nous avons essay\u00e9 de copier la pr\u00e9paration un peu comme lors d&rsquo;une saison de Classiques, et je pense que c&rsquo;\u00e9tait une bonne d\u00e9cision.\u00a0C&rsquo;est un d\u00e9but de Tour de France exceptionnel pour notre \u00e9quipe. Nous allons essayer de savourer le maillot jaune tant que nous l&rsquo;aurons dans notre \u00e9quipe\u00a0\u00bb, a conclu <strong>Mathieu van der Poel<\/strong>.<\/p>\n<p>Tour de France &#8211; Classement de la 2\u00e8 \u00e9tape Tour de France &#8211; Classement g\u00e9n\u00e9ral provisoire apr\u00e8s la 2\u00e8 \u00e9tape<\/p>\n","protected":false},"excerpt":{"rendered":"Il \u00e9tait annonc\u00e9 parmi les favoris, et il a parfaitement assum\u00e9 son statut ! Mathieu Van der Poel&hellip;\n","protected":false},"author":2,"featured_media":232190,"comment_status":"","ping_status":"","sticky":false,"template":"","format":"standard","meta":{"footnotes":""},"categories":[1586],"tags":[11,207,1777,674,1779,211,1011,27,12,25,209,210,212,1778,364,208,213],"class_list":{"0":"post-232189","1":"post","2":"type-post","3":"status-publish","4":"format-standard","5":"has-post-thumbnail","7":"category-europe","8":"tag-actualites","9":"tag-cyclisme","10":"tag-eu","11":"tag-europe","12":"tag-european-union","13":"tag-ffc","14":"tag-fr","15":"tag-france","16":"tag-news","17":"tag-republique-francaise","18":"tag-route","19":"tag-tour-de-france","20":"tag-uci","21":"tag-ue","22":"tag-union-europeenne","23":"tag-velo","24":"tag-world-tour"},"share_on_mastodon":{"url":"https:\/\/pubeurope.com\/@fr\/114810901211977617","error":""},"_links":{"self":[{"href":"https:\/\/www.europesays.com\/fr\/wp-json\/wp\/v2\/posts\/232189","targetHints":{"allow":["GET"]}}],"collection":[{"href":"https:\/\/www.europesays.com\/fr\/wp-json\/wp\/v2\/posts"}],"about":[{"href":"https:\/\/www.europesays.com\/fr\/wp-json\/wp\/v2\/types\/post"}],"author":[{"embeddable":true,"href":"https:\/\/www.europesays.com\/fr\/wp-json\/wp\/v2\/users\/2"}],"replies":[{"embeddable":true,"href":"https:\/\/www.europesays.com\/fr\/wp-json\/wp\/v2\/comments?post=232189"}],"version-history":[{"count":0,"href":"https:\/\/www.europesays.com\/fr\/wp-json\/wp\/v2\/posts\/232189\/revisions"}],"wp:featuredmedia":[{"embeddable":true,"href":"https:\/\/www.europesays.com\/fr\/wp-json\/wp\/v2\/media\/232190"}],"wp:attachment":[{"href":"https:\/\/www.europesays.com\/fr\/wp-json\/wp\/v2\/media?parent=232189"}],"wp:term":[{"taxonomy":"category","embeddable":true,"href":"https:\/\/www.europesays.com\/fr\/wp-json\/wp\/v2\/categories?post=232189"},{"taxonomy":"post_tag","embeddable":true,"href":"https:\/\/www.europesays.com\/fr\/wp-json\/wp\/v2\/tags?post=232189"}],"curies":[{"name":"wp","href":"https:\/\/api.w.org\/{rel}","templated":true}]}}