{"id":23220,"date":"2025-04-13T22:55:10","date_gmt":"2025-04-13T22:55:10","guid":{"rendered":"https:\/\/www.europesays.com\/fr\/23220\/"},"modified":"2025-04-13T22:55:10","modified_gmt":"2025-04-13T22:55:10","slug":"musique-bretonne-henri-morvan-le-dernier-des-freres-morvan-est-mort","status":"publish","type":"post","link":"https:\/\/www.europesays.com\/fr\/23220\/","title":{"rendered":"Musique bretonne\u00a0: Henri Morvan, le dernier des fr\u00e8res Morvan, est mort"},"content":{"rendered":"<p>Il \u00e9tait le dernier des fameux \u00ab\u00a0fr\u00e8res Morvan\u00a0\u00bb, groupe de chanteurs de kan ha diskan (en fran\u00e7ais, chant et contre chant) qui avaient commenc\u00e9 leur carri\u00e8re en 1958. Henri Morvan est mort. <a href=\"https:\/\/www.ouest-france.fr\/necrologie\/figure-du-chant-traditionnel-breton-henri-morvan-le-dernier-des-freres-morvan-est-decede-a-93-ans-3786f048-17af-11f0-8663-b0a0331793f2\" target=\"_blank\" rel=\"noopener\">Nos confr\u00e8res de Ouest-France l\u2019ont annonc\u00e9 ce samedi 12 avril<\/a>, en fin d\u2019apr\u00e8s-midi. Le T\u00e9l\u00e9gramme a pu se faire confirmer l\u2019information.<\/p>\n<p>Quatre fr\u00e8res<\/p>\n<p>Les fr\u00e8res Morvan, agriculteurs, reconnaissables sur sc\u00e8ne \u00e0 leurs chemises \u00e0 carreaux, casquette viss\u00e9e sur la t\u00eate, \u00e9taient originaires du village de Botcol, \u00e0 Saint-Nicod\u00e8me (22), entre Callac et Rostrenen. Il y avait Yves (mort en 1984), Fran\u00e7ois (d\u00e9c\u00e9d\u00e9 en 2012), Yvon (mort en 2022) et Henri, donc, qui vivait toujours \u00e0 Botcol, aux c\u00f4t\u00e9s de sa belle-s\u0153ur, Agn\u00e8s. Il avait 93 ans.<\/p>\n<p>\u00ab\u00a0Ils ont commenc\u00e9 \u00e0 Saint-Servais, \u00e0 la chapelle de Burthulet, le 30 octobre 1958, rappelle Christian Coail, pr\u00e9sident du conseil d\u00e9partemental des C\u00f4tes-d\u2019Armor, maire de cette commune frontali\u00e8re de Saint-Nicod\u00e8me, et voisin des c\u00e9l\u00e8bres chanteurs. Les fr\u00e8res Morvan, c\u2019\u00e9tait la pi\u00e8ce ma\u00eetresse de tous les festo\u00f9-noz, \u00e0 l\u2019occasion du pardon de Burthulet. Le jour du pardon, ils portaient la croix\u00a0\u00bb.<\/p>\n<p>C\u2019est dans une famille o\u00f9 on parle le breton que les fr\u00e8res Morvan ont appris le kan ha diskan de leur m\u00e8re. Un h\u00e9ritage familial transmis par leurs grands-p\u00e8res et qu\u2019ils reprennent \u00e0 leur compte lors des repas. Pendant plus de soixante ans, ils ont jou\u00e9 un r\u00f4le de transmission du patrimoine chant\u00e9 et oral breton. Un r\u00f4le qui avait d\u2018ailleurs \u00e9t\u00e9 salu\u00e9 par le minist\u00e8re de la Culture, en 2019, lorsqu\u2019Yvon et Henri Morvan avaient \u00e9t\u00e9 \u00e9lev\u00e9s au rang de Commandeur des Arts et des Lettres. Un \u00ab\u00a0joli coucou\u00a0\u00bb \u00e0 leur carri\u00e8re, <a href=\"https:\/\/www.letelegramme.fr\/cotes-d-armor\/saint-nicodeme-22160\/un-joli-coucou-a-la-carriere-des-freres-morvan-3569604.php\" target=\"_blank\" rel=\"noopener\">titrait alors Le T\u00e9l\u00e9gramme<\/a>, r\u00e9f\u00e9rence \u00e0 leur plus grand \u00ab\u00a0tube\u00a0\u00bb.<\/p>\n<\/p>\n<p>\u00ab\u00a0Incroyable moment\u00a0\u00bb aux Vieilles Charrues<\/p>\n<p>Avant cela, en 2009, Henri et Yvon <a href=\"https:\/\/www.letelegramme.fr\/culture-loisirs\/festivals\/vieilles-charrues\/spanvieilles-charrues-spanfiers-tambours-au-pays-des-rois-morvan-3953259.php\" target=\"_blank\" rel=\"noopener\">\u00e9taient mont\u00e9s sur la sc\u00e8ne des Vieilles Charrues, \u00e0 Carhaix (29),<\/a> avec Les Tambours du Bronx. Un \u00ab\u00a0incroyable moment\u00a0\u00bb, se rem\u00e9more Jean-Jacques Toux, programmateur du festival. \u00ab\u00a0Comme ses fr\u00e8res, Henri \u00e9tait un \u00eatre attachant. Les fr\u00e8res Morvan \u00e9taient la cath\u00e9drale bretonne, populaire et agricole. Pendant des ann\u00e9es, ils sont venus inaugurer le festival en effectuant le traditionnel tir\u00e9 de charrue. Ils \u00e9taient de sacr\u00e9s blagueurs et de v\u00e9ritables pince-sans-rire. Je suis vraiment triste car ils \u00e9taient de chouettes personnages qui incarnaient parfaitement le Centre-Bretagne. Ils \u00e9taient proches de leurs terres et de la culture bretonne.\u00a0\u00bb<\/p>\n<p>Dernier fest-noz en 2019<\/p>\n<p>Les fr\u00e8res Morvan avaient arr\u00eat\u00e9 les festo\u00f9-noz en 2019. Une nouvelle qu\u2019ils avaient annonc\u00e9 lors du traditionnel fest-noz de la Toussaint, organis\u00e9 \u00e0 Paimpol (22) par l\u2019Union d\u00e9mocratique bretonne. \u00ab\u00a0On est contents de faire ce qu\u2019on a fait, en restant en Bretagne, expliquait Henri au T\u00e9l\u00e9gramme. On n\u2019est jamais all\u00e9s \u00e0 Paris, m\u00eame pas pour nos distinctions. Apr\u00e8s tout, le ministre peut bien venir \u00e0 nous s\u2019il le souhaite\u2026 C\u2019est bien simple, moi, je n\u2019ai jamais mis les pieds en France. Pour quoi faire\u00a0? M\u00eame pas pour trouver une fianc\u00e9e\u00a0! Ici, il y en a \u00e0 tous les coins de rue\u00a0\u00bb.<\/p>\n<p>\u00ab\u00a0C\u2019est un \u00e9l\u00e9ment important de la culture bretonne qui s\u2019en va, souligne Pierre Morvan, organisateur du festival du Chant de marin et du fest-noz de la Toussaint. Leur dernier fest-noz fut une soir\u00e9e empreinte d\u2019\u00e9motion, une prestation qui a \u00e9t\u00e9 suivie d\u2019une standing-ovation. Les fr\u00e8res Morvan parlaient aux gens et ils avaient un public qui les suivait. Ils \u00e9taient appr\u00e9ci\u00e9s pour leur simplicit\u00e9, leur humilit\u00e9 et leur humour. Comme ses fr\u00e8res, Henri avait une telle \u00e9tincelle dans son regard qu\u2019on savait qu\u2019il allait sortir une plaisanterie. Les fr\u00e8res Morvan \u00e9taient des figures symboliques de la sc\u00e8ne bretonne. Une l\u00e9gende.\u00a0\u00bb<\/p>\n","protected":false},"excerpt":{"rendered":"Il \u00e9tait le dernier des fameux \u00ab\u00a0fr\u00e8res Morvan\u00a0\u00bb, groupe de chanteurs de kan ha diskan (en fran\u00e7ais, chant&hellip;\n","protected":false},"author":2,"featured_media":23221,"comment_status":"","ping_status":"","sticky":false,"template":"","format":"standard","meta":{"footnotes":""},"categories":[8],"tags":[11,829,8509,5934,2171,872,58,765,59,1011,27,873,8510,8508],"class_list":{"0":"post-23220","1":"post","2":"type-post","3":"status-publish","4":"format-standard","5":"has-post-thumbnail","7":"category-divertissement","8":"tag-actualites","9":"tag-bretagne","10":"tag-callac","11":"tag-carhaix-plouguer","12":"tag-cotes-darmor","13":"tag-culture-et-loisirs","14":"tag-divertissement","15":"tag-en-continu","16":"tag-entertainment","17":"tag-fr","18":"tag-france","19":"tag-musique","20":"tag-musique-bretonne","21":"tag-saint-nicodeme"},"share_on_mastodon":{"url":"https:\/\/pubeurope.com\/@fr\/114333124136807808","error":""},"_links":{"self":[{"href":"https:\/\/www.europesays.com\/fr\/wp-json\/wp\/v2\/posts\/23220","targetHints":{"allow":["GET"]}}],"collection":[{"href":"https:\/\/www.europesays.com\/fr\/wp-json\/wp\/v2\/posts"}],"about":[{"href":"https:\/\/www.europesays.com\/fr\/wp-json\/wp\/v2\/types\/post"}],"author":[{"embeddable":true,"href":"https:\/\/www.europesays.com\/fr\/wp-json\/wp\/v2\/users\/2"}],"replies":[{"embeddable":true,"href":"https:\/\/www.europesays.com\/fr\/wp-json\/wp\/v2\/comments?post=23220"}],"version-history":[{"count":0,"href":"https:\/\/www.europesays.com\/fr\/wp-json\/wp\/v2\/posts\/23220\/revisions"}],"wp:featuredmedia":[{"embeddable":true,"href":"https:\/\/www.europesays.com\/fr\/wp-json\/wp\/v2\/media\/23221"}],"wp:attachment":[{"href":"https:\/\/www.europesays.com\/fr\/wp-json\/wp\/v2\/media?parent=23220"}],"wp:term":[{"taxonomy":"category","embeddable":true,"href":"https:\/\/www.europesays.com\/fr\/wp-json\/wp\/v2\/categories?post=23220"},{"taxonomy":"post_tag","embeddable":true,"href":"https:\/\/www.europesays.com\/fr\/wp-json\/wp\/v2\/tags?post=23220"}],"curies":[{"name":"wp","href":"https:\/\/api.w.org\/{rel}","templated":true}]}}