{"id":232208,"date":"2025-07-07T08:13:09","date_gmt":"2025-07-07T08:13:09","guid":{"rendered":"https:\/\/www.europesays.com\/fr\/232208\/"},"modified":"2025-07-07T08:13:09","modified_gmt":"2025-07-07T08:13:09","slug":"emilien-evince-des-12-coups-de-midi-sa-famille-lui-en-veut","status":"publish","type":"post","link":"https:\/\/www.europesays.com\/fr\/232208\/","title":{"rendered":"\u00c9milien, \u00e9vinc\u00e9 des \u00ab\u00a012 coups de midi\u00a0\u00bb, sa famille lui en veut ?"},"content":{"rendered":"<p>      R\u00e9sum\u00e9<\/p>\n<p>Apr\u00e8s 646 victoires, \u00c9milien a \u00e9t\u00e9 \u00e9limin\u00e9 des 12 Coups de midi, cl\u00f4turant ainsi une aventure marqu\u00e9e par de nombreux succ\u00e8s et des liens familiaux renforc\u00e9s.<\/p>\n<p>        Sommaire<\/p>\n<p>La fin d&rsquo;une belle aventure. Ce dimanche 6 juillet 2025, les t\u00e9l\u00e9spectateurs des 12 Coups de midi ont assist\u00e9 \u00e0 <strong>un moment historique : <a href=\"https:\/\/www.public.fr\/emilien-est-elimine-des-12-coups-de-midi\" target=\"_blank\" rel=\"noopener\">l&rsquo;\u00e9limination d&rsquo;\u00c9milien<\/a>, le plus grand champion de l&rsquo;\u00e9mission. <\/strong><\/p>\n<p>Apr\u00e8s <strong>646 victoires<\/strong> et \u00e0 quelques mois de f\u00eater ses deux ans dans le jeu, le jeune prodige de 22 ans a finalement \u00e9t\u00e9 battu lors du Coup fatal par Romain.<\/p>\n<p>\u00c9milien : \u00ab\u00a0Il n&rsquo;y avait pas de raison qu&rsquo;ils ne le prennent mal\u00a0\u00bb<\/p>\n<p>Serein, <a href=\"https:\/\/www.public.fr\/tag\/emilien-les-12-coups-de-midi\" target=\"_blank\" rel=\"noopener\">\u00c9milien<\/a> n&rsquo;\u00e9prouve aucun regret et avait m\u00eame pris soin de pr\u00e9venir ses proches qu&rsquo;il sentait sa fin proche.<\/p>\n<p>\u00ab\u00a0<strong>Il n&rsquo;y avait pas de raison qu&rsquo;ils ne le prennent mal. \u00c9norm\u00e9ment de belles choses se sont pass\u00e9es, et c&rsquo;est \u00e7a qu&rsquo;il faut retenir<\/strong>\u00ab\u00a0, a-t-il d&rsquo;ailleurs r\u00e9cemment confi\u00e9 dans les colonnes de T\u00e9l\u00e9-Loisirs.<\/p>\n<p>Et d&rsquo;ajouter : \u00ab\u00a0<strong>J\u2019ai \u00e9t\u00e9 soutenu du d\u00e9but jusqu\u2019\u00e0 la fin. Ils ont \u00e9t\u00e9 tr\u00e8s gentils et dans une volont\u00e9 de m\u2019accompagner aussi dans cette fin.\u00a0On a tout v\u00e9cu ensemble<\/strong>\u00ab\u00a0. <\/p>\n<p>\u00c0 l&rsquo;instar du champion, <a href=\"https:\/\/www.public.fr\/emilien-nous-quitte-jean-luc-reichmann-reagit-a-lelimination-du-plus-grand-champion-des-12-coups-de-midi\" target=\"_blank\" rel=\"noopener\">Jean-Luc Reichmann a aussi eu l&rsquo;occasion<\/a> d&rsquo;\u00e9voquer le lien unique qui unit \u00c9milien \u00e0 sa famille. <\/p>\n<p>\u00ab\u00a0<strong>C&rsquo;est tr\u00e8s touchant. \u00c9milien a invit\u00e9 sa grand-m\u00e8re et sa s\u0153ur \u00e0 Paris.\u00a0Ils ont attendu qu\u2019Ang\u00e8le ait 18 ans\u00a0pour qu\u2019elle passe \u00e0 la t\u00e9l\u00e9vision et ils ont dormi dans le m\u00eame h\u00f4tel avec sa grand-m\u00e8re. Ce n\u2019\u00e9tait jamais arriv\u00e9<\/strong>\u00ab\u00a0, a r\u00e9v\u00e9l\u00e9 l&rsquo;animateur vedette. <\/p>\n<p>\u00c0 l&rsquo;aube de sa 31e ann\u00e9e de pr\u00e9sence \u00e0 la t\u00e9l\u00e9vision, il se r\u00e9jouit d&rsquo;ailleurs d&rsquo;avoir contribu\u00e9 \u00e0 renforcer les liens d&rsquo;une famille d\u00e9j\u00e0 tr\u00e8s unie : \u00ab\u00a0<strong>C&rsquo;est une famille tr\u00e8s pudique, mais aujourd\u2019hui, quand on les voit ensemble, pour moi, c\u2019est la plus belle des r\u00e9compenses<\/strong>\u00ab\u00a0. <\/p>\n<p>646 victoires et 2,66 millions d&rsquo;euros de gains<\/p>\n<p>En vingt-deux mois, <a href=\"https:\/\/www.public.fr\/emilien-elimine-des-12-coups-de-midi-a-combien-seleve-sa-fortune-et-est-il-imposable-sur-ses-gains\" target=\"_blank\" rel=\"noopener\">\u00c9milien est devenu le plus grand champion d&rsquo;Europe<\/a> avec 646 victoires et 2,66 millions d&rsquo;euros de gains. En r\u00e9alit\u00e9, il touchera environ <strong>1,7 million en cash<\/strong>. <\/p>\n<p>Il a aussi remport\u00e9 <strong>23 voitures<\/strong> via les \u00c9toiles myst\u00e9rieuses, ainsi que <strong>des centaines de cadeaux et de voyages<\/strong> dont il compte bien profiter\u2026 ou partager avec ses proches.<\/p>\n<p>      Mentionn\u00e9s dans cet article<\/p>\n<p>\u00c0 lire aussi<\/p>\n","protected":false},"excerpt":{"rendered":"R\u00e9sum\u00e9 Apr\u00e8s 646 victoires, \u00c9milien a \u00e9t\u00e9 \u00e9limin\u00e9 des 12 Coups de midi, cl\u00f4turant ainsi une aventure marqu\u00e9e&hellip;\n","protected":false},"author":2,"featured_media":232209,"comment_status":"","ping_status":"","sticky":false,"template":"","format":"standard","meta":{"footnotes":""},"categories":[1359],"tags":[58,8049,59,1011,27,465,466,973],"class_list":{"0":"post-232208","1":"post","2":"type-post","3":"status-publish","4":"format-standard","5":"has-post-thumbnail","7":"category-people","8":"tag-divertissement","9":"tag-emilien-les-12-coups-de-midi","10":"tag-entertainment","11":"tag-fr","12":"tag-france","13":"tag-jean-luc-reichmann","14":"tag-les-12-coups-de-midi","15":"tag-people"},"share_on_mastodon":{"url":"https:\/\/pubeurope.com\/@fr\/114810952319736831","error":""},"_links":{"self":[{"href":"https:\/\/www.europesays.com\/fr\/wp-json\/wp\/v2\/posts\/232208","targetHints":{"allow":["GET"]}}],"collection":[{"href":"https:\/\/www.europesays.com\/fr\/wp-json\/wp\/v2\/posts"}],"about":[{"href":"https:\/\/www.europesays.com\/fr\/wp-json\/wp\/v2\/types\/post"}],"author":[{"embeddable":true,"href":"https:\/\/www.europesays.com\/fr\/wp-json\/wp\/v2\/users\/2"}],"replies":[{"embeddable":true,"href":"https:\/\/www.europesays.com\/fr\/wp-json\/wp\/v2\/comments?post=232208"}],"version-history":[{"count":0,"href":"https:\/\/www.europesays.com\/fr\/wp-json\/wp\/v2\/posts\/232208\/revisions"}],"wp:featuredmedia":[{"embeddable":true,"href":"https:\/\/www.europesays.com\/fr\/wp-json\/wp\/v2\/media\/232209"}],"wp:attachment":[{"href":"https:\/\/www.europesays.com\/fr\/wp-json\/wp\/v2\/media?parent=232208"}],"wp:term":[{"taxonomy":"category","embeddable":true,"href":"https:\/\/www.europesays.com\/fr\/wp-json\/wp\/v2\/categories?post=232208"},{"taxonomy":"post_tag","embeddable":true,"href":"https:\/\/www.europesays.com\/fr\/wp-json\/wp\/v2\/tags?post=232208"}],"curies":[{"name":"wp","href":"https:\/\/api.w.org\/{rel}","templated":true}]}}