{"id":232210,"date":"2025-07-07T08:14:22","date_gmt":"2025-07-07T08:14:22","guid":{"rendered":"https:\/\/www.europesays.com\/fr\/232210\/"},"modified":"2025-07-07T08:14:22","modified_gmt":"2025-07-07T08:14:22","slug":"des-arbres-morts-transformes-en-oeuvres-dart-au-bois-de-cise","status":"publish","type":"post","link":"https:\/\/www.europesays.com\/fr\/232210\/","title":{"rendered":"Des arbres morts transform\u00e9s en \u0153uvres d&rsquo;art au Bois de Cise"},"content":{"rendered":"<p>            Par<br \/>\n        <strong><br \/>\n            <a href=\"https:\/\/actu.fr\/auteur\/augustin-thibouw\" title=\"Consulter tous les articles de Augustin Thibouw\" rel=\"nofollow noopener\" target=\"_blank\">Augustin Thibouw<\/a><br \/>\n        <\/strong><\/p>\n<p>        Publi\u00e9 le<\/p>\n<p>            6 juil. 2025 \u00e0 8h16        <\/p>\n<p>Pendant ces quelques jours de fortes chaleurs, le <b>Bois de Cise,\u00a0<\/b>hameau d\u2019<a href=\"https:\/\/actu.fr\/hauts-de-france\/ault_80039\" rel=\"nofollow noopener\" target=\"_blank\">Ault<\/a> (Somme) fut un bel endroit pour \u00e9chapper aux fortes temp\u00e9ratures tout en profitants de belles balades.<\/p>\n<p data-end=\"412\" class=\" wall-content\">\u00c0 l\u2019ombre de son couvert v\u00e9g\u00e9tal, les visiteurs ont pu profiter de balades agr\u00e9ables tout en d\u00e9couvrant plusieurs sculptures originales, taill\u00e9es directement dans les souches d\u2019arbres.<\/p>\n<p data-end=\"972\" class=\" wall-content\">Ces \u0153uvres artistiques sont le fruit du travail de deux sculpteurs : <b>L\u00e9o Chartoire <\/b>et <b>Baptiste Boulfroy<\/b>. Le projet a \u00e9t\u00e9 initi\u00e9 par l\u2019association aultoise Effet Mer.<\/p>\n<p data-end=\"972\" class=\" wall-content\">C\u2019est L\u00e9o Chartoire qui en a eu l\u2019inspiration lors d\u2019une promenade en famille : \u00ab Le long d\u2019une all\u00e9e, on a vu un arbre qui \u00e9tait mort sur pied et j\u2019y ai vu un potentiel totem \u00bb, a expliqu\u00e9 l\u2019artiste. \u00ab Je me suis dit que ce serait rigolo de marcher dans le Bois de Cise et de tomber sur une sculpture \u00bb. Ainsi est n\u00e9e l\u2019id\u00e9e de donner une seconde vie \u00e0 des arbres malades, tomb\u00e9s ou abattus.<\/p>\n<p data-end=\"1612\" class=\" wall-content\">Trois sculptures ont vu le jour gr\u00e2ce aux deux artistes : deux r\u00e9alis\u00e9es par L\u00e9o Chartoire, et une par Baptiste Boulfroy. \u00ab Nous allons fl\u00e9cher afin de retrouver plus facilement les \u0153uvres. Ce projet a \u00e9t\u00e9 pens\u00e9 sur le long terme et il serait bien d\u2019inviter des sculpteurs pour cr\u00e9er un parcours \u00bb, envisage L\u00e9o Chartoire. Le bois ne manque d\u2019ailleurs pas de supports potentiels : \u00ab Le Bois de Cise a malheureusement connu beaucoup de chutes d\u2019arbres cet hiver et il a besoin de pas mal d\u2019entretien \u00bb, a soulign\u00e9 le maire, Marcel Le Moigne. Une difficult\u00e9 persiste cependant : bon nombre de ces arbres se trouvent sur des terrains priv\u00e9s.<\/p>\n<p>Vid\u00e9os : en ce moment sur ActuLaisser libre cours \u00e0 la cr\u00e9ativit\u00e9<\/p>\n<p data-end=\"2197\" class=\" wall-content\">Pendant cinq jours, les deux artistes ont travaill\u00e9 le bois de 9 h \u00e0 18 h pour donner naissance \u00e0 ces \u0153uvres d\u00e9sormais visibles au d\u00e9tour des sentiers. \u00ab On s\u2019est laiss\u00e9 porter par l\u2019inspiration et le plus important, c\u2019est ce que \u00e7a repr\u00e9sente pour les visiteurs \u00bb, confie L\u00e9o Chartoire, \u00e9galement auteur de la sculpture monumentale situ\u00e9e devant la biblioth\u00e8que d\u2019Ault. \u00ab L\u2019objectif \u00e9tait de cr\u00e9er une sculpture qui permettait la cr\u00e9ation d\u2019un conte, de faire quelque chose de libre \u00bb, pr\u00e9cise Baptiste Boulfroy, connu sous le pseudonyme Baton.<\/p>\n<p>    <img   decoding=\"async\" loading=\"lazy\" class=\"size-large\" src=\"https:\/\/www.europesays.com\/fr\/wp-content\/uploads\/2025\/07\/fd2a2f38a3686e13a2f38a368c53a2v-960x640.jpg\" alt=\"Sculptures Bois de Cise\" width=\"960\" height=\"640\"\/><br \/>\n    Le parcours sculptures et contes a \u00e9t\u00e9 inaugur\u00e9 au Bois de Cise. \u00a9Augustin ThibouwDes histoires imagin\u00e9es par des enfants<\/p>\n<p data-end=\"2774\" class=\" wall-content\">Les contes \u00e9voqu\u00e9s par Baton existent bel et bien, et ont \u00e9t\u00e9 imagin\u00e9s par les \u00e9l\u00e8ves de CM1-CM 2 de l\u2019\u00e9cole de Saint-Quentin-Lamotte, en collaboration avec le conteur Thomas Dupont. \u00ab Un apr\u00e8s-midi de la fin du mois de mai, les enfants sont all\u00e9s dans le bois avec le sculpteur et le conteur, \u00e0 la rencontre des sculptures afin de donner des id\u00e9es \u00e0 Thomas Dupont afin qu\u2019il puisse les mettre sous la forme de contes \u00bb, raconte Christine Mariette, institutrice et directrice de l\u2019\u00e9tablissement. Trois histoires ont ainsi vu le jour.<\/p>\n<p>    <img   decoding=\"async\" loading=\"lazy\" class=\"size-large\" src=\"https:\/\/www.europesays.com\/fr\/wp-content\/uploads\/2025\/07\/0833b2bda36869c33b2bda3689043bv-768x640.jpg\" alt=\"Une des deux statues fabriqu\u00e9e par L\u00e9o Chartoire\" width=\"768\" height=\"640\"\/><br \/>\n    Une des deux statues fabriqu\u00e9e par L\u00e9o Chartoire \u00a9Augustin Thibouw<\/p>\n<p data-end=\"3135\" class=\" wall-content\">Le lundi 16\u00a0juin, Thomas Dupont s\u2019est rendu \u00e0 l\u2019\u00e9cole pour permettre aux \u00e9l\u00e8ves de lire et enregistrer leurs r\u00e9cits. Ces enregistrements sont d\u00e9sormais accessibles aux promeneurs gr\u00e2ce \u00e0 des QR codes appos\u00e9s \u00e0 c\u00f4t\u00e9 de chaque sculpture. Il suffit de les scanner pour \u00e9couter les contes racont\u00e9s par les enfants. \u00ab C\u2019\u00e9tait un beau projet \u00bb, conclut l\u2019enseignante.<\/p>\n<p>    <img   decoding=\"async\" loading=\"lazy\" class=\"size-large\" src=\"https:\/\/www.europesays.com\/fr\/wp-content\/uploads\/2025\/07\/fa65c2bda36861f65c2bda368d375cv-768x640.jpg\" alt=\"Les QR codes sont \u00e0 scanner pour \u00e9couter les contes.\" width=\"768\" height=\"640\"\/><br \/>\n    Les QR codes sont \u00e0 scanner pour \u00e9couter les contes. \u00a9Augustin Thibouw<\/p>\n<p class=\" wall-content\">Suivez toute l\u2019actualit\u00e9 de vos villes et m\u00e9dias favoris en vous inscrivant \u00e0 <a href=\"https:\/\/moncompte.actu.fr\" title=\"D\u00e9couvez Mon Actu\" rel=\"nofollow noopener\" data-trk=\"{&quot;cta&quot;:{&quot;action&quot;:&quot;https:\\\/\\\/moncompte.actu.fr&quot;,&quot;category&quot;:&quot;mon compte&quot;,&quot;from&quot;:&quot;article footer&quot;,&quot;name&quot;:&quot;Mon actu&quot;,&quot;type&quot;:&quot;cta&quot;}}\" target=\"_blank\">Mon Actu<\/a>.<\/p>\n","protected":false},"excerpt":{"rendered":"Par Augustin Thibouw Publi\u00e9 le 6 juil. 2025 \u00e0 8h16 Pendant ces quelques jours de fortes chaleurs, le&hellip;\n","protected":false},"author":2,"featured_media":232211,"comment_status":"","ping_status":"","sticky":false,"template":"","format":"standard","meta":{"footnotes":""},"categories":[1358],"tags":[1348,1384,1385,1386,58,59,1011,27,104],"class_list":{"0":"post-232210","1":"post","2":"type-post","3":"status-publish","4":"format-standard","5":"has-post-thumbnail","7":"category-arts-et-design","8":"tag-arts","9":"tag-arts-and-design","10":"tag-arts-et-design","11":"tag-design","12":"tag-divertissement","13":"tag-entertainment","14":"tag-fr","15":"tag-france","16":"tag-societe"},"share_on_mastodon":{"url":"https:\/\/pubeurope.com\/@fr\/114810956422883587","error":""},"_links":{"self":[{"href":"https:\/\/www.europesays.com\/fr\/wp-json\/wp\/v2\/posts\/232210","targetHints":{"allow":["GET"]}}],"collection":[{"href":"https:\/\/www.europesays.com\/fr\/wp-json\/wp\/v2\/posts"}],"about":[{"href":"https:\/\/www.europesays.com\/fr\/wp-json\/wp\/v2\/types\/post"}],"author":[{"embeddable":true,"href":"https:\/\/www.europesays.com\/fr\/wp-json\/wp\/v2\/users\/2"}],"replies":[{"embeddable":true,"href":"https:\/\/www.europesays.com\/fr\/wp-json\/wp\/v2\/comments?post=232210"}],"version-history":[{"count":0,"href":"https:\/\/www.europesays.com\/fr\/wp-json\/wp\/v2\/posts\/232210\/revisions"}],"wp:featuredmedia":[{"embeddable":true,"href":"https:\/\/www.europesays.com\/fr\/wp-json\/wp\/v2\/media\/232211"}],"wp:attachment":[{"href":"https:\/\/www.europesays.com\/fr\/wp-json\/wp\/v2\/media?parent=232210"}],"wp:term":[{"taxonomy":"category","embeddable":true,"href":"https:\/\/www.europesays.com\/fr\/wp-json\/wp\/v2\/categories?post=232210"},{"taxonomy":"post_tag","embeddable":true,"href":"https:\/\/www.europesays.com\/fr\/wp-json\/wp\/v2\/tags?post=232210"}],"curies":[{"name":"wp","href":"https:\/\/api.w.org\/{rel}","templated":true}]}}