{"id":23222,"date":"2025-04-13T22:56:13","date_gmt":"2025-04-13T22:56:13","guid":{"rendered":"https:\/\/www.europesays.com\/fr\/23222\/"},"modified":"2025-04-13T22:56:13","modified_gmt":"2025-04-13T22:56:13","slug":"une-bmw-m3-e30-cabriolet-rarissime-sort-de-lombre-retrouvee-dans-un-garage-cette-icone-oubliee-fait-vibrer-les-passionnes-dans-une-video-fascinante","status":"publish","type":"post","link":"https:\/\/www.europesays.com\/fr\/23222\/","title":{"rendered":"\u00ab Une BMW M3 E30 cabriolet rarissime sort de l\u2019ombre \u00bb : retrouv\u00e9e dans un garage, cette ic\u00f4ne oubli\u00e9e fait vibrer les passionn\u00e9s dans une vid\u00e9o fascinante"},"content":{"rendered":"<tr>\n<td><strong>EN BREF<\/strong><\/td>\n<\/tr>\n<tr>\n<td>\n<ul>\n<li>\ud83d\ude97 <strong>BMW M3 E30 cabriolet<\/strong> : un mod\u00e8le rare avec seulement 786 unit\u00e9s produites, pris\u00e9 des collectionneurs.<\/li>\n<li>\ud83d\udd0d Une red\u00e9couverte surprenante : la voiture, pens\u00e9e abandonn\u00e9e pendant 20 ans, a en r\u00e9alit\u00e9 \u00e9t\u00e9 inspect\u00e9e en 2020.<\/li>\n<li>\ud83d\ude80 Performances impressionnantes : \u00e9quip\u00e9e d\u2019un moteur S14 d\u00e9livrant 215 chevaux, atteignant 239 km\/h.<\/li>\n<li>\ud83d\udcb0 Valeur en hausse : une vente aux ench\u00e8res r\u00e9cente a vu une M3 E30 cabriolet atteindre 190 400 $.<\/li>\n<\/ul>\n<\/td>\n<\/tr>\n<p>La BMW M3 E30 est une ic\u00f4ne de l\u2019automobile, n\u00e9e d\u2019une n\u00e9cessit\u00e9 de conformit\u00e9 et devenue une l\u00e9gende du sport automobile. Con\u00e7ue initialement comme un mod\u00e8le de s\u00e9rie limit\u00e9e pour la comp\u00e9tition, elle a connu un succ\u00e8s commercial si retentissant que BMW en a produit bien plus que les 5 000 unit\u00e9s initiales. Parmi ces mod\u00e8les, se trouve une version cabriolet particuli\u00e8rement rare, avec seulement 786 unit\u00e9s fabriqu\u00e9es. R\u00e9cemment, une vid\u00e9o a remis en lumi\u00e8re un de ces mod\u00e8les oubli\u00e9s, relan\u00e7ant l\u2019int\u00e9r\u00eat pour cette voiture d\u2019exception.<\/p>\n<p>La raret\u00e9 et le prestige de la M3 E30 cabriolet<\/p>\n<p>La <strong>BMW M3 E30 cabriolet<\/strong> est un mod\u00e8le embl\u00e9matique pour tout amateur de voitures sportives. R\u00e9put\u00e9e pour son design et ses performances, elle est l\u2019une des voitures les plus recherch\u00e9es par les collectionneurs. Avec seulement 786 unit\u00e9s produites, poss\u00e9der une M3 E30 cabriolet est un privil\u00e8ge rare. Cette version d\u00e9capotable n\u2019a pas seulement h\u00e9rit\u00e9 du charme des berlines deux portes, mais elle offre aussi une exp\u00e9rience de conduite unique gr\u00e2ce \u00e0 son toit ouvrant. La combinaison d\u2019un moteur puissant et d\u2019une carrosserie \u00e9l\u00e9gante a fait de cette voiture un symbole de r\u00e9ussite et de style. Son prestige a \u00e9t\u00e9 renforc\u00e9 par sa raret\u00e9, ce qui en fait une pi\u00e8ce de choix dans toute collection d\u2019automobiles classiques.<\/p>\n<blockquote class=\"wp-embedded-content\" data-secret=\"txd8tFLZjf\">\n<p><a href=\"https:\/\/bmw-actu.com\/2025\/04\/06\/course-folle-a-austin-cette-bmw-m5-officielle-de-la-motogp-pulverise-tous-les-pronostics-en-secrasant-violemment-sur-le-circuit-de-cota\/\" rel=\"nofollow noopener\" target=\"_blank\">\u00ab Course folle \u00e0 Austin \u00bb : cette BMW M5 officielle de la MotoGP pulv\u00e9rise tous les pronostics en s\u2019\u00e9crasant violemment sur le circuit de COTA<\/a><\/p>\n<\/blockquote>\n<p>Une histoire intrigante de n\u00e9gligence et de red\u00e9couverte<\/p>\n<p>Ali, le propri\u00e9taire de la M3 E30 cabriolet mise en lumi\u00e8re par The Late Brake Show, a une histoire fascinante \u00e0 raconter. Il a achet\u00e9 la voiture en 2000, mais elle a \u00e9t\u00e9 mise hors circulation quelques ann\u00e9es plus tard. Initialement, il pensait que la voiture \u00e9tait rest\u00e9e \u00e0 l\u2019abandon pendant deux d\u00e9cennies. Cependant, des recherches ont r\u00e9v\u00e9l\u00e9 que la derni\u00e8re inspection technique avait eu lieu en 2020. <strong>Cette d\u00e9couverte a ajout\u00e9 une couche de myst\u00e8re \u00e0 l\u2019histoire de la voiture<\/strong>, captivant les spectateurs et les passionn\u00e9s d\u2019automobile. La situation soul\u00e8ve des questions sur l\u2019entretien et la conservation des voitures classiques, et montre que m\u00eame des mod\u00e8les rares peuvent parfois \u00eatre n\u00e9glig\u00e9s.<\/p>\n<blockquote class=\"wp-embedded-content\" data-secret=\"UiQWttSBae\">\n<p><a href=\"https:\/\/bmw-actu.com\/2025\/04\/07\/un-pas-de-geant-pour-bmw-ces-ailes-elargies-de-la-nouvelle-m5-f90-redefinissent-la-puissance-et-le-style-des-berlines-sportives-modernes\/\" rel=\"nofollow noopener\" target=\"_blank\">Un pas de g\u00e9ant pour BMW : ces ailes \u00e9largies de la nouvelle M5 F90 red\u00e9finissent la puissance et le style des berlines sportives modernes<\/a><\/p>\n<\/blockquote>\n<p>Les performances impressionnantes d\u2019une l\u00e9gende<\/p>\n<p>La BMW M3 E30 cabriolet n\u2019est pas seulement une question de raret\u00e9, mais aussi de performance. \u00c9quip\u00e9e d\u2019un moteur quatre cylindres de 2,3 litres, elle d\u00e9livre une puissance impressionnante de 215 chevaux. Ce moteur, connu sous le nom de S14, \u00e9tait une prouesse technologique \u00e0 la fin des ann\u00e9es 80 et au d\u00e9but des ann\u00e9es 90. Avec une vitesse maximale de 239 km\/h, elle rivalisait avec certaines des voitures les plus rapides de son \u00e9poque. La M3 E30 cabriolet pouvait atteindre 100 km\/h en seulement 7,5 secondes, ce qui en faisait une v\u00e9ritable sportive m\u00eame pour les standards actuels. <strong>Ces performances ont contribu\u00e9 \u00e0 cimenter sa place dans l\u2019histoire automobile<\/strong>, faisant de chaque trajet une exp\u00e9rience inoubliable.<\/p>\n<p><img decoding=\"async\" src=\"data:image\/svg+xml,%3Csvg%20xmlns=\" http:=\"\" alt=\"Cabriolet BMW M3 E30 2\" class=\"webpexpress-processed\" data-lazy-src=\"https:\/\/www.europesays.com\/fr\/wp-content\/uploads\/2025\/04\/decouverte-hallucinante-un-rare-cabriolet-bmw-m3-e30-exhume-apres-des-decennies-dans-loubli-la-video.jpeg\"\/><\/p>\n<blockquote class=\"wp-embedded-content\" data-secret=\"ayXpChusNJ\">\n<p><a href=\"https:\/\/bmw-actu.com\/2025\/03\/18\/marques-influenceurs-pilotes-acheter-des-fans-com-leur-arme-secrete-pour-exploser-leur-influence-sur-les-reseaux-sociaux\/\" rel=\"nofollow noopener\" target=\"_blank\">Marques, influenceurs, pilotes\u2026 Acheter-des-Fans.com, leur arme secr\u00e8te pour exploser leur influence sur les r\u00e9seaux sociaux<\/a><\/p>\n<\/blockquote>\n<p>Une valeur en constante augmentation<br \/>\n<img decoding=\"async\" src=\"data:image\/svg+xml,%3Csvg%20xmlns=\" http:=\"\" alt=\"\" class=\"lazy-youtube-thumbnail\" style=\"position:absolute; top:0; left:0; width:100%; height:100%; object-fit:cover; display:block;\" data-lazy-src=\"https:\/\/www.europesays.com\/fr\/wp-content\/uploads\/2025\/04\/1744584973_46_hqdefault.jpg\"\/><\/p>\n<p>\u25b6<\/p>\n<p>La valeur de la M3 E30 cabriolet a consid\u00e9rablement augment\u00e9 au fil des ans. Ali a failli vendre sa voiture \u00e0 deux reprises, mais a finalement d\u00e9cid\u00e9 de la garder, influenc\u00e9 par son fr\u00e8re. Il a refus\u00e9 une offre de 45 000 \u00a3 il y a une dizaine d\u2019ann\u00e9es. Aujourd\u2019hui, le march\u00e9 des voitures classiques a explos\u00e9, et les ventes aux ench\u00e8res montrent des chiffres impressionnants. Par exemple, un mod\u00e8le similaire a \u00e9t\u00e9 vendu pour 190 400 $ lors d\u2019une vente aux ench\u00e8res \u00e0 Miami organis\u00e9e par RM Sotheby\u2019s. <strong>Cela d\u00e9montre non seulement la demande croissante pour ce mod\u00e8le, mais aussi l\u2019appr\u00e9ciation de sa valeur<\/strong>. Conserver une M3 E30 cabriolet est non seulement un plaisir, mais aussi un investissement judicieux.<\/p>\n<p>Le futur de cette BMW M3 E30 cabriolet semble prometteur, surtout s\u2019il est restaur\u00e9 \u00e0 son \u00e9tat d\u2019origine. Avec des ajustements mineurs comme la r\u00e9paration de la pompe \u00e0 carburant, elle pourrait redevenir un joyau sur les routes. Ce mod\u00e8le incarne le m\u00e9lange parfait de <strong>patrimoine automobile et de design intemporel<\/strong>. Mais quelle sera la prochaine \u00e9tape pour cette voiture l\u00e9gendaire ? Sa red\u00e9couverte inspirera-t-elle d\u2019autres propri\u00e9taires de classiques \u00e0 sortir leurs tr\u00e9sors des garages pour les remettre sur la route ?<\/p>\n<p id=\"rating\">\u00c7a vous a plu ?\u00a04.5\/5 (21)<\/p>\n","protected":false},"excerpt":{"rendered":"EN BREF \ud83d\ude97 BMW M3 E30 cabriolet : un mod\u00e8le rare avec seulement 786 unit\u00e9s produites, pris\u00e9 des&hellip;\n","protected":false},"author":2,"featured_media":23223,"comment_status":"","ping_status":"","sticky":false,"template":"","format":"standard","meta":{"footnotes":""},"categories":[7],"tags":[1011,27,43,40,41,39,42,44],"class_list":{"0":"post-23222","1":"post","2":"type-post","3":"status-publish","4":"format-standard","5":"has-post-thumbnail","7":"category-sciences-et-technologies","8":"tag-fr","9":"tag-france","10":"tag-science","11":"tag-science-and-technology","12":"tag-sciences","13":"tag-sciences-et-technologies","14":"tag-technologies","15":"tag-technology"},"share_on_mastodon":{"url":"https:\/\/pubeurope.com\/@fr\/114333128189545341","error":""},"_links":{"self":[{"href":"https:\/\/www.europesays.com\/fr\/wp-json\/wp\/v2\/posts\/23222","targetHints":{"allow":["GET"]}}],"collection":[{"href":"https:\/\/www.europesays.com\/fr\/wp-json\/wp\/v2\/posts"}],"about":[{"href":"https:\/\/www.europesays.com\/fr\/wp-json\/wp\/v2\/types\/post"}],"author":[{"embeddable":true,"href":"https:\/\/www.europesays.com\/fr\/wp-json\/wp\/v2\/users\/2"}],"replies":[{"embeddable":true,"href":"https:\/\/www.europesays.com\/fr\/wp-json\/wp\/v2\/comments?post=23222"}],"version-history":[{"count":0,"href":"https:\/\/www.europesays.com\/fr\/wp-json\/wp\/v2\/posts\/23222\/revisions"}],"wp:featuredmedia":[{"embeddable":true,"href":"https:\/\/www.europesays.com\/fr\/wp-json\/wp\/v2\/media\/23223"}],"wp:attachment":[{"href":"https:\/\/www.europesays.com\/fr\/wp-json\/wp\/v2\/media?parent=23222"}],"wp:term":[{"taxonomy":"category","embeddable":true,"href":"https:\/\/www.europesays.com\/fr\/wp-json\/wp\/v2\/categories?post=23222"},{"taxonomy":"post_tag","embeddable":true,"href":"https:\/\/www.europesays.com\/fr\/wp-json\/wp\/v2\/tags?post=23222"}],"curies":[{"name":"wp","href":"https:\/\/api.w.org\/{rel}","templated":true}]}}