{"id":232220,"date":"2025-07-07T08:20:19","date_gmt":"2025-07-07T08:20:19","guid":{"rendered":"https:\/\/www.europesays.com\/fr\/232220\/"},"modified":"2025-07-07T08:20:19","modified_gmt":"2025-07-07T08:20:19","slug":"tdf-tour-de-france-julian-alaphilippe-quand-je-vois-van-der-poel-dans-ma-roue","status":"publish","type":"post","link":"https:\/\/www.europesays.com\/fr\/232220\/","title":{"rendered":"TDF. Tour de France &#8211; Julian Alaphilippe : \u00abQuand je vois Van der Poel dans ma roue&#8230;\u00bb"},"content":{"rendered":"<p>Un vent de classique soufflait lors de cette 2e \u00e9tape du <strong><a href=\"https:\/\/www.cyclismactu.net\/..\/news-tdf-route-tour-de-france-mathieu-van-der-poel-2e-etape-et-jaune-tadej-pogacar-battu-88745.html\" target=\"_blank\" rel=\"nofollow noopener\">Tour de France<\/a><\/strong> entre Lauwin-Planque et Boulogne-sur-Mer (209 km) ! L&rsquo;\u00e9tape la plus longue de cette Grande Boucle a vu la deuxi\u00e8me victoire en deux jours de la formation <strong>Alpecin-Deceuninck<\/strong>, puisqu\u2019apr\u00e8s <strong>Jasper Philipsen<\/strong> la veille, c\u2019est le N\u00e9erlandais <strong>Mathieu van der Poel<\/strong> qui s\u2019est impos\u00e9, devan\u00e7ant le grand favori de ce <strong>Tour de France<\/strong>, le champion du monde <strong>Tadej Pogacar<\/strong> (UAE Team Emirates-XRG) et le Danois de l\u2019\u00e9quipe <strong>Visma | Lease a Bike<\/strong>, <strong>Jonas Vingegaard<\/strong>. Malade et en difficult\u00e9 ce samedi, <strong>Julian Alaphilippe<\/strong> (Tudor Pro Cycling Team) a finalement retrouv\u00e9 ses jambes en prenant la cinqui\u00e8me place sur cette 2e \u00e9tape. L\u2019ancien double champion du monde s\u2019est exprim\u00e9 dans le communiqu\u00e9 de son \u00e9quipe apr\u00e8s l\u2019arriv\u00e9e.<\/p>\n<p>Vid\u00e9o &#8211; Julian Alaphilippe avant le d\u00e9but de ce Tour de France 2025 Lire la suite de l&rsquo;article&#13;<\/p>\n<p>\u00a0<\/p>\n<p>&#13;<br \/>\n<strong>\u00ab\u00a0Je ne suis pas d\u00e9\u00e7u&#8230;\u00a0\u00bb<\/strong>&#13;<\/p>\n<p>G\u00ean\u00e9 par une bronchite depuis quelques jours et absent des d\u00e9bats la veille, le coureur fran\u00e7ais de 33 ans s\u2019est rassur\u00e9 dans cette deuxi\u00e8me \u00e9tape comme il l\u2019indique dans le communiqu\u00e9 de presse de son \u00e9quipe : \u00ab\u00a0J\u2019ai lanc\u00e9 le sprint trop t\u00f4t, je n\u2019ai donc pas pu faire mieux que cinqui\u00e8me. Mais honn\u00eatement, apr\u00e8s la dure journ\u00e9e d\u2019hier, je ne suis pas d\u00e9\u00e7u. Vu comment j&rsquo;\u00e9tais samedi, je suis content. J\u2019ai essay\u00e9 de me concentrer sur 500 m car je savais qu\u2019il y avait une partie plus plate, mais quand j\u2019ai vu Mathieu [van der Poel] dans ma roue, j\u2019ai arr\u00eat\u00e9 l\u2019effort et je suis revenu dans la roue avant le sprint final.\u00a0J&rsquo;ai jou\u00e9 la victoire, mais j&rsquo;\u00e9tais un peu coll\u00e9. Je suis content de me sentir mieux, \u00e7a me donne confiance pour les jours \u00e0 venir\u00a0\u00bb, conclut <strong>Julian Alaphilippe<\/strong>, qui devrait monter en puissance lors des prochains jours avec plusieurs \u00e9tapes adapt\u00e9e \u00e0 son profil.<\/p>\n<p>Tour de France &#8211; Classement de la 2\u00e8 \u00e9tape Tour de France &#8211; Classement g\u00e9n\u00e9ral provisoire apr\u00e8s la 2\u00e8 \u00e9tape<\/p>\n","protected":false},"excerpt":{"rendered":"Un vent de classique soufflait lors de cette 2e \u00e9tape du Tour de France entre Lauwin-Planque et Boulogne-sur-Mer&hellip;\n","protected":false},"author":2,"featured_media":231063,"comment_status":"","ping_status":"","sticky":false,"template":"","format":"standard","meta":{"footnotes":""},"categories":[9],"tags":[207,211,1011,27,209,60,210,212,208,213],"class_list":{"0":"post-232220","1":"post","2":"type-post","3":"status-publish","4":"format-standard","5":"has-post-thumbnail","7":"category-sports","8":"tag-cyclisme","9":"tag-ffc","10":"tag-fr","11":"tag-france","12":"tag-route","13":"tag-sports","14":"tag-tour-de-france","15":"tag-uci","16":"tag-velo","17":"tag-world-tour"},"share_on_mastodon":{"url":"https:\/\/pubeurope.com\/@fr\/114810979862036330","error":""},"_links":{"self":[{"href":"https:\/\/www.europesays.com\/fr\/wp-json\/wp\/v2\/posts\/232220","targetHints":{"allow":["GET"]}}],"collection":[{"href":"https:\/\/www.europesays.com\/fr\/wp-json\/wp\/v2\/posts"}],"about":[{"href":"https:\/\/www.europesays.com\/fr\/wp-json\/wp\/v2\/types\/post"}],"author":[{"embeddable":true,"href":"https:\/\/www.europesays.com\/fr\/wp-json\/wp\/v2\/users\/2"}],"replies":[{"embeddable":true,"href":"https:\/\/www.europesays.com\/fr\/wp-json\/wp\/v2\/comments?post=232220"}],"version-history":[{"count":0,"href":"https:\/\/www.europesays.com\/fr\/wp-json\/wp\/v2\/posts\/232220\/revisions"}],"wp:featuredmedia":[{"embeddable":true,"href":"https:\/\/www.europesays.com\/fr\/wp-json\/wp\/v2\/media\/231063"}],"wp:attachment":[{"href":"https:\/\/www.europesays.com\/fr\/wp-json\/wp\/v2\/media?parent=232220"}],"wp:term":[{"taxonomy":"category","embeddable":true,"href":"https:\/\/www.europesays.com\/fr\/wp-json\/wp\/v2\/categories?post=232220"},{"taxonomy":"post_tag","embeddable":true,"href":"https:\/\/www.europesays.com\/fr\/wp-json\/wp\/v2\/tags?post=232220"}],"curies":[{"name":"wp","href":"https:\/\/api.w.org\/{rel}","templated":true}]}}