{"id":232225,"date":"2025-07-07T08:23:16","date_gmt":"2025-07-07T08:23:16","guid":{"rendered":"https:\/\/www.europesays.com\/fr\/232225\/"},"modified":"2025-07-07T08:23:16","modified_gmt":"2025-07-07T08:23:16","slug":"ces-salaries-freines-dans-leur-evolution-de-carriere-par-des-clauses-de-non-debauchage","status":"publish","type":"post","link":"https:\/\/www.europesays.com\/fr\/232225\/","title":{"rendered":"ces salari\u00e9s frein\u00e9s dans leur \u00e9volution de carri\u00e8re par des clauses de non-d\u00e9bauchage"},"content":{"rendered":"<p>Des entreprises rivales peuvent s\u2019engager discr\u00e8tement \u00e0 ne pas d\u00e9baucher leurs salari\u00e9s entre elles. Une pratique ill\u00e9gale, dans le viseur de l\u2019Autorit\u00e9 de la concurrence, qui y voit une atteinte directe \u00e0 la mobilit\u00e9 professionnelle.<\/p>\n<p class=\"fig-paragraph\">\u00abOn se heurte \u00e0 un mur, sans m\u00eame savoir qu\u2019il existe\u00bb\u00a0: cette expression r\u00e9sume bien l\u2019exp\u00e9rience de Thomas*. \u00c0 47 ans, cet ancien consultant pensait voir le champ des possibles s\u2019ouvrir, en postulant pour rejoindre l\u2019une des entreprises rivales de son employeur. Mais il a rapidement d\u00e9chant\u00e9. \u00abJe postulais r\u00e9guli\u00e8rement chez un concurrent, parfois m\u00eame avec des recommandations en interne, mais l\u2019issue \u00e9tait toujours la m\u00eame\u00a0: aucune suite. \u00c0 l\u2019\u00e9poque, je croyais que c\u2019\u00e9tait mon profil qui n\u2019allait pas. On se heurte \u00e0 un mur, sans m\u00eame savoir qu\u2019il existe\u00bb, raconte-t-il.<\/p>\n<p class=\"fig-paragraph\">Sans le savoir, Thomas \u00e9tait en r\u00e9alit\u00e9 victime d\u2019une clause de non-d\u00e9bauchage, qui emp\u00eachait son recrutement. Dans des secteurs concurrentiels, comme le\u00a0<a href=\"http:\/\/www.lefigaro.fr\/societes\/oubliez-votre-charabia-l-administration-trump-resserre-son-etau-sur-les-cabinets-de-conseil-20250402\" target=\"_blank\" data-fig-type=\"NewsFlash\" rel=\"noopener\" data-gtm-custom-categorie=\"navigation\" data-gtm-custom-action=\"crossclick\" data-gtm-custom-label=\"Contextuel\" data-gtm-event=\"customEventSPE\" data-fig-domain=\"LEFIGARO\">conseil<\/a>, l\u2019ing\u00e9nierie ou l\u2019informatique, certaines entreprises tentent de se prot\u00e9ger des chasseurs de t\u00eate ou de concurrents acharn\u00e9s en nouant discr\u00e8tement des accords de non-d\u00e9bauchage. Concr\u00e8tement ces \u00abgentlemen\u2019s agreements\u00bb emp\u00eachent mutuellement les entreprises\u2026<\/p>\n<p class=\"fig-premium-paywall__infos\">\n        Cet article est r\u00e9serv\u00e9 aux abonn\u00e9s.        Il vous reste 86% \u00e0 d\u00e9couvrir.\n    <\/p>\n<p>                <img  data- alt=\"Le Figaro\" class=\"fig-img--complete fig-img\"\/><\/p>\n<p class=\"fig-premium-paywall__title\">Vous avez envie de lire la suite ?<\/p>\n<p class=\"fig-premium-paywall__subtitle\">D\u00e9bloquez tous les articles imm\u00e9diatement.<\/p>\n<p class=\"fig-premium-paywall__connect\">\n                D\u00e9j\u00e0 abonn\u00e9\u00a0?                <a class=\"fig-premium-paywall__connect-link\" href=\"https:\/\/connect.lefigaro.fr\/login?client=horizon_web&amp;type=main&amp;redirect_uri=https%3A%2F%2Fwww.lefigaro.fr%2Fsocietes%2Fon-se-heurte-a-un-mur-ces-salaries-freines-dans-leur-evolution-de-carriere-par-des-clauses-de-non-debauchage-20250707\" data-js-gtm=\"{&quot;customCategorie&quot;: &quot;conversion&quot;, &quot;customAction&quot;: &quot;before_Landing_Connexion_paywall_auto&quot;, &quot;customLabel&quot;: &quot;bGVmaWdhcm8uZnJfXzFmMDUyOWFiLTUyZjUtNjMwMi05MjA2LThmZjY1ZDk1MjZjM19fQXJ0aWNsZQ==_\u00abOn se heurte \u00e0 un mur\u00bb\u00a0: ces salari\u00e9s frein\u00e9s dans leur \u00e9volution de carri\u00e8re par des clauses de non-d\u00e9bauchage_412&quot;, &quot;customIDSPE&quot;: &quot;bGVmaWdhcm8uZnJfXzFmMDUyOWFiLTUyZjUtNjMwMi05MjA2LThmZjY1ZDk1MjZjM19fQXJ0aWNsZQ==&quot;, &quot;event&quot;: &quot;customEventSPE&quot;}\" target=\"_blank\" rel=\"noopener\"><br \/>\n                    Connectez-vous<br \/>\n                <\/a>\n            <\/p>\n","protected":false},"excerpt":{"rendered":"Des entreprises rivales peuvent s\u2019engager discr\u00e8tement \u00e0 ne pas d\u00e9baucher leurs salari\u00e9s entre elles. Une pratique ill\u00e9gale, dans&hellip;\n","protected":false},"author":2,"featured_media":232226,"comment_status":"","ping_status":"","sticky":false,"template":"","format":"standard","meta":{"footnotes":""},"categories":[6],"tags":[37109,35,350,33,34,313,1011,27],"class_list":{"0":"post-232225","1":"post","2":"type-post","3":"status-publish","4":"format-standard","5":"has-post-thumbnail","7":"category-economie","8":"tag-autorite-de-la-concurrence","9":"tag-business","10":"tag-concurrence","11":"tag-economie","12":"tag-economy","13":"tag-entreprises","14":"tag-fr","15":"tag-france"},"share_on_mastodon":{"url":"https:\/\/pubeurope.com\/@fr\/114810991652960575","error":""},"_links":{"self":[{"href":"https:\/\/www.europesays.com\/fr\/wp-json\/wp\/v2\/posts\/232225","targetHints":{"allow":["GET"]}}],"collection":[{"href":"https:\/\/www.europesays.com\/fr\/wp-json\/wp\/v2\/posts"}],"about":[{"href":"https:\/\/www.europesays.com\/fr\/wp-json\/wp\/v2\/types\/post"}],"author":[{"embeddable":true,"href":"https:\/\/www.europesays.com\/fr\/wp-json\/wp\/v2\/users\/2"}],"replies":[{"embeddable":true,"href":"https:\/\/www.europesays.com\/fr\/wp-json\/wp\/v2\/comments?post=232225"}],"version-history":[{"count":0,"href":"https:\/\/www.europesays.com\/fr\/wp-json\/wp\/v2\/posts\/232225\/revisions"}],"wp:featuredmedia":[{"embeddable":true,"href":"https:\/\/www.europesays.com\/fr\/wp-json\/wp\/v2\/media\/232226"}],"wp:attachment":[{"href":"https:\/\/www.europesays.com\/fr\/wp-json\/wp\/v2\/media?parent=232225"}],"wp:term":[{"taxonomy":"category","embeddable":true,"href":"https:\/\/www.europesays.com\/fr\/wp-json\/wp\/v2\/categories?post=232225"},{"taxonomy":"post_tag","embeddable":true,"href":"https:\/\/www.europesays.com\/fr\/wp-json\/wp\/v2\/tags?post=232225"}],"curies":[{"name":"wp","href":"https:\/\/api.w.org\/{rel}","templated":true}]}}