{"id":232244,"date":"2025-07-07T08:43:08","date_gmt":"2025-07-07T08:43:08","guid":{"rendered":"https:\/\/www.europesays.com\/fr\/232244\/"},"modified":"2025-07-07T08:43:08","modified_gmt":"2025-07-07T08:43:08","slug":"les-parents-deleves-remportent-leur-combat","status":"publish","type":"post","link":"https:\/\/www.europesays.com\/fr\/232244\/","title":{"rendered":"les parents d\u2019\u00e9l\u00e8ves remportent leur combat"},"content":{"rendered":"<p>            Par<br \/>\n        <strong><br \/>\n            <a href=\"https:\/\/actu.fr\/auteur\/leo-gautret-actu-fr\" title=\"Consulter tous les articles de L\u00e9o Gautret\" target=\"_blank\" rel=\"noopener\">L\u00e9o Gautret<\/a><br \/>\n        <\/strong><\/p>\n<p>        Publi\u00e9 le<\/p>\n<p>            7 juil. 2025 \u00e0 10h29        <\/p>\n<p>\u00ab\u2009Victoire, nous conservons notre classe\u2009!\u2009\u00bb Les parents d\u2019\u00e9l\u00e8ves de l\u2019<a href=\"https:\/\/actu.fr\/bretagne\/chateaugiron_35069\/pres-de-rennes-des-parents-manifestent-contre-la-fermeture-prevue-de-deux-classes_62846154.html\" target=\"_blank\" rel=\"noopener\"><b>\u00e9cole maternelle du Centaure<\/b> de <b>Ch\u00e2teaugiron<\/b><\/a> (Ille-et-Vilaine) vont pouvoir partir en vacances l\u2019esprit serein.<\/p>\n<p class=\" wall-content\"><b>Deux classes <\/b>\u00e9taient <b>menac\u00e9es de fermeture<\/b> pour la rentr\u00e9e prochaine. Les<b> parents d\u2019\u00e9l\u00e8ves<\/b>, soutenus par la mairie,<b> avaient manifest\u00e9 fin juin<\/b> contre cette d\u00e9cision annonc\u00e9e par l\u2019Inspection acad\u00e9mique.<\/p>\n<p>La 8e classe de l\u2019\u00e9cole maintenue<\/p>\n<p class=\" wall-content\">Ils ont finalement obtenu gain de cause. \u00ab<b>\u2009Nous conservons \u00e0 la rentr\u00e9e prochaine notre 8\u1d49 classe <\/b>\u00e0 l\u2019\u00e9cole maternelle de Ch\u00e2teaugiron\u2009\u00bb, annoncent-ils.<\/p>\n<p class=\" wall-content\">\u00ab\u2009Ceci nous permet de maintenir une moyenne de <b>21.5\u00a0\u00e9l\u00e8ves par classe,<\/b> au niveau de la moyenne nationale, un confort pour nos enfants, nos enseignants et Atsem.\u2009\u00bb<\/p>\n<p class=\" wall-content\">Une victoire pour la mairie, qui a, elle aussi, pouss\u00e9 pour garder une des deux classes ouvertes.<\/p>\n<p>Vid\u00e9os : en ce moment sur Actu<\/p>\n<p class=\" wall-content\">\u00ab\u2009La suppression envisag\u00e9e entra\u00eenerait une hausse des effectifs par classe, passant d\u2019une moyenne <b>de 21\u00a0enfants par classe en 2024-2025 \u00e0 24,5 en 2025-2026<\/b>. Les conditions d\u2019apprentissage seraient d\u00e9grad\u00e9es alors m\u00eame que la Ville met tout en \u0153uvre pour garantir les meilleures conditions d\u2019apprentissage et de bien-\u00eatre \u00e0 l\u2019\u00e9cole\u2009\u00bb, avait-elle r\u00e9sum\u00e9.<\/p>\n<p>600 signatures en cinq jours<\/p>\n<p class=\" wall-content\">Pour soutenir son dossier, la municipalit\u00e9 avait mis en avant la tr\u00e8s probable ouverture d\u2019une nouvelle classe l\u2019ann\u00e9e prochaine et les pr\u00e9visions de croissance d\u00e9mographique de la population castelgironnaise.<\/p>\n<p class=\" wall-content\">La p\u00e9tition lanc\u00e9e par les parents d\u2019\u00e9l\u00e8ves avait obtenu pr\u00e8s de <b>600 signatures en cinq jours.<\/b><\/p>\n<p class=\" wall-content\">\u00ab\u2009Nous sommes conscients du contexte de r\u00e9duction de postes impos\u00e9es au d\u00e9partement, et que d\u2019autres \u00e9coles n\u2019ont pas eu la m\u00eame chance que nous de conserver un taux d\u2019encadrement inf\u00e9rieur \u00e0 24\u00a0\u00e9l\u00e8ves par classe. Nous soutenons les demandes faites par ces autres \u00e9tablissements\u2009\u00bb, concluent les parents d\u2019\u00e9l\u00e8ves.<\/p>\n<p class=\" wall-content\">Suivez toute l\u2019actualit\u00e9 de vos villes et m\u00e9dias favoris en vous inscrivant \u00e0 <a href=\"https:\/\/moncompte.actu.fr\" title=\"D\u00e9couvez Mon Actu\" rel=\"nofollow noopener\" data-trk=\"{&quot;cta&quot;:{&quot;action&quot;:&quot;https:\\\/\\\/moncompte.actu.fr&quot;,&quot;category&quot;:&quot;mon compte&quot;,&quot;from&quot;:&quot;article footer&quot;,&quot;name&quot;:&quot;Mon actu&quot;,&quot;type&quot;:&quot;cta&quot;}}\" target=\"_blank\">Mon Actu<\/a>.<\/p>\n","protected":false},"excerpt":{"rendered":"Par L\u00e9o Gautret Publi\u00e9 le 7 juil. 2025 \u00e0 10h29 \u00ab\u2009Victoire, nous conservons notre classe\u2009!\u2009\u00bb Les parents d\u2019\u00e9l\u00e8ves&hellip;\n","protected":false},"author":2,"featured_media":232245,"comment_status":"","ping_status":"","sticky":false,"template":"","format":"standard","meta":{"footnotes":""},"categories":[2821],"tags":[1111,11,829,4019,1057,1777,674,17775,1011,27,12,584,25,104],"class_list":{"0":"post-232244","1":"post","2":"type-post","3":"status-publish","4":"format-standard","5":"has-post-thumbnail","7":"category-rennes","8":"tag-actu","9":"tag-actualites","10":"tag-bretagne","11":"tag-ecoles","12":"tag-education","13":"tag-eu","14":"tag-europe","15":"tag-fermetures-de-classes","16":"tag-fr","17":"tag-france","18":"tag-news","19":"tag-rennes","20":"tag-republique-francaise","21":"tag-societe"},"share_on_mastodon":{"url":"https:\/\/pubeurope.com\/@fr\/114811070240545293","error":""},"_links":{"self":[{"href":"https:\/\/www.europesays.com\/fr\/wp-json\/wp\/v2\/posts\/232244","targetHints":{"allow":["GET"]}}],"collection":[{"href":"https:\/\/www.europesays.com\/fr\/wp-json\/wp\/v2\/posts"}],"about":[{"href":"https:\/\/www.europesays.com\/fr\/wp-json\/wp\/v2\/types\/post"}],"author":[{"embeddable":true,"href":"https:\/\/www.europesays.com\/fr\/wp-json\/wp\/v2\/users\/2"}],"replies":[{"embeddable":true,"href":"https:\/\/www.europesays.com\/fr\/wp-json\/wp\/v2\/comments?post=232244"}],"version-history":[{"count":0,"href":"https:\/\/www.europesays.com\/fr\/wp-json\/wp\/v2\/posts\/232244\/revisions"}],"wp:featuredmedia":[{"embeddable":true,"href":"https:\/\/www.europesays.com\/fr\/wp-json\/wp\/v2\/media\/232245"}],"wp:attachment":[{"href":"https:\/\/www.europesays.com\/fr\/wp-json\/wp\/v2\/media?parent=232244"}],"wp:term":[{"taxonomy":"category","embeddable":true,"href":"https:\/\/www.europesays.com\/fr\/wp-json\/wp\/v2\/categories?post=232244"},{"taxonomy":"post_tag","embeddable":true,"href":"https:\/\/www.europesays.com\/fr\/wp-json\/wp\/v2\/tags?post=232244"}],"curies":[{"name":"wp","href":"https:\/\/api.w.org\/{rel}","templated":true}]}}