{"id":232246,"date":"2025-07-07T08:45:09","date_gmt":"2025-07-07T08:45:09","guid":{"rendered":"https:\/\/www.europesays.com\/fr\/232246\/"},"modified":"2025-07-07T08:45:09","modified_gmt":"2025-07-07T08:45:09","slug":"il-saute-dans-le-rhin-depuis-la-passerelle-qui-relie-strasbourg-a-kehl-un-homme-meurt-noye","status":"publish","type":"post","link":"https:\/\/www.europesays.com\/fr\/232246\/","title":{"rendered":"Il saute dans le Rhin depuis la passerelle qui relie Strasbourg \u00e0 Kehl : un homme meurt noy\u00e9"},"content":{"rendered":"<p>            Par<br \/>\n        <strong><br \/>\n            <a href=\"https:\/\/actu.fr\/auteur\/olivia-kouassi\" title=\"Consulter tous les articles de Olivia Kouassi\" target=\"_blank\" rel=\"noopener\">Olivia Kouassi<\/a><br \/>\n        <\/strong><\/p>\n<p>        Publi\u00e9 le<\/p>\n<p>            7 juil. 2025 \u00e0 10h35        <\/p>\n<p>Un \u00ab\u2009accident de baignade\u2009\u00bb, selon la police allemande, aux cons\u00e9quences tragiques. Un homme est <strong>mort noy\u00e9<\/strong> dimanche 6 juillet 2025 au matin apr\u00e8s avoir<strong> saut\u00e9 dans le Rhin<\/strong> depuis la passerelle cycliste et pi\u00e9tonne des Deux-Rives qui relie <strong>Strasbourg<\/strong> (<a href=\"https:\/\/actu.fr\/strasbourg\/\" target=\"_blank\" rel=\"noopener\">Bas-Rhin<\/a>) \u00e0 <strong>Kehl<\/strong> en Allemagne.<\/p>\n<p>Une r\u00e9animation imm\u00e9diate sans succ\u00e8s<\/p>\n<p class=\" wall-content\">Le drame s\u2019est jou\u00e9 dimanche peu avant 8h30. Apr\u00e8s avoir vu deux hommes se tenir sur le rebord de la passerelle qui relie les deux pays, des t\u00e9moins ont appel\u00e9 les secours. L\u2019un d\u2019eux a saut\u00e9 dans le Rhin apr\u00e8s avoir retir\u00e9 ses v\u00eatements. Les t\u00e9moins ont aper\u00e7u l\u2019homme nager dans le sens du courant avant que <strong>ses forces ne l\u2019abandonnent rapidement<\/strong>.<\/p>\n<p class=\" wall-content\">Imm\u00e9diatement envoy\u00e9s sur place, les secouristes ont pu sortir la personne inanim\u00e9e au niveau du pont du tram, fait savoir la police allemande. Malgr\u00e9 une <strong>r\u00e9animation<\/strong> imm\u00e9diate, la personne est d\u00e9c\u00e9d\u00e9e sur les lieux de l\u2019accident.<\/p>\n<p class=\" wall-content\">L\u2019enqu\u00eate pour \u00e9claircir les circonstances du drame se poursuit par la police criminelle d\u2019Offenburg en relation avec les forces de l\u2019ordre fran\u00e7aises.<\/p>\n<p class=\" wall-content\">Suivez toute l\u2019actualit\u00e9 de vos villes et m\u00e9dias favoris en vous inscrivant \u00e0 <a href=\"https:\/\/moncompte.actu.fr\" title=\"D\u00e9couvez Mon Actu\" rel=\"nofollow noopener\" data-trk=\"{&quot;cta&quot;:{&quot;action&quot;:&quot;https:\\\/\\\/moncompte.actu.fr&quot;,&quot;category&quot;:&quot;mon compte&quot;,&quot;from&quot;:&quot;article footer&quot;,&quot;name&quot;:&quot;Mon actu&quot;,&quot;type&quot;:&quot;cta&quot;}}\" target=\"_blank\">Mon Actu<\/a>.<\/p>\n","protected":false},"excerpt":{"rendered":"Par Olivia Kouassi Publi\u00e9 le 7 juil. 2025 \u00e0 10h35 Un \u00ab\u2009accident de baignade\u2009\u00bb, selon la police allemande,&hellip;\n","protected":false},"author":2,"featured_media":232247,"comment_status":"","ping_status":"","sticky":false,"template":"","format":"standard","meta":{"footnotes":""},"categories":[2820],"tags":[1111,11,1777,674,118,1011,27,775,14871,12,25,640],"class_list":{"0":"post-232246","1":"post","2":"type-post","3":"status-publish","4":"format-standard","5":"has-post-thumbnail","7":"category-strasbourg","8":"tag-actu","9":"tag-actualites","10":"tag-eu","11":"tag-europe","12":"tag-faits-divers","13":"tag-fr","14":"tag-france","15":"tag-grand-est","16":"tag-kehl","17":"tag-news","18":"tag-republique-francaise","19":"tag-strasbourg"},"share_on_mastodon":{"url":"https:\/\/pubeurope.com\/@fr\/114811078311531371","error":""},"_links":{"self":[{"href":"https:\/\/www.europesays.com\/fr\/wp-json\/wp\/v2\/posts\/232246","targetHints":{"allow":["GET"]}}],"collection":[{"href":"https:\/\/www.europesays.com\/fr\/wp-json\/wp\/v2\/posts"}],"about":[{"href":"https:\/\/www.europesays.com\/fr\/wp-json\/wp\/v2\/types\/post"}],"author":[{"embeddable":true,"href":"https:\/\/www.europesays.com\/fr\/wp-json\/wp\/v2\/users\/2"}],"replies":[{"embeddable":true,"href":"https:\/\/www.europesays.com\/fr\/wp-json\/wp\/v2\/comments?post=232246"}],"version-history":[{"count":0,"href":"https:\/\/www.europesays.com\/fr\/wp-json\/wp\/v2\/posts\/232246\/revisions"}],"wp:featuredmedia":[{"embeddable":true,"href":"https:\/\/www.europesays.com\/fr\/wp-json\/wp\/v2\/media\/232247"}],"wp:attachment":[{"href":"https:\/\/www.europesays.com\/fr\/wp-json\/wp\/v2\/media?parent=232246"}],"wp:term":[{"taxonomy":"category","embeddable":true,"href":"https:\/\/www.europesays.com\/fr\/wp-json\/wp\/v2\/categories?post=232246"},{"taxonomy":"post_tag","embeddable":true,"href":"https:\/\/www.europesays.com\/fr\/wp-json\/wp\/v2\/tags?post=232246"}],"curies":[{"name":"wp","href":"https:\/\/api.w.org\/{rel}","templated":true}]}}