{"id":232250,"date":"2025-07-07T08:47:10","date_gmt":"2025-07-07T08:47:10","guid":{"rendered":"https:\/\/www.europesays.com\/fr\/232250\/"},"modified":"2025-07-07T08:47:10","modified_gmt":"2025-07-07T08:47:10","slug":"meteo-nice-et-les-alpes-maritimes-encore-en-alerte-canicule-jusqua-quand","status":"publish","type":"post","link":"https:\/\/www.europesays.com\/fr\/232250\/","title":{"rendered":"M\u00e9t\u00e9o. Nice et les Alpes-Maritimes encore en alerte canicule : jusqu&rsquo;\u00e0 quand\u00a0?"},"content":{"rendered":"<p>            Par<br \/>\n        <strong><br \/>\n            <a href=\"https:\/\/actu.fr\/auteur\/fabien-binacchi\" title=\"Consulter tous les articles de Fabien Binacchi\" rel=\"nofollow noopener\" target=\"_blank\">Fabien Binacchi<\/a><br \/>\n        <\/strong><\/p>\n<p>        Publi\u00e9 le<\/p>\n<p>            7 juil. 2025 \u00e0 10h38        <\/p>\n<p>Ce lundi 7\u00a0juillet 2025, le d\u00e9partement des <a href=\"https:\/\/actu.fr\/provence-alpes-cote-d-azur\/alpes-maritimes_06\" rel=\"nofollow noopener\" target=\"_blank\">Alpes-Maritimes<\/a> reste le seul de France, avec celui de la Haute-Corse, \u00e0 \u00eatre concern\u00e9 par une alerte \u00ab\u2009canicule\u2009\u00bb. <strong>La vigilance jaune est toujours activ\u00e9e<\/strong> par M\u00e9t\u00e9o-France.<\/p>\n<p class=\" wall-content\">Voil\u00e0 jusqu\u2019\u00e0 quand \u00e7a va durer.<\/p>\n<p>Le d\u00e9partement repasse en vert \u00e0 22h<\/p>\n<p class=\" wall-content\">L\u2019intense et interminable vague de chaleur qui a transform\u00e9 la France en une v\u00e9ritable fournaise, tous ces derniers jours, est finalement en passe de s\u2019\u00e9teindre. Ce lundi 7\u00a0juillet 2025, <strong>les irr\u00e9ductibles Alpes-Maritimes<\/strong> demeurent le seul d\u00e9partement du continent en alerte jaune. Et c\u2019est une question d\u2019heure avant que la situation bascule.<\/p>\n<p>    <img   decoding=\"async\" loading=\"lazy\" src=\"https:\/\/www.europesays.com\/fr\/wp-content\/uploads\/2025\/07\/report-960x640.jpg\" alt=\"Les Alpes-Maritimes et la Haute-Corse sont les seuls d\u00e9partements concern\u00e9s par une alerte canicule ce lundi 7 juillet\" width=\"960\" height=\"640\"\/><br \/>\n    Les Alpes-Maritimes et la Haute-Corse sont les seuls d\u00e9partements concern\u00e9s par une alerte canicule ce lundi 7\u00a0juillet (\u00a9M\u00e9t\u00e9o-France)<\/p>\n<p class=\" wall-content\">Fini <a href=\"https:\/\/actu.fr\/provence-alpes-cote-d-azur\/menton_06083\/une-nuit-a-27-8-c-dans-cette-ville-pres-de-nice-un-record-mais-pourquoi-y-fait-il-si-chaud_62851054.html\" rel=\"nofollow noopener\" target=\"_blank\">les nuits tropicales.<\/a> M\u00e9t\u00e9o-France a pr\u00e9vu de maintenir la vigilance jusqu\u2019\u00e0 22h ce lundi, mais pas au-del\u00e0. <strong>La journ\u00e9e de ce mardi 8\u00a0juillet passe au vert.<\/strong><\/p>\n<p>Vid\u00e9os : en ce moment sur Actu<\/p>\n<p class=\" wall-content\">M\u00eame pas d\u2019orages (qui ont \u00e9galement all\u00e8grement frapp\u00e9 la C\u00f4te d\u2019Azur la semaine derni\u00e8re, <a href=\"https:\/\/actu.fr\/provence-alpes-cote-d-azur\/tourrettes-sur-loup_06148\/incendie-pres-de-nice-un-orage-eclate-la-foudre-tombe-et-met-le-feu-a-cette-maison_62874244.html\" rel=\"nofollow noopener\" target=\"_blank\">jusqu\u2019\u00e0 d\u00e9clencher un incendie dans une maison<\/a>) \u00e0 l\u2019horizon.<\/p>\n<p>De 34\u00b0C \u00e0 26\u00b0C<\/p>\n<p class=\" wall-content\">Alors qu\u2019une tr\u00e8s large partie de l\u2019Hexagone est sous la pluie ce lundi 7\u00a0juillet, le pourtour m\u00e9diterran\u00e9en reste au sec, sous un grand soleil. Il fait\u00a0<strong>entre 24\u00b0C et 34\u00b0C<\/strong> \u00e0 Nice.<\/p>\n<p class=\" wall-content\">\n<p class=\" wall-content\">Et \u00e7a va nettement changer, d\u00e8s mardi\u2009: M\u00e9t\u00e9o-France pr\u00e9voit <strong>entre 21\u00b0C et 30\u00b0C<\/strong> dans la capitale azur\u00e9enne. Le mercure descendra \u00e0 <strong>28\u00b0C mercredi<\/strong> et m\u00eame \u00e0 <strong>26\u00b0C en fin de semaine,<\/strong> qui s\u2019annonce avec peut-\u00eatre quelques gouttes de pluie.<\/p>\n<p class=\" wall-content\">Et il faudra profiter de cette relative fra\u00eecheur. <strong>Un nouveau coup de chaud est pr\u00e9vu <\/strong>pour la semaine prochaine en Paca. Son ampleur reste \u00e0 d\u00e9terminer.<\/p>\n<p class=\" wall-content\">Suivez toute l\u2019actualit\u00e9 de vos villes et m\u00e9dias favoris en vous inscrivant \u00e0 <a href=\"https:\/\/moncompte.actu.fr\" title=\"D\u00e9couvez Mon Actu\" rel=\"nofollow noopener\" data-trk=\"{&quot;cta&quot;:{&quot;action&quot;:&quot;https:\\\/\\\/moncompte.actu.fr&quot;,&quot;category&quot;:&quot;mon compte&quot;,&quot;from&quot;:&quot;article footer&quot;,&quot;name&quot;:&quot;Mon actu&quot;,&quot;type&quot;:&quot;cta&quot;}}\" target=\"_blank\">Mon Actu<\/a>.<\/p>\n","protected":false},"excerpt":{"rendered":"Par Fabien Binacchi Publi\u00e9 le 7 juil. 2025 \u00e0 10h38 Ce lundi 7\u00a0juillet 2025, le d\u00e9partement des Alpes-Maritimes&hellip;\n","protected":false},"author":2,"featured_media":232251,"comment_status":"","ping_status":"","sticky":false,"template":"","format":"standard","meta":{"footnotes":""},"categories":[2819],"tags":[1111,11,6698,1777,674,1011,27,2487,2357,12,2401,882,25],"class_list":{"0":"post-232250","1":"post","2":"type-post","3":"status-publish","4":"format-standard","5":"has-post-thumbnail","7":"category-nice","8":"tag-actu","9":"tag-actualites","10":"tag-canicule","11":"tag-eu","12":"tag-europe","13":"tag-fr","14":"tag-france","15":"tag-meteo","16":"tag-meteo-france","17":"tag-news","18":"tag-nice","19":"tag-provence-alpes-cote-dazur","20":"tag-republique-francaise"},"share_on_mastodon":{"url":"https:\/\/pubeurope.com\/@fr\/114811086344318810","error":""},"_links":{"self":[{"href":"https:\/\/www.europesays.com\/fr\/wp-json\/wp\/v2\/posts\/232250","targetHints":{"allow":["GET"]}}],"collection":[{"href":"https:\/\/www.europesays.com\/fr\/wp-json\/wp\/v2\/posts"}],"about":[{"href":"https:\/\/www.europesays.com\/fr\/wp-json\/wp\/v2\/types\/post"}],"author":[{"embeddable":true,"href":"https:\/\/www.europesays.com\/fr\/wp-json\/wp\/v2\/users\/2"}],"replies":[{"embeddable":true,"href":"https:\/\/www.europesays.com\/fr\/wp-json\/wp\/v2\/comments?post=232250"}],"version-history":[{"count":0,"href":"https:\/\/www.europesays.com\/fr\/wp-json\/wp\/v2\/posts\/232250\/revisions"}],"wp:featuredmedia":[{"embeddable":true,"href":"https:\/\/www.europesays.com\/fr\/wp-json\/wp\/v2\/media\/232251"}],"wp:attachment":[{"href":"https:\/\/www.europesays.com\/fr\/wp-json\/wp\/v2\/media?parent=232250"}],"wp:term":[{"taxonomy":"category","embeddable":true,"href":"https:\/\/www.europesays.com\/fr\/wp-json\/wp\/v2\/categories?post=232250"},{"taxonomy":"post_tag","embeddable":true,"href":"https:\/\/www.europesays.com\/fr\/wp-json\/wp\/v2\/tags?post=232250"}],"curies":[{"name":"wp","href":"https:\/\/api.w.org\/{rel}","templated":true}]}}