{"id":232254,"date":"2025-07-07T08:51:14","date_gmt":"2025-07-07T08:51:14","guid":{"rendered":"https:\/\/www.europesays.com\/fr\/232254\/"},"modified":"2025-07-07T08:51:14","modified_gmt":"2025-07-07T08:51:14","slug":"girondins-les-noms-des-premieres-recrues-devoilees-a-bordeaux","status":"publish","type":"post","link":"https:\/\/www.europesays.com\/fr\/232254\/","title":{"rendered":"Girondins : les noms des premi\u00e8res recrues d\u00e9voil\u00e9es \u00e0 Bordeaux"},"content":{"rendered":"<p><img decoding=\"async\" src=\"https:\/\/www.europesays.com\/fr\/wp-content\/uploads\/2025\/07\/671_956b3586ab9c1daf02dab4f3e0791434.jpg\" alt=\"Girondins : les noms des premi\u00e8res recrues d\u00e9voil\u00e9es \u00e0 Bordeaux\" class=\"img-responsive mt-3\"\/><\/p>\n<p class=\"text-center mb-3\" style=\"font-size: 14px\">\u00a9 Iconsport<\/p>\n<p style=\"text-align: justify;\">Voici les joueurs attendus \u00e0 la reprise ce lundi \u00e0 17h sur la plaine des Sports du Haillan.<\/p>\n<p style=\"text-align: justify;\"><strong>\u00c9ric Vandenabeele<\/strong> : d\u00e9fenseur central droitier (33 ans, 1,84m), il arrive libre en provenance de Rodez. Il compte 286 matchs en professionnels, dont 124 en Ligue 2 et 24 en National 2. Il a jou\u00e9 \u00e0 Boulogne, Grenoble et Valenciennes.<\/p>\n<p style=\"text-align: center;\"><img decoding=\"async\" src=\"https:\/\/www.europesays.com\/fr\/wp-content\/uploads\/2025\/07\/ICONSPORT_133173_0062.jpg\" alt=\"ICONSPORT_133173_0062.jpg (180 KB)\" style=\"width:567px;max-width:100%;\"\/><br \/>\u00c9ric Vandenabeele avec Valenciennes @iconsport<\/p>\n<p style=\"text-align: justify;\"><strong>Abou Ba<\/strong> : milieu d\u00e9fensif droitier (26 ans, 1,83m). Il arrive libre apr\u00e8s une demi-saison avec Villefranche en National 1 (15 matchs jou\u00e9s). Il a \u00e9t\u00e9 international fran\u00e7ais U20.<\/p>\n<p><img decoding=\"async\" src=\"https:\/\/www.europesays.com\/fr\/wp-content\/uploads\/2025\/07\/ICONSPORT_117867_0036.jpg\" alt=\"ICONSPORT_117867_0036.jpg (1.28 MB)\" style=\"width:700px;max-width:100%;\"\/><br \/>Abou Ba avec Villefranche @iconsport<\/p>\n<p style=\"text-align: justify;\"><strong>Royce Openda<\/strong> : ailier gauche gabonais de 23 ans arriv\u00e9 en provenance du FC Chambly. Il a jou\u00e9 21 matchs de Naitonal 2 la saison derni\u00e8re pour 4 buts et 1 passe d\u00e9cisive.<\/p>\n<p style=\"text-align: justify;\"><strong>Lud\u00e9ric Etonde<\/strong> : piste r\u00e9v\u00e9l\u00e9e par WebGirondins, attaquant central de 24 ans (1,90m). Il jouait aux Herbiers la saison derni\u00e8re. Il \u00e9tait libre cet \u00e9t\u00e9. Il a jou\u00e9 18 matchs, marqu\u00e9 6 buts et d\u00e9livr\u00e9 4 passes d\u00e9clives la saison derni\u00e8re.<\/p>\n<p style=\"text-align: center;\"><img decoding=\"async\" src=\"https:\/\/www.europesays.com\/fr\/wp-content\/uploads\/2025\/07\/ICONSPORT_163708_0131.jpg\" alt=\"ICONSPORT_163708_0131.jpg (2.69 MB)\" style=\"width:700px;max-width:100%;\"\/><br \/>Lud\u00e9ric Etonde @iconsport<\/p>\n<p style=\"text-align: justify;\"><strong>Guillaume Odru<\/strong> : milieu relayeur, <a href=\"https:\/\/www.webgirondins.com\/actualite-mercato-girondins-guillaume-odru-arrive-a-bordeaux-129640\" target=\"_blank\" rel=\"noopener\">lire sa pr\u00e9sentation ici<\/a>.<\/p>\n<p style=\"text-align: justify;\"><strong>Steve Shamal<\/strong> : ailier gauche, <a href=\"https:\/\/www.webgirondins.com\/actualite-mercato-girondins-steve-shamal-va-signer-a-bordeaux-129638\" target=\"_blank\" rel=\"noopener\">lire sa pr\u00e9sentation ici<\/a>.<\/p>\n<p style=\"text-align: justify;\">Pour l&rsquo;instant ces arriv\u00e9es ne sont pas officialis\u00e9es par le club. Avec 10 d\u00e9parts cet \u00e9t\u00e9 dans le groupe de National 2, Bruno Irl\u00e8s a besoin de renforts. On remarque qu&rsquo;aucun gardien n&rsquo;a \u00e9t\u00e9 recrut\u00e9 alors que Lassana Diabat\u00e9 est en fin de contrat.<\/p>\n<p style=\"text-align: justify;\">Notre podcast court \u00e0 \u00e9couter :<\/p>\n<p>\u00a0<\/p>\n","protected":false},"excerpt":{"rendered":"\u00a9 Iconsport Voici les joueurs attendus \u00e0 la reprise ce lundi \u00e0 17h sur la plaine des Sports&hellip;\n","protected":false},"author":2,"featured_media":232255,"comment_status":"","ping_status":"","sticky":false,"template":"","format":"standard","meta":{"footnotes":""},"categories":[2817],"tags":[1111,11,37113,1997,7679,36459,37115,22000,10902,1086,1777,674,1011,27,2905,1987,8257,4059,9865,4659,12,16653,2219,37110,30527,8995,14174,9834,25,37112,37111,16567,37114],"class_list":{"0":"post-232254","1":"post","2":"type-post","3":"status-publish","4":"format-standard","5":"has-post-thumbnail","7":"category-bordeaux","8":"tag-actu","9":"tag-actualites","10":"tag-appris","11":"tag-bordeaux","12":"tag-details","13":"tag-devoilees","14":"tag-devoiles","15":"tag-devraient","16":"tag-dont","17":"tag-etre","18":"tag-eu","19":"tag-europe","20":"tag-fr","21":"tag-france","22":"tag-gironde","23":"tag-girondins","24":"tag-hier","25":"tag-joueurs","26":"tag-lundi","27":"tag-matin","28":"tag-news","29":"tag-noms","30":"tag-nouvelle-aquitaine","31":"tag-outre","32":"tag-premieres","33":"tag-present","34":"tag-recrues","35":"tag-reprise","36":"tag-republique-francaise","37":"tag-shamal","38":"tag-steve","39":"tag-supplementaires","40":"tag-venue"},"share_on_mastodon":{"url":"https:\/\/pubeurope.com\/@fr\/114811101960264913","error":""},"_links":{"self":[{"href":"https:\/\/www.europesays.com\/fr\/wp-json\/wp\/v2\/posts\/232254","targetHints":{"allow":["GET"]}}],"collection":[{"href":"https:\/\/www.europesays.com\/fr\/wp-json\/wp\/v2\/posts"}],"about":[{"href":"https:\/\/www.europesays.com\/fr\/wp-json\/wp\/v2\/types\/post"}],"author":[{"embeddable":true,"href":"https:\/\/www.europesays.com\/fr\/wp-json\/wp\/v2\/users\/2"}],"replies":[{"embeddable":true,"href":"https:\/\/www.europesays.com\/fr\/wp-json\/wp\/v2\/comments?post=232254"}],"version-history":[{"count":0,"href":"https:\/\/www.europesays.com\/fr\/wp-json\/wp\/v2\/posts\/232254\/revisions"}],"wp:featuredmedia":[{"embeddable":true,"href":"https:\/\/www.europesays.com\/fr\/wp-json\/wp\/v2\/media\/232255"}],"wp:attachment":[{"href":"https:\/\/www.europesays.com\/fr\/wp-json\/wp\/v2\/media?parent=232254"}],"wp:term":[{"taxonomy":"category","embeddable":true,"href":"https:\/\/www.europesays.com\/fr\/wp-json\/wp\/v2\/categories?post=232254"},{"taxonomy":"post_tag","embeddable":true,"href":"https:\/\/www.europesays.com\/fr\/wp-json\/wp\/v2\/tags?post=232254"}],"curies":[{"name":"wp","href":"https:\/\/api.w.org\/{rel}","templated":true}]}}