{"id":232258,"date":"2025-07-07T08:53:15","date_gmt":"2025-07-07T08:53:15","guid":{"rendered":"https:\/\/www.europesays.com\/fr\/232258\/"},"modified":"2025-07-07T08:53:15","modified_gmt":"2025-07-07T08:53:15","slug":"toulouse-devoile-ce-lundi-le-seul-orgue-scientifique-historique-de-france-apres-150-heures-de-restauration","status":"publish","type":"post","link":"https:\/\/www.europesays.com\/fr\/232258\/","title":{"rendered":"Toulouse d\u00e9voile ce lundi le seul orgue scientifique historique de France apr\u00e8s 150\u00a0heures de restauration"},"content":{"rendered":"<p>\n                                                                    l&rsquo;essentiel<br \/>\n                                                                Il a fallu 150\u00a0heures de travail pour le restaurer. Depuis le 3\u00a0juillet, l\u2019orgue de Bouasse tr\u00f4ne \u00e0 l\u2019Universit\u00e9 de Toulouse faisant de l\u2019\u00e9tablissement l\u2019unique facult\u00e9 dot\u00e9e d\u2019un tel instrument. Appartenant au physicien fran\u00e7ais Henri Bouasse, ce patrimoine historique servira d\u2019outil exp\u00e9rimental pour les \u00e9tudiants\u00a0de la Facult\u00e9 sciences et ing\u00e9nierie (FSI) de Toulouse.\n                            <\/p>\n<p>\u00ab\u00a0C\u2019est loin d\u2019\u00eatre une chose courante\u00a0\u00bb, affirmait Paolo Brenni (1954-2021), sp\u00e9cialiste des instruments scientifiques anciens. Depuis le 3\u00a0juillet, l\u2019Universit\u00e9 de Toulouse se d\u00e9marque des autres facult\u00e9s en devenant l\u2019unique \u00e9tablissement poss\u00e9dant un orgue historique. L\u2019instrument du XIXe\u00a0si\u00e8cle n\u2019a pas de but artistique, mais il n\u2019en reste pas moins impressionnant.<br \/>L\u2019outil avait initialement \u00e9t\u00e9 plac\u00e9 \u00e0 la facult\u00e9 des Sciences des all\u00e9es Jules-Guesde pour mener des exp\u00e9rimentations. C\u2019est Henri Bouasse, physicien fran\u00e7ais du XXe\u00a0si\u00e8cle et anim\u00e9 par l\u2019\u00e9tude des ph\u00e9nom\u00e8nes acoustiques, qui en avait fait l\u2019acquisition \u00e0 titre scientifique.<\/p>\n<p>        <img decoding=\"async\" class=\"std-img__img responsive-img\" src=\"https:\/\/www.europesays.com\/fr\/wp-content\/uploads\/2025\/07\/1751878395_209_image.jpg\" alt=\"L\u2019orgue de Bouasse tr\u00f4ne dans une salle de travaux pratique de la FSI\"\/><\/p>\n<p>                L\u2019orgue de Bouasse tr\u00f4ne dans une salle de travaux pratique de la FSI<br \/>\n                                    DR &#8211; Facult\u00e9 sciences et ing\u00e9nierie de l&rsquo;Universit\u00e9 de Toulouse<\/p>\n<p>150\u00a0heures de restauration<\/p>\n<p>Entre les diff\u00e9rents d\u00e9m\u00e9nagements et r\u00e9novations de la facult\u00e9 de Toulouse, l\u2019orgue reste plusieurs ann\u00e9es dans l\u2019ombre. Il revoit le jour en 2016, avec la cr\u00e9ation du cabinet de Physique du campus de Rangueil, qui souhaite le restaurer. En 2023, l\u2019orgue de Bouasse retrouve l\u2019int\u00e9gralit\u00e9 de ses 52 tuyaux gr\u00e2ce \u00e0 Nicolas Lanasp\u00e8ze. Le facteur d\u2019orgues y a d\u00e9di\u00e9 150\u00a0heures de travail pour y arriver\u00a0: \u00ab\u00a0Il a \u00e9t\u00e9 particuli\u00e8rement int\u00e9ressant de faire le lien entre un instrument d\u2019\u00e9tudes sur l\u2019acoustique et les ondes sonores\u00a0\u00bb, partage-t-il dans un communiqu\u00e9.<\/p>\n<p class=\"std-elt__inline\">\n        <strong>\u00c0 lire aussi :<\/strong><br \/>\n        <a href=\"https:\/\/www.ladepeche.fr\/2024\/05\/10\/le-plus-grand-orgue-de-laude-restaure-11941588.php\" rel=\"nofollow noopener\" target=\"_blank\">Le plus grand orgue de l\u2019Aude restaur\u00e9<\/a>\n    <\/p>\n<p>Lors de la restauration, Nicolas Lanasp\u00e8ze a gard\u00e9 la particularit\u00e9 scientifique et exp\u00e9rimentale de l\u2019orgue. Son originalit\u00e9 porte sur le m\u00e9canisme de distribution de l\u2019air, qui se fait uniquement par deux sommiers ne correspondant pas initialement au reste de l\u2019instrument. De par la nature des colles et des vis utilis\u00e9es, l\u2019origine anglo-saxonne de l\u2019orgue a \u00e9galement pu \u00eatre \u00e9tablie.<\/p>\n<p class=\"std-elt__inline\">\n        <strong>\u00c0 lire aussi :<\/strong><br \/>\n        <a href=\"https:\/\/www.ladepeche.fr\/2025\/05\/13\/luniversite-de-toulouse-a-revele-sa-nouvelle-identite-graphique-pour-rayonner-dans-toute-la-france-en-europe-et-dans-le-monde-rappelle-sa-presidente-12690596.php\" rel=\"nofollow noopener\" target=\"_blank\">L\u2019universit\u00e9 de Toulouse a r\u00e9v\u00e9l\u00e9 sa nouvelle identit\u00e9 graphique, \u00ab\u00a0pour rayonner dans toute la France, en Europe et dans le monde\u00a0\u00bb, rappelle sa pr\u00e9sidente<\/a>\n    <\/p>\n<p>Une inauguration pr\u00e9vue ce lundi<\/p>\n<p>Pour \u00c9ric Clottes, directeur de la Facult\u00e9 sciences et ing\u00e9nierie (FSI), cet \u00e9v\u00e9nement est une r\u00e9ussite. \u00ab\u00a0Aucun \u00e9tudiant de France n\u2019a l\u2019occasion de travailler les ph\u00e9nom\u00e8nes acoustiques sur un orgue historique\u00a0\u00bb, affirme-t-il. L\u2019instrument \u00e0 vent, plac\u00e9 dans une salle de travaux pratiques de la FSI, servira d\u2019outil scientifique pour les \u00e9tudiants concern\u00e9s.<\/p>\n<p>Celle-ci sera inaugur\u00e9e le lundi 7\u00a0juillet \u00e0 13\u00a0h au campus de Rangueil (118 rue de Narbonne).<\/p>\n","protected":false},"excerpt":{"rendered":"l&rsquo;essentiel Il a fallu 150\u00a0heures de travail pour le restaurer. Depuis le 3\u00a0juillet, l\u2019orgue de Bouasse tr\u00f4ne \u00e0&hellip;\n","protected":false},"author":2,"featured_media":232259,"comment_status":"","ping_status":"","sticky":false,"template":"","format":"standard","meta":{"footnotes":""},"categories":[2816],"tags":[1111,11,1777,674,1011,27,12,2680,25,2312],"class_list":{"0":"post-232258","1":"post","2":"type-post","3":"status-publish","4":"format-standard","5":"has-post-thumbnail","7":"category-toulouse","8":"tag-actu","9":"tag-actualites","10":"tag-eu","11":"tag-europe","12":"tag-fr","13":"tag-france","14":"tag-news","15":"tag-occitanie","16":"tag-republique-francaise","17":"tag-toulouse"},"share_on_mastodon":{"url":"https:\/\/pubeurope.com\/@fr\/114811109592741425","error":""},"_links":{"self":[{"href":"https:\/\/www.europesays.com\/fr\/wp-json\/wp\/v2\/posts\/232258","targetHints":{"allow":["GET"]}}],"collection":[{"href":"https:\/\/www.europesays.com\/fr\/wp-json\/wp\/v2\/posts"}],"about":[{"href":"https:\/\/www.europesays.com\/fr\/wp-json\/wp\/v2\/types\/post"}],"author":[{"embeddable":true,"href":"https:\/\/www.europesays.com\/fr\/wp-json\/wp\/v2\/users\/2"}],"replies":[{"embeddable":true,"href":"https:\/\/www.europesays.com\/fr\/wp-json\/wp\/v2\/comments?post=232258"}],"version-history":[{"count":0,"href":"https:\/\/www.europesays.com\/fr\/wp-json\/wp\/v2\/posts\/232258\/revisions"}],"wp:featuredmedia":[{"embeddable":true,"href":"https:\/\/www.europesays.com\/fr\/wp-json\/wp\/v2\/media\/232259"}],"wp:attachment":[{"href":"https:\/\/www.europesays.com\/fr\/wp-json\/wp\/v2\/media?parent=232258"}],"wp:term":[{"taxonomy":"category","embeddable":true,"href":"https:\/\/www.europesays.com\/fr\/wp-json\/wp\/v2\/categories?post=232258"},{"taxonomy":"post_tag","embeddable":true,"href":"https:\/\/www.europesays.com\/fr\/wp-json\/wp\/v2\/tags?post=232258"}],"curies":[{"name":"wp","href":"https:\/\/api.w.org\/{rel}","templated":true}]}}