{"id":232268,"date":"2025-07-07T08:59:10","date_gmt":"2025-07-07T08:59:10","guid":{"rendered":"https:\/\/www.europesays.com\/fr\/232268\/"},"modified":"2025-07-07T08:59:10","modified_gmt":"2025-07-07T08:59:10","slug":"la-strategie-de-grandlyon-habitat-pour-eviter-les-expulsions-des-locataires","status":"publish","type":"post","link":"https:\/\/www.europesays.com\/fr\/232268\/","title":{"rendered":"La strat\u00e9gie de GrandLyon habitat pour \u00e9viter les expulsions des locataires"},"content":{"rendered":"<p><img loading=\"lazy\" decoding=\"async\" alt=\"\u00a9 Brice Robert - Malgr\u00e9 la strat\u00e9gie mise en place pour accompagner les locataires en difficult\u00e9s financi\u00e8res, GrandLyon habitat proc\u00e8de \u00e0 40 expulsions par an.\" data-zoom-src=\"https:\/\/www.europesays.com\/fr\/wp-content\/uploads\/2025\/07\/initial-politique-grandlyon-habitat-lutte-contre-les-explusions-de-locataires-residence-la-grappinie.jpeg\" data-zoomable=\"\" height=\"702\" src=\"https:\/\/www.europesays.com\/fr\/wp-content\/uploads\/2025\/07\/initial-politique-grandlyon-habitat-lutte-contre-les-explusions-de-locataires-residence-la-grappinie.jpeg\" width=\"1248\"\/>  <\/p>\n<p class=\"article-desc\">\u00a9 Brice Robert &#8211; Malgr\u00e9 la strat\u00e9gie mise en place pour accompagner les locataires en difficult\u00e9s financi\u00e8res, GrandLyon habitat proc\u00e8de \u00e0 40 expulsions par an. <\/p>\n<p>\u00c0 <strong>GrandLyon habitat<\/strong>, 60 % des locataires du parc de 27 000 logements se situent en-dessous du plafond PLAI [logements attribu\u00e9s aux locataires en situation de grande pr\u00e9carit\u00e9, NDLR], avec des revenus annuels autour de 12 000 euros pour une personne seule, 18 000 euros pour un couple. <\/p>\n<p>\u00ab\u00a0De plus la hausse m\u00e9canique des charges locatives a atteint +15 % en moyenne entre 2021 et 2023, pr\u00e9cise Olivier Dakessian, directeur du p\u00f4le finances, gestion et juridique de Grandlyon habitat. Ce niveau de co\u00fbt ne redescend pas. Le recul des prix de l\u2019\u00e9nergie n\u2019\u00e9tant pas suffisant. Pour compliquer la situation, les nouveaux entrants sont en situation de pr\u00e9carit\u00e9 plus importante que la population en place\u00a0\u00bb. <\/p>\n<p>7 000 locataires de GrandLyon habitat en difficult\u00e9 pour payer leur loyer\u00a0 <\/p>\n<p>En 2024, pr\u00e8s de 47 % des Fran\u00e7ais ont eu des difficult\u00e9s \u00e0 payer leurs factures d&rsquo;\u00e9nergie, selon le<strong> 18e barom\u00e8tre de la pauvret\u00e9 et de la pr\u00e9carit\u00e9<\/strong> <a href=\"https:\/\/www.secourspopulaire.fr\/app\/uploads\/2024\/09\/ipsos-pour-le-secours-populaire-observatoire-de-la-pauvrete-et-de-la-precarite-volet-france-vague-18-juin-2024.pdf\" rel=\"noopener\" target=\"_blank\">r\u00e9alis\u00e9 par Ipsos pour le Secours populaire fran\u00e7ais<\/a>. Face \u00e0 cette situation alarmante, GrandLyon habitat a mis en place une <strong>strat\u00e9gie<\/strong> pour <strong>accompagner les locataires en difficult\u00e9<\/strong>. <\/p>\n<p>Le bailleur social a mobilis\u00e9 pr\u00e8s de 60 collaborateurs pour accompagner les locataires d\u00e8s les <strong>premiers signes d&rsquo;impay\u00e9s<\/strong>. En 2024, plus de<strong> 4 700 plans d&rsquo;apurement<\/strong> ont \u00e9t\u00e9 mis en place et<strong> 2 400 accompagnements sociaux <\/strong>ont \u00e9t\u00e9 men\u00e9s.<\/p>\n<p>L\u2019office HLM m\u00e9tropolitain a consacr\u00e9 471 000 euros \u00e0 des aides financi\u00e8res pour les locataires en difficult\u00e9, incluant des <strong>aides d&rsquo;urgence<\/strong> et des <strong>aides \u00e0 la quittance<\/strong>. A fin 2024, le bailleur accusait <strong>dix millions d\u2019euros de retards<\/strong>, qui concernaient 7 000 locataires contre 6 000 en 2023.<\/p>\n<p>Le projet Caramba, men\u00e9 en partenariat avec l&rsquo;AVDL, Association villeurbannaise pour le droit au logement, vise \u00e0 accompagner les m\u00e9nages au bord de l&rsquo;expulsion. Depuis 2015, environ 200 m\u00e9nages ont b\u00e9n\u00e9fici\u00e9 de ce dispositif innovant, qui propose un accompagnement personnalis\u00e9 et global. Ce projet combine accompagnement social, aide budg\u00e9taire et m\u00e9diation. <\/p>\n<p>\u00ab\u00a0Nous devons essayer de trouver des solutions pour des personnes qui ont parfois plus de 15 000 euros de dettes de loyers, et qui parfois n\u2019ont plus d\u2019\u00e9lectricit\u00e9 depuis un an&#8230;\u00a0\u00bb, explique le directeur de l\u2019AVDL, Sylvain Camuzat. <\/p>\n<p>GrandLyon habitat : intervenir \u00ab\u00a0d\u00e8s les premiers signes de fragilit\u00e9\u00a0\u00bb <\/p>\n<p>Des op\u00e9rations de <strong>phoning<\/strong> ont \u00e9t\u00e9 men\u00e9es pour \u00e9tablir et <strong>maintenir le contact<\/strong> et mettre en place des <strong>plans de paiement<\/strong>, et un accompagnement contre l\u2019exclusion.<\/p>\n<p><a href=\"https:\/\/mesinfos.fr\/auvergne-rhone-alpes\/francois-thevenieau-reelu-a-la-presidence-de-grand-lyon-habitat-150194.html\" rel=\"noopener\" target=\"_blank\">Fran\u00e7ois Thevenieau, pr\u00e9sident de GrandLyon habitat<\/a>, souligne que \u00ab\u00a0l&rsquo;expulsion ne doit \u00eatre qu&rsquo;un dernier recours. Gr\u00e2ce \u00e0 la mobilisation de nos \u00e9quipes, \u00e0 des outils d&rsquo;accompagnement social renforc\u00e9s et \u00e0 des partenariats solides, nous intervenons d\u00e8s les premiers signes de fragilit\u00e9\u00a0\u00bb. <\/p>\n<p>Cette strat\u00e9gie a permis de stabiliser de nombreuses situations \u00e0 risque et d&rsquo;\u00e9viter des proc\u00e9dures d&rsquo;expulsion. Malgr\u00e9 tout, ce sont <strong>40 expulsions d\u00e9finitives<\/strong> qui sont prononc\u00e9es chaque ann\u00e9e, au bout du bout de toutes les solutions envisag\u00e9es, soit 0,16% des locataires (moyenne nationale, 0,2% d\u2019expulsions). <\/p>\n<p>GrandLyon habitat collabore avec de nombreux partenaires, tels que les Maisons de la M\u00e9tropole, les CCAS (Centres communaux d&rsquo;action sociale) et la <strong>Caisse d&rsquo;allocations familiales (CAF)<\/strong>, pour offrir un accompagnement pluridisciplinaire et coordonn\u00e9.<\/p>\n","protected":false},"excerpt":{"rendered":"\u00a9 Brice Robert &#8211; Malgr\u00e9 la strat\u00e9gie mise en place pour accompagner les locataires en difficult\u00e9s financi\u00e8res, GrandLyon&hellip;\n","protected":false},"author":2,"featured_media":232269,"comment_status":"","ping_status":"","sticky":false,"template":"","format":"standard","meta":{"footnotes":""},"categories":[1889],"tags":[1111,11,2430,1777,674,1011,27,37119,6459,2428,13099,12,25],"class_list":{"0":"post-232268","1":"post","2":"type-post","3":"status-publish","4":"format-standard","5":"has-post-thumbnail","7":"category-lyon","8":"tag-actu","9":"tag-actualites","10":"tag-auvergne-rhone-alpes","11":"tag-eu","12":"tag-europe","13":"tag-fr","14":"tag-france","15":"tag-grand-lyon-habitat","16":"tag-logements-sociaux","17":"tag-lyon","18":"tag-mu00e9tropole-de-lyon","19":"tag-news","20":"tag-republique-francaise"},"share_on_mastodon":{"url":"https:\/\/pubeurope.com\/@fr\/114811133471351932","error":""},"_links":{"self":[{"href":"https:\/\/www.europesays.com\/fr\/wp-json\/wp\/v2\/posts\/232268","targetHints":{"allow":["GET"]}}],"collection":[{"href":"https:\/\/www.europesays.com\/fr\/wp-json\/wp\/v2\/posts"}],"about":[{"href":"https:\/\/www.europesays.com\/fr\/wp-json\/wp\/v2\/types\/post"}],"author":[{"embeddable":true,"href":"https:\/\/www.europesays.com\/fr\/wp-json\/wp\/v2\/users\/2"}],"replies":[{"embeddable":true,"href":"https:\/\/www.europesays.com\/fr\/wp-json\/wp\/v2\/comments?post=232268"}],"version-history":[{"count":0,"href":"https:\/\/www.europesays.com\/fr\/wp-json\/wp\/v2\/posts\/232268\/revisions"}],"wp:featuredmedia":[{"embeddable":true,"href":"https:\/\/www.europesays.com\/fr\/wp-json\/wp\/v2\/media\/232269"}],"wp:attachment":[{"href":"https:\/\/www.europesays.com\/fr\/wp-json\/wp\/v2\/media?parent=232268"}],"wp:term":[{"taxonomy":"category","embeddable":true,"href":"https:\/\/www.europesays.com\/fr\/wp-json\/wp\/v2\/categories?post=232268"},{"taxonomy":"post_tag","embeddable":true,"href":"https:\/\/www.europesays.com\/fr\/wp-json\/wp\/v2\/tags?post=232268"}],"curies":[{"name":"wp","href":"https:\/\/api.w.org\/{rel}","templated":true}]}}