{"id":232270,"date":"2025-07-07T09:01:17","date_gmt":"2025-07-07T09:01:17","guid":{"rendered":"https:\/\/www.europesays.com\/fr\/232270\/"},"modified":"2025-07-07T09:01:17","modified_gmt":"2025-07-07T09:01:17","slug":"une-nouvelle-vague-de-chaleur-attendue-cette-semaine-a-paris-et-en-ile-de-france-que-montrent-nos-cartes","status":"publish","type":"post","link":"https:\/\/www.europesays.com\/fr\/232270\/","title":{"rendered":"Une nouvelle vague de chaleur attendue cette semaine \u00e0 Paris et en \u00cele-de-France ? Que montrent nos cartes ?"},"content":{"rendered":"<p> <img decoding=\"async\" fetchpriority=\"high\" src=\"https:\/\/www.europesays.com\/fr\/wp-content\/uploads\/2025\/07\/dailymotion-x9mf6ro_1024.jpg\"  width=\"768\" height=\"432\" id=\"x9mf6ro\"\/>  <\/p>\n<p>Pluie, fra\u00eecheur&#8230; et bient\u00f4t la chaleur ? Une nouvelle envol\u00e9e des temp\u00e9ratures est-elle en ligne de mire pour la fin de semaine \u00e0 Paris et en r\u00e9gion parisienne ? Retrouvez nos pr\u00e9visions m\u00e9t\u00e9o compl\u00e8tes dans cet article. <\/p>\n<p>    <img decoding=\"async\" fetchpriority=\"high\" src=\"https:\/\/www.europesays.com\/fr\/wp-content\/uploads\/2025\/04\/marc-hay.jpg\" alt=\"Marc Hay\" width=\"40\" height=\"40\"\/>    <a class=\"nombre text-hv\" href=\"https:\/\/www.tameteo.com\/auteur\/marc-hay\/\" title=\"Marc Hay\" rel=\"nofollow noopener\" target=\"_blank\">Marc Hay<\/a>         07\/07\/2025 06:55   5 min   <\/p>\n<p>Il y a encore quelques jours, nous vous annoncions un d\u00e9but de semaine humide et frais sur la r\u00e9gion parisienne, <strong>mais nous \u00e9voquions \u00e9galement une probable vague de chaleur, voire des temp\u00e9ratures caniculaires<\/strong> sur Paris et l\u2019\u00cele-de-France \u00e0 partir de la fin de semaine.<\/p>\n<p>S\u2019il ne fait aucun doute que c\u2019est la fra\u00eecheur qui domine ce lundi, <strong>davantage d\u2019incertitudes planent sur ce qui va r\u00e9ellement se passer en fin de semaine. <\/strong>Si le soleil et la chaleur devraient progressivement s\u2019imposer \u00e0 partir de mercredi,<strong> il reste encore \u00e0 affiner jusqu\u2019\u00e0 quel niveau les temp\u00e9ratures grimperont en fin de semaine, <\/strong>et quelle sera l\u2019\u00e9volution du temps pour clore le long week-end du 14 juillet.<\/p>\n<p>En effet, une goutte froide pourrait venir d\u00e9stabiliser la masse d\u2019air, et les perturbations atlantiques pourraient \u00e9galement faire \u00e9voluer les pr\u00e9visions. En tout cas, soleil et chaleur devraient bien s\u2019imposer en fin de semaine, <strong>mais \u00e0 ce stade, il n\u2019est plus question de temp\u00e9ratures sup\u00e9rieures \u00e0 35 \u00b0C en \u00cele-de-France (sauf peut-\u00eatre \u00e0 partir du 14 juillet). <\/strong><\/p>\n<p><strong>Comment les pr\u00e9visions m\u00e9t\u00e9o vont-elles \u00e9voluer dans les prochains jours ?<\/strong> Retrouvez nos pr\u00e9visions compl\u00e8tes dans cet article.<\/p>\n<p>De la fra\u00eecheur pour d\u00e9buter la semaine<\/p>\n<p><strong>Ces prochaines 36 heures s\u2019annoncent humides et bien fra\u00eeches pour la saison en <a href=\"https:\/\/www.tameteo.com\/meteo-Europe-France-Ile+de+France-1-1-135-29.html\" data-mrf-recirculation=\"cuerpo_intext\" rel=\"nofollow noopener\" target=\"_blank\">\u00cele-de-France<\/a>, <\/strong>avec des averses parfois soutenues. Il faudra attendre mardi apr\u00e8s-midi pour retrouver de plus belles \u00e9claircies en r\u00e9gion parisienne.<\/p>\n<p><img loading=\"lazy\" decoding=\"async\" fetchpriority=\"low\" class=\"lazy \" src=\"https:\/\/www.europesays.com\/fr\/wp-content\/uploads\/2025\/07\/une-nouvelle-vague-de-chaleur-attendue-cette-semaine-a-paris-et-en-ile-de-france-que-montrent-nos-ca.png\"  width=\"768\" height=\"432\" alt=\"Un lundi humide en \u00cele-de-France.\" title=\"Un lundi humide en \u00cele-de-France.\" data-image=\"pijeeeaepd4a\"\/>Un lundi humide en \u00cele-de-France. <\/p>\n<p>Comme le montre la carte ci-dessus, les averses ne devraient \u00e9pargner personne en \u00cele-de-France. Elles pourront localement \u00eatre soutenues et apporter des cumuls de pluie non n\u00e9gligeables,<strong> ce qui est une bonne chose compte tenu de la s\u00e9cheresse des sols en ce d\u00e9but d\u2019\u00e9t\u00e9. <\/strong>Ces pluies sont donc les bienvenues \u00e0 cette p\u00e9riode de l\u2019ann\u00e9e.<\/p>\n<p><a class=\"imagen \" href=\"https:\/\/www.tameteo.com\/actualites\/previsions\/meteo-arrivee-d-air-polaire-sur-la-france-nos-cartes-confirment-le-plongeon-dans-l-automne-mais-jusqu-a-quand-froid.html\" title=\"M\u00e9t\u00e9o : arriv\u00e9e d\u2019air polaire sur la France. Nos cartes confirment le plongeon dans l\u2019automne, mais jusqu\u2019\u00e0 quand ?\" rel=\"nofollow noopener\" target=\"_blank\"><img loading=\"lazy\" decoding=\"async\" fetchpriority=\"low\" class=\"lazy img-body non-editable\" src=\"https:\/\/www.europesays.com\/fr\/wp-content\/uploads\/2025\/07\/meteo-arrivee-d-air-polaire-sur-la-france-nos-cartes-confirment-le-plongeon-dans-l-automne-mais-jusq.png\"  width=\"320\" height=\"225\" alt=\"M\u00e9t\u00e9o : arriv\u00e9e d\u2019air polaire sur la France. Nos cartes confirment le plongeon dans l\u2019automne, mais jusqu\u2019\u00e0 quand ?\"\/><\/a>Ressenti automnal<\/p>\n<p>Sous l\u2019effet du vent de nord-ouest et de l\u2019arriv\u00e9e de cette masse d\u2019air d\u2019origine polaire,<strong> les temp\u00e9ratures s\u2019annoncent fra\u00eeches, dignes d\u2019un d\u00e9but octobre, <\/strong>et auront parfois du mal \u00e0 d\u00e9passer les 20 degr\u00e9s au meilleur moment de la journ\u00e9e.<\/p>\n<p><img loading=\"lazy\" decoding=\"async\" fetchpriority=\"low\" class=\"lazy \" src=\"https:\/\/www.europesays.com\/fr\/wp-content\/uploads\/2025\/07\/1751878876_588_une-nouvelle-vague-de-chaleur-attendue-cette-semaine-a-paris-et-en-ile-de-france-que-montrent-nos-ca.png\"  width=\"768\" height=\"432\" alt=\"Fra\u00eecheur automnal pour ce d\u00e9but de semaine en r\u00e9gion parisienne.\" title=\"Fra\u00eecheur automnal pour ce d\u00e9but de semaine en r\u00e9gion parisienne.\" data-image=\"qv2l2dwr7bvq\"\/>Fra\u00eecheur automnal pour ce d\u00e9but de semaine en r\u00e9gion parisienne. <\/p>\n<p>Comme le montre la carte ci-dessus, les temp\u00e9ratures attendues seront parfois de<strong> 4 \u00e0 6 degr\u00e9s en-dessous des normales de saison.<\/strong><\/p>\n<p>Apr\u00e8s une matin\u00e9e de mardi encore humide avec le passage d\u2019averses, <strong>de belles \u00e9claircies devraient finir par revenir dans l\u2019apr\u00e8s-midi, <\/strong>mais les temp\u00e9ratures resteront encore fra\u00eeches pour la saison.<\/p>\n<p>Retour de l&rsquo;\u00e9t\u00e9 mercredi <\/p>\n<p>D\u00e8s mercredi,<strong> l\u2019anticyclone s\u2019imposera \u00e0 nouveau sur la r\u00e9gion, avec le retour de conditions ensoleill\u00e9es. <\/strong>Les temp\u00e9ratures en profiteront pour poursuivre leur ascension, avec une belle moyenne de 25 degr\u00e9s sur la r\u00e9gion.<\/p>\n<p><a class=\"imagen \" href=\"https:\/\/www.tameteo.com\/actualites\/science\/phenomene-inquietant-en-antarctique-une-decouverte-accelere-la-fonte-de-la-banquise-de-quoi-s-agit-il-climat.html\" title=\"Ph\u00e9nom\u00e8ne inqui\u00e9tant en Antarctique : une d\u00e9couverte acc\u00e9l\u00e8re la fonte de la banquise ! De quoi s&#039;agit-il ? \" rel=\"nofollow noopener\" target=\"_blank\"><img loading=\"lazy\" decoding=\"async\" fetchpriority=\"low\" class=\"lazy img-body non-editable\" src=\"https:\/\/www.europesays.com\/fr\/wp-content\/uploads\/2025\/07\/algo-extrano-esta-ocurriendo-en-la-antartida-descubren-un-fenomeno-que-acelera-la-perdida-de-hielo-m.jpeg\"  width=\"320\" height=\"225\" alt=\"Ph\u00e9nom\u00e8ne inqui\u00e9tant en Antarctique : une d\u00e9couverte acc\u00e9l\u00e8re la fonte de la banquise ! De quoi s'agit-il ? \"\/><\/a><\/p>\n<p>La chaleur devrait \u00eatre plus marqu\u00e9e entre les journ\u00e9es de jeudi et de vendredi, <strong>avec 27 \u00b0C pr\u00e9vus \u00e0 <a href=\"https:\/\/www.tameteo.com\/meteo-Europe-France-Ile+de+France-Paris-1-1-135-29-5461.html\" data-mrf-recirculation=\"cuerpo_intext\" rel=\"nofollow noopener\" target=\"_blank\">Paris<\/a> jeudi apr\u00e8s-midi et pr\u00e8s de 30 degr\u00e9s vendredi apr\u00e8s-midi.<\/strong><\/p>\n<p><img loading=\"lazy\" decoding=\"async\" fetchpriority=\"low\" class=\"lazy \" src=\"https:\/\/www.europesays.com\/fr\/wp-content\/uploads\/2025\/07\/1751878877_635_une-nouvelle-vague-de-chaleur-attendue-cette-semaine-a-paris-et-en-ile-de-france-que-montrent-nos-ca.png\"  width=\"768\" height=\"432\" alt=\"Pr\u00e8s de 30 degr\u00e9s vendredi apr\u00e8s-midi en r\u00e9gion parisienne.\" title=\"Pr\u00e8s de 30 degr\u00e9s vendredi apr\u00e8s-midi en r\u00e9gion parisienne.\" data-image=\"5n9lclnwcv8i\"\/>Pr\u00e8s de 30 degr\u00e9s vendredi apr\u00e8s-midi en r\u00e9gion parisienne. <\/p>\n<p>Elle pourrait encore monter d\u2019un cran au d\u00e9but du week-end prolong\u00e9, entre samedi 12 et dimanche 13 juillet, <strong>avec des valeurs qui devraient atteindre les 31 \u00e0 32 degr\u00e9s en \u00cele-de-France. <\/strong>Cette chaleur pourrait devenir plus marqu\u00e9e encore pour le lundi 14 juillet,<strong> avec pr\u00e8s de 35 degr\u00e9s, mais cette tendance demande \u00e0 \u00eatre confirm\u00e9e dans les prochains jours.<\/strong><\/p>\n<p>Ces tr\u00e8s fortes chaleurs pourraient ensuite se prolonger, <strong>mais les mod\u00e8les divergent encore beaucoup \u00e0 cette \u00e9ch\u00e9ance.<\/strong> Nous aurons l\u2019occasion de revenir sur ces pr\u00e9visions au cours de la semaine.<\/p>\n","protected":false},"excerpt":{"rendered":"Pluie, fra\u00eecheur&#8230; et bient\u00f4t la chaleur ? Une nouvelle envol\u00e9e des temp\u00e9ratures est-elle en ligne de mire pour&hellip;\n","protected":false},"author":2,"featured_media":232271,"comment_status":"","ping_status":"","sticky":false,"template":"","format":"standard","meta":{"footnotes":""},"categories":[1592],"tags":[1111,11,6698,37120,1777,674,1011,27,662,2487,12,626,8857,25,15637],"class_list":{"0":"post-232270","1":"post","2":"type-post","3":"status-publish","4":"format-standard","5":"has-post-thumbnail","7":"category-ile-de-france","8":"tag-actu","9":"tag-actualites","10":"tag-canicule","11":"tag-dome-de-chaleur","12":"tag-eu","13":"tag-europe","14":"tag-fr","15":"tag-france","16":"tag-ile-de-france","17":"tag-meteo","18":"tag-news","19":"tag-paris","20":"tag-region-parisienne","21":"tag-republique-francaise","22":"tag-vague-de-chaleur"},"share_on_mastodon":{"url":"https:\/\/pubeurope.com\/@fr\/114811141552674498","error":""},"_links":{"self":[{"href":"https:\/\/www.europesays.com\/fr\/wp-json\/wp\/v2\/posts\/232270","targetHints":{"allow":["GET"]}}],"collection":[{"href":"https:\/\/www.europesays.com\/fr\/wp-json\/wp\/v2\/posts"}],"about":[{"href":"https:\/\/www.europesays.com\/fr\/wp-json\/wp\/v2\/types\/post"}],"author":[{"embeddable":true,"href":"https:\/\/www.europesays.com\/fr\/wp-json\/wp\/v2\/users\/2"}],"replies":[{"embeddable":true,"href":"https:\/\/www.europesays.com\/fr\/wp-json\/wp\/v2\/comments?post=232270"}],"version-history":[{"count":0,"href":"https:\/\/www.europesays.com\/fr\/wp-json\/wp\/v2\/posts\/232270\/revisions"}],"wp:featuredmedia":[{"embeddable":true,"href":"https:\/\/www.europesays.com\/fr\/wp-json\/wp\/v2\/media\/232271"}],"wp:attachment":[{"href":"https:\/\/www.europesays.com\/fr\/wp-json\/wp\/v2\/media?parent=232270"}],"wp:term":[{"taxonomy":"category","embeddable":true,"href":"https:\/\/www.europesays.com\/fr\/wp-json\/wp\/v2\/categories?post=232270"},{"taxonomy":"post_tag","embeddable":true,"href":"https:\/\/www.europesays.com\/fr\/wp-json\/wp\/v2\/tags?post=232270"}],"curies":[{"name":"wp","href":"https:\/\/api.w.org\/{rel}","templated":true}]}}