{"id":232274,"date":"2025-07-07T09:03:13","date_gmt":"2025-07-07T09:03:13","guid":{"rendered":"https:\/\/www.europesays.com\/fr\/232274\/"},"modified":"2025-07-07T09:03:13","modified_gmt":"2025-07-07T09:03:13","slug":"podcast-alexandre-florentin-president-de-la-mission-paris-a-50-degres-les-batiments-deviennent-des-serres-a-tomates","status":"publish","type":"post","link":"https:\/\/www.europesays.com\/fr\/232274\/","title":{"rendered":"PODCAST \u2013 Alexandre Florentin, pr\u00e9sident de la mission \u00ab\u00a0Paris \u00e0 50 degr\u00e9s\u00a0\u00bb : \u00ab\u00a0Les b\u00e2timents deviennent des serres \u00e0 tomates\u00a0\u00bb"},"content":{"rendered":"<ul class=\"jsx-862013697 ArticleChapo__List\">\n<li class=\"jsx-862013697 ArticleChapo__List_Item flex\">Le d\u00e9r\u00e8glement climatique touche l\u2019ensemble de la plan\u00e8te. Il provoque chaque \u00e9t\u00e9 des vagues de chaleur plus nombreuses, plus fr\u00e9quentes et plus longues. Comment faire face au r\u00e9chauffement en ville ? Pour en parler, Sylvia Amicone re\u00e7oit cette semaine dans \u00ab\u00a0Impact Positif\u00a0\u00bb Alexandre Florentin, conseiller de Paris et Pr\u00e9sident de la mission \u00ab\u00a0Paris \u00e0 50 degr\u00e9s\u00a0\u00bb.<\/li>\n<\/ul>\n<p><a href=\"https:\/\/www.tf1info.fr\/actualite\/impact-positif-12496\/\" rel=\"noopener\" class=\"jsx-484472199 Link jsx-1428418400 jsx-1797245342\" target=\"_blank\"><\/p>\n<p style=\"font-weight:400\" class=\"jsx-1837267516\">Suivez la couverture compl\u00e8te<\/p>\n<p style=\"font-weight:800\" class=\"jsx-1837267516\">Impact positif<\/p>\n<p><\/a><\/p>\n<p data-module=\"article-paragraph\" class=\"jsx-3046738180 Paragraph\">\u00ab\u00a0Un pic de chaleur \u00e0 50 \u00b0C \u00e0 Paris peut survenir d\u00e8s 2049 \u00ab\u00a0, avertissent six chercheurs et sp\u00e9cialistes des \u00e9v\u00e9nements extr\u00eames dans la revue scientifique Climate Services. \u00ab\u00a0Toute personne ayant v\u00e9cu dans la capitale ces derniers \u00e9t\u00e9s a senti dans sa chair que l\u2019exceptionnel devenait la nouvelle norme. Ce qui n\u2019est encore qu&rsquo;un avant-go\u00fbt du changement climatique doit nous pousser \u00e0 nous pr\u00e9parer aux cons\u00e9quences de l\u2019inaction globale pass\u00e9e, dans un souci de protection de toutes et tous\u00a0\u00bb, r\u00e9pondent des conseillers de la mairie de Paris dans le rapport transpartisan mission \u00ab\u00a0Paris \u00e0 50 degr\u00e9s\u00a0\u00bb.<\/p>\n<p data-module=\"article-paragraph\" class=\"jsx-3046738180 Paragraph\">Son pr\u00e9sident, Alexandre Florentin, explique sa d\u00e9marche dans le podcast de celles et ceux qui ont un impact positif sur la soci\u00e9t\u00e9 et sur le monde, \u00e0 \u00e9couter ci-dessus et diffus\u00e9e <a href=\"https:\/\/www.tf1info.fr\/emissions\/lci\/replay-impact-positif-13069\/\" target=\"_blank\" rel=\"noopener\">tous les samedis apr\u00e8s-midi sur LCI, canal 15 de la TNT<\/a>. \u00ab\u00a050 degr\u00e9s \u00e0 Paris, \u00e7a n&rsquo;est plus du tout de la science-fiction\u00a0\u00bb, jure l\u2019\u00e9lu de G\u00e9n\u00e9ration \u00e9cologie. L\u2019an dernier, \u00e0 la m\u00eame latitude, la ville canadienne de Lytton (Colombie Britannique) a subi une temp\u00e9rature record de 49,5 degr\u00e9s. Tr\u00e8s urbanis\u00e9e, l&rsquo;agglom\u00e9ration parisienne devient l&rsquo;une des plus vuln\u00e9rables en Europe : \u00ab\u00a0Les villes ne sont pas faites pour vivre sous 50 degr\u00e9s. Des b\u00e2timents modernes, comme les grandes tours, deviennent des serres \u00e0 tomates. Nous manquons de lieux rafraichis et facilement accessibles \u00e0 la population\u00a0\u00bb, poursuit le conseiller de Paris.<\/p>\n<p data-module=\"article-paragraph\" class=\"jsx-3046738180 Paragraph Paragraph__End\">Le rapport propose 85 mesures \u00e0 mettre en \u0153uvre au plus vite. Parmi elles, on retrouve la cr\u00e9ation de nouveaux espaces verts, la multiplication des plantations en pleine terre pour v\u00e9g\u00e9taliser la ville ou la v\u00e9g\u00e9talisation des fa\u00e7ades d&rsquo;immeubles. \u00ab\u00a0Paris compte \u00e0 peine 3,3 m\u00e8tres carr\u00e9s d&rsquo;espaces verts publics par habitant. Les zones d&rsquo;ombre, moins expos\u00e9es au soleil, forment des \u00eelots de fra\u00eecheur. Le bitume sombre attire le soleil et emmagasine la chaleur et transforme la ville en un gigantesque radiateur la nuit\u00a0\u00bb, rappellent les auteurs de l\u2019\u00e9tude. Ils pr\u00e9conisent \u00e9galement de revoir l&rsquo;urbanisme parisien, adapter les b\u00e2timents (<a href=\"https:\/\/www.tf1info.fr\/politique\/piscines-gratuites-prix-de-l-eau-bloque-toits-peints-en-blanc-ces-propositions-concretes-pour-lutter-contre-la-canicule-2267446.html\" target=\"_blank\" rel=\"noopener\">repeindre les toitures en blanc<\/a> par exemple), multiplier les points d\u2019eau et modifier notre rythme de vie (en modifiant les rythmes de travail des salari\u00e9s expos\u00e9s \u00e0 la chaleur). Il faudra, pr\u00e9vient encore le rapport, se doter d\u2019un plan de gestion de crise avec un plan grand chaud pour ouvrir des lieux frais \u00e0 la population, y compris la nuit.<\/p>\n<p><a href=\"https:\/\/www.tf1info.fr\/meteo\/canicule-meteo-france-a-quelles-temperatures-s-attendre-cet-ete-les-previsions-d-evelyne-dheliat-2381021.html\" rel=\"noopener\" class=\"jsx-3308031228 Link flex\" target=\"_blank\"><img decoding=\"async\" src=\"https:\/\/www.europesays.com\/fr\/wp-content\/uploads\/2025\/07\/on-ne-parle-pas-de-risques-de-canicule-a-quelles-temperatures-s-attendre-cet-ete-1-707d7e-0@1x.jpeg\" alt=\"Capture d'\u00e9cran LCI\" loading=\"lazy\" importance=\"low\" fetchpriority=\"low\" class=\"\" aria-hidden=\"true\"\/><\/p>\n<p class=\"jsx-3657663356 ReadMoreArticle__Title\">Lire aussi<\/p>\n<p class=\"jsx-3657663356\">Canicule : \u00e0 quelles temp\u00e9ratures s\u2019attendre cet \u00e9t\u00e9 ? Les pr\u00e9visions d&rsquo;\u00c9velyne Dh\u00e9liat<\/p>\n<p><\/a>\u00ab\u00a0Beaucoup de solutions existent d\u00e9j\u00e0\u00a0\u00bb<\/p>\n<p data-module=\"article-paragraph\" class=\"jsx-3046738180 Paragraph\">La canicule survenue la semaine derni\u00e8re a mis en lumi\u00e8re beaucoup de difficult\u00e9s pour les \u00e9coles. Mardi dernier, en France, 2.213 d\u2019entre elles ont gard\u00e9 leurs portes closes \u00ab\u00a0pour prot\u00e9ger les enfants.\u00a0\u00bb Pas de quoi surprendre Alexandre Florentin : \u00ab\u00a0En \u00cele-de-France, des ma\u00eetresses ont d\u00e9j\u00e0 utilis\u00e9 leur droit de retrait et des parents se sont plaints de la chaleur. Les canicules arrivent plus t\u00f4t et plus tard et touchent de plus en plus d\u2019\u00e9coles.\u00a0\u00bb Probl\u00e8me : les r\u00e9nover co\u00fbte beaucoup d\u2019argent. Changer notre mode organisationnelle et dispatcher les enfants dans d\u2019autres \u00e9tablissements prend \u00e9galement du temps. Dans l\u2019urgence, des solutions existent d\u00e9j\u00e0 et demandent peu d\u2019investissement, promet l\u2019\u00e9lu : \u00ab\u00a0Les anciens \u00e9tablissements b\u00e9n\u00e9ficient d\u2019une construction hygi\u00e9nique : a\u00e9rer permet de faire sortir les germes. Cr\u00e9er un courant d\u2019air permet de faire chuter les temp\u00e9ratures de plusieurs degr\u00e9s dans les salles. Les ventilateurs au plafond font baisser l\u2019impression de chaleur et sont faciles \u00e0 installer.\u00a0\u00bb<\/p>\n<p data-module=\"article-paragraph\" class=\"jsx-3046738180 Paragraph Paragraph__End\">Alexandre Florentin estime que l\u2019adaptation au d\u00e9r\u00e8glement climatique doit devenir le th\u00e8me principal des \u00e9lections municipales de l\u2019an prochain : \u00ab\u00a0Tous les candidats des partis doivent proposer des solutions et trancher les choses.\u00a0\u00bb L\u2019\u00e9lu assure qu\u2019au niveau national \u00ab\u00a0tout le monde est perdu apr\u00e8s le d\u00e9tricotage de tous les m\u00e9canismes d\u2019aide.\u00a0\u00bb<\/p>\n<p>Geoffrey LOPES<\/p>\n","protected":false},"excerpt":{"rendered":"Le d\u00e9r\u00e8glement climatique touche l\u2019ensemble de la plan\u00e8te. Il provoque chaque \u00e9t\u00e9 des vagues de chaleur plus nombreuses,&hellip;\n","protected":false},"author":2,"featured_media":232275,"comment_status":"","ping_status":"","sticky":false,"template":"","format":"standard","meta":{"footnotes":""},"categories":[1888],"tags":[1111,1928,37122,11,1927,6698,4734,1129,436,1777,674,1011,27,37121,1922,12,1926,626,1925,3725,5735,25],"class_list":{"0":"post-232274","1":"post","2":"type-post","3":"status-publish","4":"format-standard","5":"has-post-thumbnail","7":"category-paris","8":"tag-actu","9":"tag-actu-paris","10":"tag-actualite-environnement","11":"tag-actualites","12":"tag-actualites-paris","13":"tag-canicule","14":"tag-changement-climatique","15":"tag-climat","16":"tag-environnement","17":"tag-eu","18":"tag-europe","19":"tag-fr","20":"tag-france","21":"tag-impact-positif","22":"tag-info","23":"tag-news","24":"tag-news-paris","25":"tag-paris","26":"tag-paris-news","27":"tag-podcast","28":"tag-protection-de-lenvironnement","29":"tag-republique-francaise"},"share_on_mastodon":{"url":"https:\/\/pubeurope.com\/@fr\/114811149061414998","error":""},"_links":{"self":[{"href":"https:\/\/www.europesays.com\/fr\/wp-json\/wp\/v2\/posts\/232274","targetHints":{"allow":["GET"]}}],"collection":[{"href":"https:\/\/www.europesays.com\/fr\/wp-json\/wp\/v2\/posts"}],"about":[{"href":"https:\/\/www.europesays.com\/fr\/wp-json\/wp\/v2\/types\/post"}],"author":[{"embeddable":true,"href":"https:\/\/www.europesays.com\/fr\/wp-json\/wp\/v2\/users\/2"}],"replies":[{"embeddable":true,"href":"https:\/\/www.europesays.com\/fr\/wp-json\/wp\/v2\/comments?post=232274"}],"version-history":[{"count":0,"href":"https:\/\/www.europesays.com\/fr\/wp-json\/wp\/v2\/posts\/232274\/revisions"}],"wp:featuredmedia":[{"embeddable":true,"href":"https:\/\/www.europesays.com\/fr\/wp-json\/wp\/v2\/media\/232275"}],"wp:attachment":[{"href":"https:\/\/www.europesays.com\/fr\/wp-json\/wp\/v2\/media?parent=232274"}],"wp:term":[{"taxonomy":"category","embeddable":true,"href":"https:\/\/www.europesays.com\/fr\/wp-json\/wp\/v2\/categories?post=232274"},{"taxonomy":"post_tag","embeddable":true,"href":"https:\/\/www.europesays.com\/fr\/wp-json\/wp\/v2\/tags?post=232274"}],"curies":[{"name":"wp","href":"https:\/\/api.w.org\/{rel}","templated":true}]}}