{"id":23228,"date":"2025-04-13T22:59:12","date_gmt":"2025-04-13T22:59:12","guid":{"rendered":"https:\/\/www.europesays.com\/fr\/23228\/"},"modified":"2025-04-13T22:59:12","modified_gmt":"2025-04-13T22:59:12","slug":"tout-est-bon-dans-le-caisson","status":"publish","type":"post","link":"https:\/\/www.europesays.com\/fr\/23228\/","title":{"rendered":"tout est bon dans le caisson"},"content":{"rendered":"<p>            Par<br \/>\n        <strong><br \/>\n            <a href=\"https:\/\/actu.fr\/auteur\/fmass\" title=\"Consulter tous les articles de Fabien Massin\" rel=\"nofollow noopener\" target=\"_blank\">Fabien Massin<\/a><br \/>\n        <\/strong><\/p>\n<p>        Publi\u00e9 le<\/p>\n<p>            12 avr. 2025 \u00e0 16h19        <\/p>\n<p>Il y avait de l\u2019ambiance, du rythme et des d\u00e9cibels, samedi 12 avril 2025 dans les rues de <a href=\"https:\/\/actu.fr\/normandie\/rouen_76540\" rel=\"nofollow noopener\" target=\"_blank\">Rouen (Seine-Maritime)<\/a>. Sur les deux rives de la Seine, <strong>le monde de la musique techno et de la free-party<\/strong> a manifest\u00e9 pour faire entendre sa voix. \u00ab Cette mobilisation vise \u00e0 d\u00e9noncer la r\u00e9pression et les mesures liberticides prises \u00e0 l\u2019encontre de notre mouvement, ainsi qu\u2019\u00e0 d\u00e9fendre nos espaces de libert\u00e9 et d\u2019expression culturelle\u00a0\u00bb, avaient annonc\u00e9 les organisateurs il y a quelques jours.<\/p>\n<p class=\" wall-content\">\u00ab\u00a0Au-del\u00e0 des violences polici\u00e8res et des arr\u00eat\u00e9s liberticides des pr\u00e9fectures que nous d\u00e9non\u00e7ons, nous voulons mettre en avant<strong> une culture qui est invisibilis\u00e9e<\/strong>, malgr\u00e9 le nombre important de personnes qui appr\u00e9cie cette musique\u00a0\u00bb, expliquait Esteban Armao, \u00e0 l\u2019organisation de cette manifestation, <a href=\"https:\/\/actu.fr\/normandie\/rouen_76540\/une-manifestation-insolite-et-bruyante-va-defiler-dans-rouen-ce-samedi_62490555.html\" rel=\"nofollow noopener\" target=\"_blank\">en amont de la mobilisation<\/a>.\u00a0<\/p>\n<p>\u00ab\u00a0J\u2019ai fait un rave\u00a0\u00bb<\/p>\n<p class=\" wall-content\">Pour animer le cort\u00e8ge<strong> parti de la place Carnot rive gauche<\/strong>, plusieurs chars faisaient projetaient des sons diff\u00e9rents. Les participants ont rejoint la rive droite par le pont Guillaume-le-Conqu\u00e9rant avec de prendre la direction de l\u2019h\u00f4tel de ville o\u00f9 le <strong>point de chute de la manifestation \u00e9tait pr\u00e9vu<\/strong>.\u00a0<\/p>\n<p class=\" wall-content\">\n<p class=\" wall-content\">Parmi les slogans brandis sur des pancartes ou scand\u00e9s de vive voix, on pouvait lire ou entendre :<strong> \u00ab\u00a0J\u2019ai fait un rave\u00a0\u00bb<\/strong> ; \u00ab\u00a0Tout est bon dans le caisson\u00a0\u00bb ; \u00ab\u00a0M\u00e9tro boulot techno\u00a0\u00bb ; \u00ab\u00a0\u00c9teins ta t\u00e9l\u00e9, allume ta sono\u00a0\u00bb ; \u00ab\u00a0Free-party is not a crime, la techno est au patrimoine de l\u2019Unesco\u00a0\u00bb ; <strong>\u00ab\u00a0D\u00e9fendons la culture pour les g\u00e9n\u00e9rations futures\u00a0\u00bb<\/strong> ; \u00ab\u00a0Parfois saisis, jamais soumis\u00a0\u00bb ; \u00ab\u00a0Ni oubli ni pardon, mais des murs de son pour briser la r\u00e9pression\u00a0\u00bb ; \u00ab\u00a0Macron \u00e9coute du son du seras moins c**\u00a0\u00bb ; \u00ab\u00a0La rave party ne sera jamais un r\u00eave parti\u00a0\u00bb ; \u00ab\u00a0Rave encore\u00a0\u00bb.\u00a0<\/p>\n<p>Suivez l\u2019actualit\u00e9 de Rouen sur notre <a href=\"https:\/\/www.whatsapp.com\/channel\/0029VaKfnf99hXF2ddApFB1D\" rel=\"nofollow noopener\" target=\"_blank\">cha\u00eene WhatsApp<\/a> et sur notre <a href=\"https:\/\/www.tiktok.com\/@76actu.fr?lang=fr\" rel=\"nofollow noopener\" target=\"_blank\">compte TikTok<\/a>Vid\u00e9os : en ce moment sur Actu<\/p>\n<p class=\" wall-content\">Suivez toute l\u2019actualit\u00e9 de vos villes et m\u00e9dias favoris en vous inscrivant \u00e0 <a href=\"https:\/\/moncompte.actu.fr\" title=\"D\u00e9couvez Mon Actu\" rel=\"nofollow noopener\" data-trk=\"{&quot;cta&quot;:{&quot;action&quot;:&quot;https:\\\/\\\/moncompte.actu.fr&quot;,&quot;category&quot;:&quot;mon compte&quot;,&quot;from&quot;:&quot;article footer&quot;,&quot;name&quot;:&quot;Mon actu&quot;,&quot;type&quot;:&quot;cta&quot;}}\" target=\"_blank\">Mon Actu<\/a>.<\/p>\n<ul class=\"ac-article-tag wall-content\">\n<li><a href=\"https:\/\/actu.fr\/tag\/manifestations\" data-trk=\"{&quot;cta&quot;:{&quot;action&quot;:&quot;Manifestations&quot;,&quot;category&quot;:&quot;tag&quot;,&quot;from&quot;:&quot;article footer&quot;,&quot;name&quot;:&quot;Manifestations&quot;,&quot;type&quot;:&quot;cta&quot;}}\" rel=\"nofollow noopener\" target=\"_blank\">#Manifestations<\/a><\/li>\n<li><a href=\"https:\/\/actu.fr\/tag\/rave-party\" data-trk=\"{&quot;cta&quot;:{&quot;action&quot;:&quot;Rave party&quot;,&quot;category&quot;:&quot;tag&quot;,&quot;from&quot;:&quot;article footer&quot;,&quot;name&quot;:&quot;Rave party&quot;,&quot;type&quot;:&quot;cta&quot;}}\" rel=\"nofollow noopener\" target=\"_blank\">#Rave party<\/a><\/li>\n<\/ul>\n<p>                    <script async src=\"\/\/www.tiktok.com\/embed.js\"><\/script><\/p>\n","protected":false},"excerpt":{"rendered":"Par Fabien Massin Publi\u00e9 le 12 avr. 2025 \u00e0 16h19 Il y avait de l\u2019ambiance, du rythme et&hellip;\n","protected":false},"author":2,"featured_media":23229,"comment_status":"","ping_status":"","sticky":false,"template":"","format":"standard","meta":{"footnotes":""},"categories":[4],"tags":[11,1011,27,1272,12,7746,25,104],"class_list":{"0":"post-23228","1":"post","2":"type-post","3":"status-publish","4":"format-standard","5":"has-post-thumbnail","7":"category-france","8":"tag-actualites","9":"tag-fr","10":"tag-france","11":"tag-manifestations","12":"tag-news","13":"tag-rave-party","14":"tag-republique-francaise","15":"tag-societe"},"share_on_mastodon":{"url":"https:\/\/pubeurope.com\/@fr\/114333140062672342","error":""},"_links":{"self":[{"href":"https:\/\/www.europesays.com\/fr\/wp-json\/wp\/v2\/posts\/23228","targetHints":{"allow":["GET"]}}],"collection":[{"href":"https:\/\/www.europesays.com\/fr\/wp-json\/wp\/v2\/posts"}],"about":[{"href":"https:\/\/www.europesays.com\/fr\/wp-json\/wp\/v2\/types\/post"}],"author":[{"embeddable":true,"href":"https:\/\/www.europesays.com\/fr\/wp-json\/wp\/v2\/users\/2"}],"replies":[{"embeddable":true,"href":"https:\/\/www.europesays.com\/fr\/wp-json\/wp\/v2\/comments?post=23228"}],"version-history":[{"count":0,"href":"https:\/\/www.europesays.com\/fr\/wp-json\/wp\/v2\/posts\/23228\/revisions"}],"wp:featuredmedia":[{"embeddable":true,"href":"https:\/\/www.europesays.com\/fr\/wp-json\/wp\/v2\/media\/23229"}],"wp:attachment":[{"href":"https:\/\/www.europesays.com\/fr\/wp-json\/wp\/v2\/media?parent=23228"}],"wp:term":[{"taxonomy":"category","embeddable":true,"href":"https:\/\/www.europesays.com\/fr\/wp-json\/wp\/v2\/categories?post=23228"},{"taxonomy":"post_tag","embeddable":true,"href":"https:\/\/www.europesays.com\/fr\/wp-json\/wp\/v2\/tags?post=23228"}],"curies":[{"name":"wp","href":"https:\/\/api.w.org\/{rel}","templated":true}]}}