{"id":232282,"date":"2025-07-07T09:07:11","date_gmt":"2025-07-07T09:07:11","guid":{"rendered":"https:\/\/www.europesays.com\/fr\/232282\/"},"modified":"2025-07-07T09:07:11","modified_gmt":"2025-07-07T09:07:11","slug":"plusieurs-regions-frappees-par-larmee-russe-pendant-la-nuit","status":"publish","type":"post","link":"https:\/\/www.europesays.com\/fr\/232282\/","title":{"rendered":"plusieurs r\u00e9gions frapp\u00e9es par l&rsquo;arm\u00e9e russe pendant la nuit"},"content":{"rendered":"<p>En Ukraine, la nuit du 6 au 7 juillet a \u00e9t\u00e9 ponctu\u00e9e par de nouvelles frappes russes tr\u00e8s destructrices et meurtri\u00e8res. Au moins quatre personnes ont \u00e9t\u00e9 tu\u00e9es, selon les autorit\u00e9s locales, et 36 bless\u00e9s recens\u00e9s.<\/p>\n<p>Avec notre correspondante \u00e0 Kiev, <strong>Emmanuelle Chaze<\/strong><\/p>\n<p>Les Ukrainiens ont une nouvelle fois pass\u00e9 la nuit sous un barrage de drones. \u00c0 Kharkiv, une trentaine de personnes ont \u00e9t\u00e9 bless\u00e9es dans des quartiers centraux de la ville, frapp\u00e9s par des drones. Le maire de la ville, Ihor Terekhov, a soulign\u00e9 que ces attaques sont intervenues au petit matin et visaient des civils.<\/p>\n<p>\u00c0 Kiev, o\u00f9 des explosions ont \u00e9galement retenti, c&rsquo;est le syst\u00e8me de chauffage qui a \u00e9t\u00e9 touch\u00e9 avec plusieurs centaines de b\u00e2timents affect\u00e9s. Dans le sud du pays, c&rsquo;est Odessa qui \u00e9tait particuli\u00e8rement vis\u00e9e la nuit derni\u00e8re, une personne est morte dans ces frappes.<\/p>\n<p>Pour se pr\u00e9munir de telles frappes, l&rsquo;<strong><a href=\"https:\/\/www.rfi.fr\/fr\/tag\/ukraine\/\" class=\"link \" rel=\"nofollow noopener\" target=\"_blank\" data-ylk=\"slk:Ukraine;elm:context_link;itc:0;sec:content-canvas\">Ukraine<\/a><\/strong> lance ses propres attaques contre des cibles militaires en territoire russe. Au cours du week-end, une base a\u00e9rienne de la r\u00e9gion de Voronets a \u00e9t\u00e9 touch\u00e9e. Un entrep\u00f4t o\u00f9 se trouvaient bombes planantes et bombardiers utilis\u00e9s pour les frappes contre l&rsquo;Ukraine aurait \u00e9t\u00e9 endommag\u00e9. \u00c0 Vladivostok, dans l&rsquo;extr\u00eame est russe, des conduites d&rsquo;eau et de gaz li\u00e9es \u00e0 des sites militaires ont \u00e9t\u00e9 endommag\u00e9es, selon une source du renseignement ukrainien. Enfin, sans confirmation c\u00f4t\u00e9 ukrainien, des drones ont \u00e0 nouveau vis\u00e9 la base navale russe de Novorossirsk en mer Noire.<\/p>\n<p><a href=\"https:\/\/www.rfi.fr\/fr\/europe\/20250707-ukraine-plusieurs-r%C3%A9gions-frapp%C3%A9es-par-l-arm%C3%A9e-russe-pendant-la-nuit\" rel=\"nofollow noopener\" target=\"_blank\" data-ylk=\"slk:Lire la suite sur RFI;elm:context_link;itc:0;sec:content-canvas\" class=\"link \">Lire la suite sur RFI<\/a><\/p>\n","protected":false},"excerpt":{"rendered":"En Ukraine, la nuit du 6 au 7 juillet a \u00e9t\u00e9 ponctu\u00e9e par de nouvelles frappes russes tr\u00e8s&hellip;\n","protected":false},"author":2,"featured_media":232283,"comment_status":"","ping_status":"","sticky":false,"template":"","format":"standard","meta":{"footnotes":""},"categories":[1590],"tags":[11,1777,674,37125,28499,12,37126,220],"class_list":{"0":"post-232282","1":"post","2":"type-post","3":"status-publish","4":"format-standard","5":"has-post-thumbnail","7":"category-ukraine","8":"tag-actualites","9":"tag-eu","10":"tag-europe","11":"tag-ihor-terekhov","12":"tag-la-nuit","13":"tag-news","14":"tag-systeme-de-chauffage","15":"tag-ukraine"},"share_on_mastodon":{"url":"https:\/\/pubeurope.com\/@fr\/114811164694263444","error":""},"_links":{"self":[{"href":"https:\/\/www.europesays.com\/fr\/wp-json\/wp\/v2\/posts\/232282","targetHints":{"allow":["GET"]}}],"collection":[{"href":"https:\/\/www.europesays.com\/fr\/wp-json\/wp\/v2\/posts"}],"about":[{"href":"https:\/\/www.europesays.com\/fr\/wp-json\/wp\/v2\/types\/post"}],"author":[{"embeddable":true,"href":"https:\/\/www.europesays.com\/fr\/wp-json\/wp\/v2\/users\/2"}],"replies":[{"embeddable":true,"href":"https:\/\/www.europesays.com\/fr\/wp-json\/wp\/v2\/comments?post=232282"}],"version-history":[{"count":0,"href":"https:\/\/www.europesays.com\/fr\/wp-json\/wp\/v2\/posts\/232282\/revisions"}],"wp:featuredmedia":[{"embeddable":true,"href":"https:\/\/www.europesays.com\/fr\/wp-json\/wp\/v2\/media\/232283"}],"wp:attachment":[{"href":"https:\/\/www.europesays.com\/fr\/wp-json\/wp\/v2\/media?parent=232282"}],"wp:term":[{"taxonomy":"category","embeddable":true,"href":"https:\/\/www.europesays.com\/fr\/wp-json\/wp\/v2\/categories?post=232282"},{"taxonomy":"post_tag","embeddable":true,"href":"https:\/\/www.europesays.com\/fr\/wp-json\/wp\/v2\/tags?post=232282"}],"curies":[{"name":"wp","href":"https:\/\/api.w.org\/{rel}","templated":true}]}}