{"id":232284,"date":"2025-07-07T09:08:10","date_gmt":"2025-07-07T09:08:10","guid":{"rendered":"https:\/\/www.europesays.com\/fr\/232284\/"},"modified":"2025-07-07T09:08:10","modified_gmt":"2025-07-07T09:08:10","slug":"jai-grandi-avec-de-la-nourriture-americaine-cest-la-derniere-chose-dont-leurope-ait-besoin","status":"publish","type":"post","link":"https:\/\/www.europesays.com\/fr\/232284\/","title":{"rendered":"\u201cJ\u2019ai grandi avec de la nourriture am\u00e9ricaine. C\u2019est la derni\u00e8re chose dont l\u2019Europe ait besoin\u201d"},"content":{"rendered":"\n<p>Comme le r\u00e9p\u00e8tent tous les m\u00e9dias europ\u00e9ens, l\u2019UE est \u201csous pression\u201d\u00a0: elle doit soumettre aux \u00c9tats-Unis un accord avant la date butoir du 9\u00a0juillet pour tenter d\u2019\u00e9chapper \u00e0 la hausse unilat\u00e9rale des droits de douane promise par Trump. Soit, mais que peut mettre l\u2019Europe sur la table\u00a0? D\u00e9but mai [le 1er], le commissaire europ\u00e9en au Commerce, Maros Sefcovic, sugg\u00e9rait de proposer aux Am\u00e9ricains d\u2019acheter davantage de leurs produits agricoles. Une proposition qui semble toujours d\u2019actualit\u00e9, m\u00eame si Sefcovic a depuis pr\u00e9cis\u00e9 que l\u2019UE n\u2019envisageait pas de modifier ses normes de sant\u00e9 et de s\u00e9curit\u00e9.<\/p>\n<p>Pour ma part, je suis convaincu que si nous acceptons de mettre plus de produits alimentaires am\u00e9ricains dans nos assiettes, nous risquons de sortir de table avec une indigestion. Non, ne c\u00e9dons pas au chantage commercial de Trump. On ne joue pas avec la nourriture\u00a0!<\/p>\n<p>\u201cLes Europ\u00e9ens ne veulent pas du poulet am\u00e9ricain. Ils ne veulent pas des homards am\u00e9ricains. Ils d\u00e9testent notre b\u0153uf parce qu\u2019il est fantastique alors que le leur est mis\u00e9rable\u201d, se moquait le ministre du Commerce des \u00c9tats-Unis, Howard Lutnick, en avril. Blague \u00e0 part, chaque fois que je retourne aux \u00c9tats-Unis, je deviens v\u00e9g\u00e9tarien d\u2019un bout \u00e0 l\u2019autre de mon voyage \u2013 m\u00eame si les l\u00e9gumes que vendent les magasins am\u00e9ri<\/p>\n<p> <strong>La\u00a0suite est r\u00e9serv\u00e9e aux abonn\u00e9s\u2026<\/strong>  <\/p>\n<p class=\"article-authors\">                         <a href=\"https:\/\/www.courrierinternational.com\/auteur\/alexander-hurst\" target=\"_blank\" rel=\"noopener\">Alexander Hurst<\/a>    <\/p>\n<p class=\"article-vo\"><a href=\"https:\/\/www.theguardian.com\/commentisfree\/2025\/jun\/20\/american-food-europe-trade-deal-eu-donald-trump\" rel=\"noopener\" target=\"_blank\">Lire l\u2019article original<\/a><\/p>\n<p>Source de l\u2019article<\/p>\n<p>   <img decoding=\"async\" class=\"source-logo\" src=\"https:\/\/www.europesays.com\/fr\/wp-content\/uploads\/2025\/05\/0f62b92_1643653451193-the-guardian-logo-0.jpg\"  alt=\"Logo\" loading=\"lazy\" width=\"32\" height=\"32\"\/>  The Guardian  (Londres)       <\/p>\n<p>L\u2019ind\u00e9pendance et la qualit\u00e9 caract\u00e9risent ce titre n\u00e9 en 1821, qui compte dans ses rangs certains des chroniqueurs les plus respect\u00e9s du pays.\u00a0De centre gauche, proeurop\u00e9en, The Guardian est le journal de r\u00e9f\u00e9rence de l\u2019intelligentsia, des enseignants et des syndicalistes.<\/p>\n<p>Contrairement aux autres quotidiens de r\u00e9f\u00e9rence britanniques, le journal a fait le choix d\u2019un site en acc\u00e8s libre.\u00a0Il est pass\u00e9 au format tablo\u00efd en 2018. Cette d\u00e9cision s\u2019inscrivait dans une logique de r\u00e9duction des co\u00fbts, alors que The Guardian perdait de l\u2019argent sans discontinuer depuis vingt ans. Une strat\u00e9gie payante\u00a0: en mai 2019, la directrice de la r\u00e9daction, Katharine Viner, a annonc\u00e9 que le journal \u00e9tait b\u00e9n\u00e9ficiaire, une premi\u00e8re depuis\u00a01998.<\/p>\n<p>        <a href=\"https:\/\/www.courrierinternational.com\/notule-source\/the-guardian\" class=\"source-link\" target=\"_blank\" rel=\"noopener\">Lire la suite<\/a>                 <\/p>\n<p>Nos services<\/p>\n","protected":false},"excerpt":{"rendered":"Comme le r\u00e9p\u00e8tent tous les m\u00e9dias europ\u00e9ens, l\u2019UE est \u201csous pression\u201d\u00a0: elle doit soumettre aux \u00c9tats-Unis un accord&hellip;\n","protected":false},"author":2,"featured_media":232285,"comment_status":"","ping_status":"","sticky":false,"template":"","format":"standard","meta":{"footnotes":""},"categories":[1589],"tags":[11,3822,73,1866,674,1661,1074,25867,12,2542,770,1864,1865,1863,308],"class_list":{"0":"post-232284","1":"post","2":"type-post","3":"status-publish","4":"format-standard","5":"has-post-thumbnail","7":"category-etats-unis","8":"tag-actualites","9":"tag-amu00e9riques","10":"tag-etats-unis","11":"tag-etats-unis-damerique","12":"tag-europe","13":"tag-gastronomie","14":"tag-guerre-commerciale","15":"tag-industrie-agro-alimentaire","16":"tag-news","17":"tag-u00e9conomie","18":"tag-u00e9tats-unis","19":"tag-united-states","20":"tag-united-states-of-america","21":"tag-us","22":"tag-usa"},"share_on_mastodon":{"url":"https:\/\/pubeurope.com\/@fr\/114811168675837855","error":""},"_links":{"self":[{"href":"https:\/\/www.europesays.com\/fr\/wp-json\/wp\/v2\/posts\/232284","targetHints":{"allow":["GET"]}}],"collection":[{"href":"https:\/\/www.europesays.com\/fr\/wp-json\/wp\/v2\/posts"}],"about":[{"href":"https:\/\/www.europesays.com\/fr\/wp-json\/wp\/v2\/types\/post"}],"author":[{"embeddable":true,"href":"https:\/\/www.europesays.com\/fr\/wp-json\/wp\/v2\/users\/2"}],"replies":[{"embeddable":true,"href":"https:\/\/www.europesays.com\/fr\/wp-json\/wp\/v2\/comments?post=232284"}],"version-history":[{"count":0,"href":"https:\/\/www.europesays.com\/fr\/wp-json\/wp\/v2\/posts\/232284\/revisions"}],"wp:featuredmedia":[{"embeddable":true,"href":"https:\/\/www.europesays.com\/fr\/wp-json\/wp\/v2\/media\/232285"}],"wp:attachment":[{"href":"https:\/\/www.europesays.com\/fr\/wp-json\/wp\/v2\/media?parent=232284"}],"wp:term":[{"taxonomy":"category","embeddable":true,"href":"https:\/\/www.europesays.com\/fr\/wp-json\/wp\/v2\/categories?post=232284"},{"taxonomy":"post_tag","embeddable":true,"href":"https:\/\/www.europesays.com\/fr\/wp-json\/wp\/v2\/tags?post=232284"}],"curies":[{"name":"wp","href":"https:\/\/api.w.org\/{rel}","templated":true}]}}