{"id":232286,"date":"2025-07-07T09:09:09","date_gmt":"2025-07-07T09:09:09","guid":{"rendered":"https:\/\/www.europesays.com\/fr\/232286\/"},"modified":"2025-07-07T09:09:09","modified_gmt":"2025-07-07T09:09:09","slug":"visite-detat-de-trois-jours-au-royaume-uni-emmanuel-macron-accueilli-comme-un-roi-pour-relancer-lentente-cordiale","status":"publish","type":"post","link":"https:\/\/www.europesays.com\/fr\/232286\/","title":{"rendered":"Visite d&rsquo;Etat de trois jours au Royaume-Uni : Emmanuel Macron accueilli comme un roi pour relancer l&rsquo;entente cordiale"},"content":{"rendered":"<p>Le Roi et Jupiter<\/p>\n<p>Accueil solennel au ch\u00e2teau de Windsor, d\u00eener d\u2019apparat et gestes de connivence avec Charles III : la visite d\u2019\u00c9tat d\u2019Emmanuel et Brigitte Macron au Royaume-Uni, de mardi \u00e0 jeudi, se veut plus qu\u2019un \u00e9v\u00e9nement protocolaire mais s&rsquo;av\u00e8re con\u00e7u comme un signal politique fort, destin\u00e9 \u00e0 relancer l\u2019Entente cordiale entre Paris et Londres, mise \u00e0 mal par les turbulences du Brexit et les crispations diplomatiques des derni\u00e8res ann\u00e9es.<\/p>\n","protected":false},"excerpt":{"rendered":"Le Roi et Jupiter Accueil solennel au ch\u00e2teau de Windsor, d\u00eener d\u2019apparat et gestes de connivence avec Charles&hellip;\n","protected":false},"author":2,"featured_media":232287,"comment_status":"","ping_status":"","sticky":false,"template":"","format":"standard","meta":{"footnotes":""},"categories":[1588],"tags":[11,1777,674,27,12,473,1853,1851,1850,1852,37127],"class_list":{"0":"post-232286","1":"post","2":"type-post","3":"status-publish","4":"format-standard","5":"has-post-thumbnail","7":"category-royaume-uni","8":"tag-actualites","9":"tag-eu","10":"tag-europe","11":"tag-france","12":"tag-news","13":"tag-royaume-uni","14":"tag-royaume-uni-de-grande-bretagne-et-dirlande-du-nord","15":"tag-uk","16":"tag-united-kingdom","17":"tag-united-kingdom-of-great-britain-and-northern-ireland","18":"tag-visite-d"},"share_on_mastodon":{"url":"https:\/\/pubeurope.com\/@fr\/114811172650434797","error":""},"_links":{"self":[{"href":"https:\/\/www.europesays.com\/fr\/wp-json\/wp\/v2\/posts\/232286","targetHints":{"allow":["GET"]}}],"collection":[{"href":"https:\/\/www.europesays.com\/fr\/wp-json\/wp\/v2\/posts"}],"about":[{"href":"https:\/\/www.europesays.com\/fr\/wp-json\/wp\/v2\/types\/post"}],"author":[{"embeddable":true,"href":"https:\/\/www.europesays.com\/fr\/wp-json\/wp\/v2\/users\/2"}],"replies":[{"embeddable":true,"href":"https:\/\/www.europesays.com\/fr\/wp-json\/wp\/v2\/comments?post=232286"}],"version-history":[{"count":0,"href":"https:\/\/www.europesays.com\/fr\/wp-json\/wp\/v2\/posts\/232286\/revisions"}],"wp:featuredmedia":[{"embeddable":true,"href":"https:\/\/www.europesays.com\/fr\/wp-json\/wp\/v2\/media\/232287"}],"wp:attachment":[{"href":"https:\/\/www.europesays.com\/fr\/wp-json\/wp\/v2\/media?parent=232286"}],"wp:term":[{"taxonomy":"category","embeddable":true,"href":"https:\/\/www.europesays.com\/fr\/wp-json\/wp\/v2\/categories?post=232286"},{"taxonomy":"post_tag","embeddable":true,"href":"https:\/\/www.europesays.com\/fr\/wp-json\/wp\/v2\/tags?post=232286"}],"curies":[{"name":"wp","href":"https:\/\/api.w.org\/{rel}","templated":true}]}}