{"id":232290,"date":"2025-07-07T09:11:13","date_gmt":"2025-07-07T09:11:13","guid":{"rendered":"https:\/\/www.europesays.com\/fr\/232290\/"},"modified":"2025-07-07T09:11:13","modified_gmt":"2025-07-07T09:11:13","slug":"on-ressortira-avec-une-europe-plus-forte-estime-laurent-saint-martin","status":"publish","type":"post","link":"https:\/\/www.europesays.com\/fr\/232290\/","title":{"rendered":"\u00ab\u00a0On ressortira avec une Europe plus forte\u00a0\u00bb, estime Laurent Saint-Martin"},"content":{"rendered":"<p class=\"article-p mdl\">J-2 avant la fin des n\u00e9gociations avec les \u00c9tats-Unis sur les fameux droits de douane d\u00e9cr\u00e9t\u00e9s par Donald Trump. D\u00e9but avril, le sulfureux pr\u00e9sident am\u00e9ricain avait indiqu\u00e9 reporter ses surtaxes de 90 jours, ce qui am\u00e8ne au 9 juillet. La France ne n\u00e9gocie pas pour elle-m\u00eame : c&rsquo;est la Commission europ\u00e9enne n\u00e9gocie au nom de tous les \u00c9tats membres.\u00a0<\/p>\n<p class=\"article-p mdl\">\u00ab\u00a0La\u00a0<a class=\"link\" href=\"https:\/\/www.rtl.fr\/actu\/international\/droits-de-douane-ce-que-propose-l-ue-pour-repliquer-aux-etats-unis-en-cas-d-echec-des-negociations-7900502458\" title=\"Droits de douane : ce que propose l&#039;Union europ\u00e9enne pour r\u00e9pliquer aux \u00c9tats-Unis en cas d&#039;\u00e9chec des n\u00e9gociations\" rel=\"nofollow noopener\" target=\"_blank\">Commission europ\u00e9enne<\/a>\u00a0fait tr\u00e8s attention \u00e0 bien prendre la synth\u00e8se des int\u00e9r\u00eats de chaque \u00c9tat membre. Contrairement \u00e0 ce qu&rsquo;on aurait pu craindre au d\u00e9but de l&rsquo;ann\u00e9e, <strong>il n&rsquo;y a pas de voix dissonantes<\/strong>. Vous n&rsquo;avez pas vu\u00a0<a class=\"link\" href=\"https:\/\/www.rtl.fr\/actu\/economie-consommation\/edito-l-italie-n-a-plus-grand-chose-a-nous-envier-en-termes-de-richesse-par-habitant-estime-francois-lenglet-7900509496\" title=\"\u00c9DITO - &quot;L&#039;Italie, n&#039;a plus grand chose \u00e0 nous envier en termes de richesse par habitant&quot;, estime Fran\u00e7ois Lenglet\" rel=\"nofollow noopener\" target=\"_blank\">l&rsquo;Italie<\/a>\u00a0aller n\u00e9gocier de son c\u00f4t\u00e9 avec Washington ou l&rsquo;Allemagne outrepasser la Commission europ\u00e9enne. Et la France non plus. <strong>Personne ne s&rsquo;est pr\u00eat\u00e9 \u00e0 ce jeu solitaire<\/strong>\u00ab\u00a0, se f\u00e9licite\u00a0<a class=\"link\">Laurent\u00a0Saint-Martin, ministre d\u00e9l\u00e9gu\u00e9 charg\u00e9 du Commerce ext\u00e9rieur et des Fran\u00e7ais de l&rsquo;\u00e9tranger, sur RTL ce lundi 7 juillet.\u00a0<\/a><\/p>\n<p>            Il n&rsquo;y a pas que les \u00c9tats-Unis dans la vie\u00a0\u00bb<\/p>\n<p class=\"article-p mdl\">En effet, des craintes avaient \u00e9t\u00e9 \u00e9mises quant \u00e0 de potentielles n\u00e9gociations en dehors du cadre fix\u00e9. Finalement, de ce point de vue, cela s&rsquo;est bien pass\u00e9.\u00a0<\/p>\n<p class=\"article-p mdl\">Si la p\u00e9riode est extr\u00eamement difficile,\u00a0<a class=\"link\" href=\"https:\/\/www.rtl.fr\/actu\/politique\/droits-de-douane-la-reponse-europeenne-peut-etre-extremement-agressive-previent-laurent-saint-martin-7900491742\" title=\"Droits de douane : la r\u00e9ponse europ\u00e9enne peut \u00eatre &quot;extr\u00eamement agressive&quot;, pr\u00e9vient Laurent Saint-Martin\" rel=\"nofollow noopener\" target=\"_blank\">Laurent Saint-Martin<\/a>\u00a0estime qu'\u00a0\u00bb<strong>on en ressortira avec une Europe plus forte<\/strong>\u00ab\u00a0. Il ajoute : \u00ab\u00a0On ressortira avec un rapport de force qui, je l&rsquo;esp\u00e8re, sera le plus positif possible pour nos pays. En tout cas, on ressortira avec une unit\u00e9 europ\u00e9enne qui servira pour la suite, et notamment pour aller chercher des accords commerciaux avec le reste du monde.<strong> Il n&rsquo;y a pas que les \u00c9tats-Unis dans la vie<\/strong>.\u00a0\u00bb Il fait notamment r\u00e9f\u00e9rence \u00e0 de potentielles n\u00e9gociations avec l&rsquo;Inde,la Malaisie, l&rsquo;Indon\u00e9sie, l&rsquo;Australie ou avec l&rsquo;Am\u00e9rique du Sud, dans le cadre du Mercosur.\u00a0<\/p>\n<p>            L&rsquo;entr\u00e9e en vigueur des droits de douane pr\u00e9vue le 1er ao\u00fbt<\/p>\n<p class=\"article-p mdl\">Quant aux r\u00e9sultats de ces n\u00e9gociations, ils ne sont pas connus pour le moment.\u00a0<strong><a class=\"link\" href=\"https:\/\/www.rtl.fr\/actu\/international\/les-infos-de-6h-nous-entrons-dans-l-age-d-or-de-l-amerique-affirme-donald-trump-apres-l-annonce-de-sa-loi-budgetaire-7900521572\" title=\"Les infos de 6h - &quot;Nous entrons dans l&#039;\u00e2ge d&#039;or de l&#039;Am\u00e9rique&quot;, affirme Donald Trump apr\u00e8s l&#039;annonce de sa loi budg\u00e9taire\" rel=\"nofollow noopener\" target=\"_blank\">Donald Trump<\/a>\u00a0avait menac\u00e9 de droits de douane de 50 %<\/strong>, reste \u00e0 voir s&rsquo;ils seront appliqu\u00e9s. D&rsquo;apr\u00e8s le ministre, les \u00c9tats-Unis et la Commission europ\u00e9enne arrivent \u00ab\u00a0quand m\u00eame \u00e0 dialoguer depuis plusieurs semaines sur la n\u00e9cessit\u00e9 de prendre en compte les int\u00e9r\u00eats de chaque parti\u00a0\u00bb, m\u00eame si les interlocuteurs c\u00f4t\u00e9 am\u00e9ricain changent souvent.\u00a0<\/p>\n<p class=\"article-p mdl\">Laurent Saint-Martin indique que \u00ab\u00a0nous pouvons consid\u00e9rer qu&rsquo;une augmentation faible de droits de douane peut \u00eatre accept\u00e9e, si et seulement s&rsquo;ils peuvent \u00eatre r\u00e9duits sur certains secteurs cl\u00e9s europ\u00e9ens, notamment fran\u00e7ais, comme l&rsquo;a\u00e9ronautique, nos vins et spiritueux ou encore nos cosm\u00e9tiques\u00a0\u00bb.\u00a0<\/p>\n<p class=\"article-p mdl\">Donald Trump a indiqu\u00e9, vendredi, que <strong>les surtaxes douani\u00e8res entreraient en vigueur le 1er ao\u00fbt<\/strong> pour les pays avec lesquels il n&rsquo;y a pas d&rsquo;accord. Officiellement, seuls deux accords ont \u00e9t\u00e9 conclus, mais cela pourrait rapidement \u00e9voluer.\u00a0<\/p>\n<p>    La r\u00e9daction vous recommande<\/p>\n<p class=\"s-newsletter__title\">\n                L\u2019actualit\u00e9 par la r\u00e9daction de RTL dans votre bo\u00eete mail.\n            <\/p>\n<p class=\"s-newsletter__subtitle\">\n                Gr\u00e2ce \u00e0 votre compte RTL abonnez-vous \u00e0 la newsletter RTL info pour suivre toute l&rsquo;actualit\u00e9 au quotidien\n            <\/p>\n<p>\n                                    Lire la suite\n                                <\/p>\n","protected":false},"excerpt":{"rendered":"J-2 avant la fin des n\u00e9gociations avec les \u00c9tats-Unis sur les fameux droits de douane d\u00e9cr\u00e9t\u00e9s par Donald&hellip;\n","protected":false},"author":2,"featured_media":232291,"comment_status":"","ping_status":"","sticky":false,"template":"","format":"standard","meta":{"footnotes":""},"categories":[1586],"tags":[11,215,73,1777,674,107,1011,27,14,12,25],"class_list":{"0":"post-232290","1":"post","2":"type-post","3":"status-publish","4":"format-standard","5":"has-post-thumbnail","7":"category-europe","8":"tag-actualites","9":"tag-commerce","10":"tag-etats-unis","11":"tag-eu","12":"tag-europe","13":"tag-fil-info","14":"tag-fr","15":"tag-france","16":"tag-international","17":"tag-news","18":"tag-republique-francaise"},"share_on_mastodon":{"url":"https:\/\/pubeurope.com\/@fr\/114811181146365059","error":""},"_links":{"self":[{"href":"https:\/\/www.europesays.com\/fr\/wp-json\/wp\/v2\/posts\/232290","targetHints":{"allow":["GET"]}}],"collection":[{"href":"https:\/\/www.europesays.com\/fr\/wp-json\/wp\/v2\/posts"}],"about":[{"href":"https:\/\/www.europesays.com\/fr\/wp-json\/wp\/v2\/types\/post"}],"author":[{"embeddable":true,"href":"https:\/\/www.europesays.com\/fr\/wp-json\/wp\/v2\/users\/2"}],"replies":[{"embeddable":true,"href":"https:\/\/www.europesays.com\/fr\/wp-json\/wp\/v2\/comments?post=232290"}],"version-history":[{"count":0,"href":"https:\/\/www.europesays.com\/fr\/wp-json\/wp\/v2\/posts\/232290\/revisions"}],"wp:featuredmedia":[{"embeddable":true,"href":"https:\/\/www.europesays.com\/fr\/wp-json\/wp\/v2\/media\/232291"}],"wp:attachment":[{"href":"https:\/\/www.europesays.com\/fr\/wp-json\/wp\/v2\/media?parent=232290"}],"wp:term":[{"taxonomy":"category","embeddable":true,"href":"https:\/\/www.europesays.com\/fr\/wp-json\/wp\/v2\/categories?post=232290"},{"taxonomy":"post_tag","embeddable":true,"href":"https:\/\/www.europesays.com\/fr\/wp-json\/wp\/v2\/tags?post=232290"}],"curies":[{"name":"wp","href":"https:\/\/api.w.org\/{rel}","templated":true}]}}