{"id":23230,"date":"2025-04-13T23:00:13","date_gmt":"2025-04-13T23:00:13","guid":{"rendered":"https:\/\/www.europesays.com\/fr\/23230\/"},"modified":"2025-04-13T23:00:13","modified_gmt":"2025-04-13T23:00:13","slug":"a-paris-une-manifestation-pour-defendre-la-justice-attaquee-liberation","status":"publish","type":"post","link":"https:\/\/www.europesays.com\/fr\/23230\/","title":{"rendered":"\u00e0 Paris, une manifestation pour d\u00e9fendre la justice attaqu\u00e9e \u2013 Lib\u00e9ration"},"content":{"rendered":"<p class=\"sc-cPiKLX AiZTS text-element\">Ce n\u2019\u00e9tait pas la foule des grands soirs, mais le c\u0153ur y \u00e9tait. \u00abC\u2019est extr\u00eamement important d\u2019\u00eatre l\u00e0, m\u00eame s\u2019il n\u2019y a pas grand monde. On a quand m\u00eame entendu des propos assez \u00e9tranges, ces derniers temps\u00bb, insiste Matthieu, 52 ans, venu sp\u00e9cialement de Cachan (Val-de-Marne) avec son fils Th\u00e9otime. Pour le communicant qui porte beau, en veste bleu roi et le cheveu grisonnant, l\u2019enjeu c\u2019est de \u00absavoir si on a envie de vivre dans une soci\u00e9t\u00e9 o\u00f9 c\u2019est la loi du plus fort qui l\u2019emporte ou une soci\u00e9t\u00e9 o\u00f9 on peut encore vivre ensemble avec des r\u00e8gles communes qu\u2019on accepte\u00bb. On demande \u00e0 Th\u00e9otime, neuf ans, pourquoi il est l\u00e0. On le sent quelque peu d\u00e9contenanc\u00e9 face \u00e0 nos questions d\u2019adulte alambiqu\u00e9es. On sent bien que c\u2019est aussi un peu pour faire plaisir \u00e0 son p\u00e8re. Mais il a une bonne raison : \u00abMa maman est magistrate.\u00bb<\/p>\n<p class=\"sc-cPiKLX AiZTS text-element\">Apr\u00e8s <a href=\"https:\/\/www.liberation.fr\/societe\/police-justice\/condamnation-de-marine-le-pen-la-justice-dans-le-collimateur-des-politiques-un-glissement-indeniable-et-preoccupant-20250401_KPSMS57SENABRI3MLUOR57Z5KA\/?redirected=1\" target=\"_blank\" rel=\"nofollow noopener\">la d\u00e9ferlante d\u2019attaques contre la justice \u00e0 la suite de la condamnation de Marine Le Pen<\/a> pour d\u00e9tournement de fonds publics, et <a href=\"https:\/\/www.liberation.fr\/societe\/police-justice\/condamnation-de-marine-le-pen-les-magistrats-menaces-gerald-darmanin-et-le-ps-au-soutien-20250331_NY4ZRJTW5VBZXEZX2W4O5HCABU\/\" target=\"_blank\" rel=\"nofollow noopener\">les menaces de mort \u00e0 l\u2019encontre des magistrats<\/a> ayant rendu cette d\u00e9cision, une trentaine de syndicats et associations avaient appel\u00e9 \u00e0 se rassembler, partout dans le pays, sous le mot d\u2019ordre : \u00abMenacer l\u2019Etat de droit, c\u2019est menacer la d\u00e9mocratie\u00bb. Syndicat de la magistrature, CGT, UNEF, Parti socialiste, Amnesty international France\u2026 Les fanions des organisations colorent une foule clairsem\u00e9e, ce samedi 12 avril en fin d\u2019apr\u00e8s-midi, place de la R\u00e9publique, \u00e0 Paris.<\/p>\n<p class=\"sc-cPiKLX AiZTS text-element\">Sur sc\u00e8ne, le pr\u00e9sident de SOS Racisme, Dominique Sopo, scande : \u00abVive l\u2019\u00e9tat de droit, vive la d\u00e9mocratie, vive l\u2019ind\u00e9pendance de la justice !\u00bb La justice n\u2019a \u00abjamais \u00e9t\u00e9 aux mains de la gauche\u00bb, rappelle, quant \u00e0 lui, le Premier secr\u00e9taire du PS, Olivier Faure. Seul au milieu des autres, un homme en imperm\u00e9able \u00e9carlate s\u2019est bricol\u00e9 une pancarte : \u00abLe Pen, Fillon, Sarko, lisez Voleurs actuels !\u00bb Il s\u2019appelle Mohamed, \u00e0 68 ans, \u00e9tait autrefois employ\u00e9 dans l\u2019\u00e9dition. On lui demande ce qu\u2019il fait l\u00e0 : il cite Montesquieu de t\u00eate &#8211; \u00abpour qu\u2019on ne puisse abuser du pouvoir, il faut que, par la disposition des choses, le pouvoir arr\u00eate le pouvoir\u00bb &#8211; et s\u2019inqui\u00e8te de voir \u00abl\u2019\u00eelot d\u00e9mocratique\u00bb qu\u2019est devenue l\u2019Union europ\u00e9enne bient\u00f4t d\u00e9vor\u00e9e par \u00able fascisme\u00bb.<\/p>\n<p class=\"sc-cPiKLX AiZTS text-element\">Un peu plus loin, Audrey, 46 ans, porte elle aussi une affiche fabriqu\u00e9e par ses soins : \u00ab4 millions, un d\u00e9tail\u00bb. La formule, qui renvoie au montant d\u00e9tourn\u00e9 dans l\u2019affaire des assistants parlementaires du Front national (devenu depuis Rassemblement national), est surtout une allusion \u00e0 Jean-Marie Le Pen, lequel <a href=\"https:\/\/www.liberation.fr\/idees-et-debats\/opinions\/jean-marie-le-pen-le-detail-version-longue-par-daniel-schneidermann-20250111_PNXPXC37BBARFK6KKR5L2QVYD4\/\" target=\"_blank\" rel=\"nofollow noopener\">avait \u00e9t\u00e9 condamn\u00e9 pour avoir affirm\u00e9 que \u00ables chambres \u00e0 gaz sont un point de d\u00e9tail de l\u2019histoire\u00bb.<\/a> \u00abPour moi, ce n\u2019est pas un d\u00e9tail d\u2019attaquer la d\u00e9mocratie aujourd\u2019hui\u00bb, explique cette psychanalyste, \u00e9galement engag\u00e9e aupr\u00e8s de migrants. Venue expr\u00e8s de Seine-et-Marne avec son compagnon, elle traverse la p\u00e9riode actuelle \u00abentre r\u00e9signation et indignation\u00bb : \u00abAujourd\u2019hui, dire qu\u2019on est de gauche et humaniste peut \u00eatre tr\u00e8s mal re\u00e7u. Il faut se justifier. M\u00eame dans mon entourage proche. J\u2019avais besoin de voir du monde. \u00c7a fait du bien d\u2019\u00eatre ensemble.\u00bb<\/p>\n<p class=\"sc-cPiKLX AiZTS text-element\">En fond sonore, un chanteur ambiance la foule sur ces paroles : \u00abPersonne, personne ne peut \u00eatre au-dessus des lois [\u2026] Les coupables ne sont pas des victimes.\u00bb On aper\u00e7oit quelques \u00e9lus communistes et socialistes, <a href=\"https:\/\/www.liberation.fr\/portraits\/arie-alimi-coeur-pique-barreau-20231020_7G67L7YA6VHW7OW5F5HOLV42UI\/\" target=\"_blank\" rel=\"nofollow noopener\">l\u2019avocat et vice-pr\u00e9sident de la Ligue des droits de l\u2019homme Ari\u00e9 Alimi<\/a> ou l\u2019actrice <a href=\"https:\/\/www.liberation.fr\/societe\/droits-des-femmes\/judith-godreche-anna-mouglalis-isild-le-besco-quelles-sont-les-accusations-portees-contre-le-cineaste-jacques-doillon-20240208_UXHSNWYJNNHDFIQQIKDVT2OLRA\/\" target=\"_blank\" rel=\"nofollow noopener\">Anna Mouglalis, notamment tr\u00e8s investie contre les violences sexuelles. <\/a>D\u2019un ton grave, la com\u00e9dienne convoque l\u2019Histoire pour \u00e9clairer l\u2019\u00ab\u00e8re de post-v\u00e9rit\u00e9\u00bb dans laquelle nous sommes entr\u00e9s. \u00abIl faut sortir de la sid\u00e9ration. Etre l\u00e0, c\u2019est important, appelle-t-elle avec enthousiasme. Force est de constater que l\u2019Etat de droit n\u2019est pas immuable et \u00e9ternel. Il faut r\u00e9agir et r\u00e9agir fort. Il faut se r\u00e9unir, se syndiquer, acheter la presse ind\u00e9pendante, descendre dans la rue, se retrouver quoi !\u00bb<\/p>\n<p class=\"sc-cPiKLX AiZTS text-element\">Soudain, une dame surgit, d\u00e9signant d\u2019un doigt le tote bag de la star de cin\u00e9ma. Sourire aux oreilles : \u00abJ\u2019\u00e9tais au Mlac (Mouvement pour la libert\u00e9 de l\u2019avortement et de la contraception) ! C\u2019\u00e9tait mon premier combat, on a gagn\u00e9 !\u00bb Les deux femmes se tombent dans les bras. \u00abJe suis une vieille militante\u00bb, poursuit Brigitte, 81 ans et une vitalit\u00e9 intemporelle. Elle arrive de Villejuif (Val-de-Marne), avec sa s\u0153ur et son beau-fr\u00e8re am\u00e9ricain, lui aussi engag\u00e9 contre le vent de l\u2019illib\u00e9ralisme outre-Atlantique. \u00abJe suis l\u00e0 pour d\u00e9fendre l\u2019\u00c9tat de droit, il faut saluer le courage que ces juges ont eu, je voudrais qu\u2019ils ne se sentent pas abandonn\u00e9s.\u00bb<\/p>\n<p class=\"sc-cPiKLX AiZTS text-element\">L\u2019Etat de droit peut-il aussi compter sur la jeunesse ? R\u00e9ponse mollassonne cet apr\u00e8s-midi, o\u00f9 les t\u00eates blanchies garnissent la faible assembl\u00e9e. On s\u2019approche de deux jeunes filles. Loup\u00e9, ces Australiennes ont d\u00e9barqu\u00e9 dans la capitale hier et viennent juste vibrer un peu au rythme des slogans. Hector et F\u00e9lix, 19 et 17 ans, eux, sont venus expr\u00e8s de leur banlieue pour protester \u00abcontre l\u2019extr\u00eame droite\u00bb. Issus d\u2019un milieu populaire et de gauche, ils disent : \u00abTout ce qui s\u2019est pass\u00e9, c\u2019est fou. Eux, ils passent leur vie \u00e0 voter des lois de plus en plus dures et apr\u00e8s ils viennent pleurer\u2026 Mais la justice ne fait qu\u2019appliquer la loi.\u00bb<\/p>\n","protected":false},"excerpt":{"rendered":"Ce n\u2019\u00e9tait pas la foule des grands soirs, mais le c\u0153ur y \u00e9tait. \u00abC\u2019est extr\u00eamement important d\u2019\u00eatre l\u00e0,&hellip;\n","protected":false},"author":2,"featured_media":23231,"comment_status":"","ping_status":"","sticky":false,"template":"","format":"standard","meta":{"footnotes":""},"categories":[2],"tags":[11,7756,1011,27,12,626],"class_list":{"0":"post-23230","1":"post","2":"type-post","3":"status-publish","4":"format-standard","5":"has-post-thumbnail","7":"category-actualites","8":"tag-actualites","9":"tag-democratie","10":"tag-fr","11":"tag-france","12":"tag-news","13":"tag-paris"},"share_on_mastodon":{"url":"https:\/\/pubeurope.com\/@fr\/114333143740210413","error":""},"_links":{"self":[{"href":"https:\/\/www.europesays.com\/fr\/wp-json\/wp\/v2\/posts\/23230","targetHints":{"allow":["GET"]}}],"collection":[{"href":"https:\/\/www.europesays.com\/fr\/wp-json\/wp\/v2\/posts"}],"about":[{"href":"https:\/\/www.europesays.com\/fr\/wp-json\/wp\/v2\/types\/post"}],"author":[{"embeddable":true,"href":"https:\/\/www.europesays.com\/fr\/wp-json\/wp\/v2\/users\/2"}],"replies":[{"embeddable":true,"href":"https:\/\/www.europesays.com\/fr\/wp-json\/wp\/v2\/comments?post=23230"}],"version-history":[{"count":0,"href":"https:\/\/www.europesays.com\/fr\/wp-json\/wp\/v2\/posts\/23230\/revisions"}],"wp:featuredmedia":[{"embeddable":true,"href":"https:\/\/www.europesays.com\/fr\/wp-json\/wp\/v2\/media\/23231"}],"wp:attachment":[{"href":"https:\/\/www.europesays.com\/fr\/wp-json\/wp\/v2\/media?parent=23230"}],"wp:term":[{"taxonomy":"category","embeddable":true,"href":"https:\/\/www.europesays.com\/fr\/wp-json\/wp\/v2\/categories?post=23230"},{"taxonomy":"post_tag","embeddable":true,"href":"https:\/\/www.europesays.com\/fr\/wp-json\/wp\/v2\/tags?post=23230"}],"curies":[{"name":"wp","href":"https:\/\/api.w.org\/{rel}","templated":true}]}}