{"id":232300,"date":"2025-07-07T09:18:08","date_gmt":"2025-07-07T09:18:08","guid":{"rendered":"https:\/\/www.europesays.com\/fr\/232300\/"},"modified":"2025-07-07T09:18:08","modified_gmt":"2025-07-07T09:18:08","slug":"competition-terminee-pour-noa-traversier-un-renfort-devrait-arriver","status":"publish","type":"post","link":"https:\/\/www.europesays.com\/fr\/232300\/","title":{"rendered":"Comp\u00e9tition termin\u00e9e pour Noa Traversier, un renfort devrait arriver"},"content":{"rendered":"<p>            Par<br \/>\n        <strong><br \/>\n            <a href=\"https:\/\/actu.fr\/auteur\/clement-mazella\" title=\"Consulter tous les articles de Cl\u00e9ment Mazella\" rel=\"nofollow noopener\" target=\"_blank\">Cl\u00e9ment Mazella<\/a><br \/>\n        <\/strong><\/p>\n<p>        Publi\u00e9 le<\/p>\n<p>            7 juil. 2025 \u00e0 10h30        <\/p>\n<p>La tuile est bel et bien confirm\u00e9e : la <strong>Coupe du monde U20<\/strong> du Bleuet <a href=\"https:\/\/actu.fr\/rugby\/joueur\/traversier_66ed86a5850a5999d82ec32e\/\" rel=\"nofollow noopener\" target=\"_blank\">Noa Traversier<\/a> est termin\u00e9e, gravement touch\u00e9 au genou gauche apr\u00e8s un d\u00e9blayage bien sale d\u2019un Gallois.<\/p>\n<p class=\" wall-content\">Selon les informations d\u2019Actu Rugby, le 3e ligne est d\u00e9j\u00e0 rentr\u00e9 en France, au sein de son club de Bayonne, afin de passer des examens compl\u00e9mentaires. Par ailleurs, <strong>une r\u00e9flexion est actuellement men\u00e9e par le staff des U20 sur l\u2019appel d\u2019un rempla\u00e7ant<\/strong>, qui devrait intervenir ce lundi.<\/p>\n<p>Coupe du monde termin\u00e9e pour Noa Traversier<\/p>\n<p class=\" wall-content\">Vendredi 4 juillet, apr\u00e8s la victoire bonifi\u00e9e d\u00e9croch\u00e9e au forceps contre le pays de Galles (35-21), toutes les pens\u00e9es du XV de France U20 \u00e9taient tourn\u00e9es vers Noa Traversier.<\/p>\n<p class=\" wall-content\">Au moment d\u2019\u00e9voquer son joueur, \u00e9norme dans l\u2019investissement sur le terrain vendredi, le manager C\u00e9dric Laborde avait une certaine \u00e9motion dans la voix. \u00ab\u00a0Le genou est bien entam\u00e9. Ce n\u2019est pas de bon augure. Il souffre beaucoup\u00a0\u00bb.<\/p>\n<p class=\" wall-content\">Les premiers examens pass\u00e9s en rentrant \u00e0 l\u2019h\u00f4tel n\u2019ont pas \u00e9t\u00e9 positifs. Le staff m\u00e9dical redoute une rupture au niveau des ligaments crois\u00e9s.<\/p>\n<p>3 matchs de suspension pour le fautif<\/p>\n<p class=\" wall-content\">Pour le Gallois Louie Trevett, la Coupe du monde U20 est d\u00e9j\u00e0 termin\u00e9e (le pays de Galles est d\u00e9j\u00e0 \u00e9limin\u00e9 avant m\u00eame le dernier match de poule, NDLR).\u00a0<\/p>\n<p>Vid\u00e9os : en ce moment sur Actu<\/p>\n<p class=\" wall-content\">Conform\u00e9ment au mandat du nouveau processus acc\u00e9l\u00e9r\u00e9 de sanction hors terrain, le Comit\u00e9 ind\u00e9pendant d\u2019examen des infractions p\u00e9nales (FPRC) s\u2019est r\u00e9uni et a propos\u00e9 une suspension de 3 matchs au pilier gallois. Ce qu\u2019il a accept\u00e9.<\/p>\n<p class=\" wall-content\">Il a \u00e9t\u00e9 reconnu coupable d\u2019infraction \u00e0 la loi 9.20(e), \u00e0 savoir \u00ab\u00a0cibler les membres inf\u00e9rieurs de l\u2019adversaire\u00a0\u00bb. Le FPRC a confirm\u00e9 que l\u2019action valait un carton rouge, et un point d\u2019entr\u00e9e \u00e0 6 matchs a \u00e9t\u00e9 pris en compte. Prenant en compte tous les facteurs, la suspension a \u00e9t\u00e9 r\u00e9duite \u00e0 3 matchs.\u00a0<\/p>\n<p class=\" wall-content\">L\u2019absence de Noa Traversier, elle, sera beaucoup plus longue.<\/p>\n<p class=\" wall-content\">Suivez toute l\u2019actualit\u00e9 de vos villes et m\u00e9dias favoris en vous inscrivant \u00e0 <a href=\"https:\/\/moncompte.actu.fr\" title=\"D\u00e9couvez Mon Actu\" rel=\"nofollow noopener\" data-trk=\"{&quot;cta&quot;:{&quot;action&quot;:&quot;https:\\\/\\\/moncompte.actu.fr&quot;,&quot;category&quot;:&quot;mon compte&quot;,&quot;from&quot;:&quot;article footer&quot;,&quot;name&quot;:&quot;Mon actu&quot;,&quot;type&quot;:&quot;cta&quot;}}\" target=\"_blank\">Mon Actu<\/a>.<\/p>\n<ul class=\"ac-article-tag wall-content\">\n<li><a href=\"https:\/\/actu.fr\/tag\/coupe-du-monde\" data-trk=\"{&quot;cta&quot;:{&quot;action&quot;:&quot;Coupe du monde&quot;,&quot;category&quot;:&quot;tag&quot;,&quot;from&quot;:&quot;article footer&quot;,&quot;name&quot;:&quot;Coupe du monde&quot;,&quot;type&quot;:&quot;cta&quot;}}\" rel=\"nofollow noopener\" target=\"_blank\">#Coupe du monde<\/a><\/li>\n<li><a href=\"https:\/\/actu.fr\/tag\/xv-de-france\" data-trk=\"{&quot;cta&quot;:{&quot;action&quot;:&quot;XV de France&quot;,&quot;category&quot;:&quot;tag&quot;,&quot;from&quot;:&quot;article footer&quot;,&quot;name&quot;:&quot;XV de France&quot;,&quot;type&quot;:&quot;cta&quot;}}\" rel=\"nofollow noopener\" target=\"_blank\">#XV de France<\/a><\/li>\n<\/ul>\n","protected":false},"excerpt":{"rendered":"Par Cl\u00e9ment Mazella Publi\u00e9 le 7 juil. 2025 \u00e0 10h30 La tuile est bel et bien confirm\u00e9e :&hellip;\n","protected":false},"author":2,"featured_media":232301,"comment_status":"","ping_status":"","sticky":false,"template":"","format":"standard","meta":{"footnotes":""},"categories":[1416],"tags":[451,1011,27,479,1468,60,513],"class_list":{"0":"post-232300","1":"post","2":"type-post","3":"status-publish","4":"format-standard","5":"has-post-thumbnail","7":"category-rugby","8":"tag-coupe-du-monde","9":"tag-fr","10":"tag-france","11":"tag-rugby","12":"tag-rugby-football","13":"tag-sports","14":"tag-xv-de-france"},"share_on_mastodon":{"url":"https:\/\/pubeurope.com\/@fr\/114811207875100850","error":""},"_links":{"self":[{"href":"https:\/\/www.europesays.com\/fr\/wp-json\/wp\/v2\/posts\/232300","targetHints":{"allow":["GET"]}}],"collection":[{"href":"https:\/\/www.europesays.com\/fr\/wp-json\/wp\/v2\/posts"}],"about":[{"href":"https:\/\/www.europesays.com\/fr\/wp-json\/wp\/v2\/types\/post"}],"author":[{"embeddable":true,"href":"https:\/\/www.europesays.com\/fr\/wp-json\/wp\/v2\/users\/2"}],"replies":[{"embeddable":true,"href":"https:\/\/www.europesays.com\/fr\/wp-json\/wp\/v2\/comments?post=232300"}],"version-history":[{"count":0,"href":"https:\/\/www.europesays.com\/fr\/wp-json\/wp\/v2\/posts\/232300\/revisions"}],"wp:featuredmedia":[{"embeddable":true,"href":"https:\/\/www.europesays.com\/fr\/wp-json\/wp\/v2\/media\/232301"}],"wp:attachment":[{"href":"https:\/\/www.europesays.com\/fr\/wp-json\/wp\/v2\/media?parent=232300"}],"wp:term":[{"taxonomy":"category","embeddable":true,"href":"https:\/\/www.europesays.com\/fr\/wp-json\/wp\/v2\/categories?post=232300"},{"taxonomy":"post_tag","embeddable":true,"href":"https:\/\/www.europesays.com\/fr\/wp-json\/wp\/v2\/tags?post=232300"}],"curies":[{"name":"wp","href":"https:\/\/api.w.org\/{rel}","templated":true}]}}