{"id":232304,"date":"2025-07-07T09:21:14","date_gmt":"2025-07-07T09:21:14","guid":{"rendered":"https:\/\/www.europesays.com\/fr\/232304\/"},"modified":"2025-07-07T09:21:14","modified_gmt":"2025-07-07T09:21:14","slug":"marquez-apprend-a-se-controler-il-faut-commencer-a-gerer-un-peu","status":"publish","type":"post","link":"https:\/\/www.europesays.com\/fr\/232304\/","title":{"rendered":"M\u00e1rquez apprend \u00e0 se \u00ab\u00a0contr\u00f4ler\u00a0\u00bb\u00a0:\u00a0\u00ab\u00a0Il faut commencer \u00e0 g\u00e9rer un peu\u00a0\u00bb"},"content":{"rendered":"<p>Le <a href=\"https:\/\/fr.motorsport.com\/driver\/marc-marquez\/92646\/\" target=\"_blank\" rel=\"noopener\">Marc M\u00e1rquez<\/a> qui ne laisse que des miettes \u00e0 ses adversaires va-t-il devenir plus gestionnaire\u00a0?\u00a0Dominateur sur tous les terrains depuis le d\u00e9but de la saison, l&rsquo;Espagnol reste sur trois scores parfaits, avec des succ\u00e8s le samedi et le dimanche, qui lui ont permis de renforcer son avance au championnat. <a href=\"https:\/\/fr.motorsport.com\/driver\/alex-marquez\/96324\/\" target=\"_blank\" rel=\"noopener\">\u00c1lex M\u00e1rquez<\/a>, son premier poursuivant, pointe d\u00e9sormais \u00e0 68 points et <a href=\"https:\/\/fr.motorsport.com\/driver\/pecco-bagnaia\/109394\/\" target=\"_blank\" rel=\"noopener\">Pecco Bagnaia<\/a> \u00e0 126.<\/p>\n<p>M\u00e1rquez sait pourtant que la moindre erreur pourrait co\u00fbter cher. Il l&rsquo;a constat\u00e9 \u00e0 titre personnel avec deux chutes douloureuses le vendredi \u00e0 Assen, puis avec celle de son fr\u00e8re en course principale, dont il s&rsquo;est relev\u00e9 avec une fracture \u00e0 un doigt. Le leader du championnat commence donc \u00e0 s&rsquo;interroger sur les risques \u00e0 prendre.<\/p>\n<p>\u00ab\u00a0On commence \u00e0 avoir un tr\u00e8s bon avantage au championnat mais comme on l&rsquo;a vu vendredi [et dimanche], c&rsquo;est la course, c&rsquo;est le MotoGP, les blessures font partie du jeu\u00a0\u00bb, a soulign\u00e9 M\u00e1rquez, interrog\u00e9 aux Pays-Bas par le site officiel du MotoGP. \u00ab\u00a0Il va y avoir la pause estivale mais dans la deuxi\u00e8me partie de la saison, beaucoup de courses vont s&rsquo;encha\u00eener et il faudra faire attention \u00e0 tout.\u00a0\u00bb<\/p>\n<p>Pour le moment, M\u00e1rquez a abord\u00e9 les week-ends avec une approche d\u00e9fensive quand il doutait d&rsquo;\u00eatre capable de jouer les premi\u00e8res places, et plus agressive sur les terrains les plus favorables. Il a finalement \u00e9t\u00e9 rapide sur tous les circuits mais a perdu de pr\u00e9cieux points avec ses chutes \u00e0 Austin et \u00e0 Jerez, deux pistes o\u00f9 il nourrissait de gros espoirs, et a finalement pu gagner sur celles qu&rsquo;il craignait le plus.<\/p>\n<p>Fort de son avance, il veut maintenant s&rsquo;\u00e9viter des prises de risques inutiles et affiche un d\u00e9sir de canaliser son temp\u00e9rament s&rsquo;il ne domine pas, y compris dans les \u00e9preuves o\u00f9 il est tr\u00e8s attendu comme le GP d&rsquo;Allemagne cette semaine. \u00ab\u00a0[\u00c0 Assen], le jeudi j&rsquo;ai dit que j&rsquo;allais essayer de me d\u00e9fendre\u00a0\u00bb, a rappel\u00e9 M\u00e1rquez en conf\u00e9rence de presse avec sa victoire. \u00ab\u00a0Au Sachsenring, je vais essayer d&rsquo;attaquer.\u00a0\u00bb<\/p>\n<p>   <img decoding=\"async\" draggable=\"false\" src=\"https:\/\/www.europesays.com\/fr\/wp-content\/uploads\/2025\/07\/marc-marquez-ducati-team.jpg\" alt=\"Marc Marquez, Ducati Team\" width=\"1200\" height=\"800\" loading=\"lazy\"\/> <\/p>\n<p class=\"title\">Marc M\u00e1rquez<\/p>\n<p class=\"photographer\">Photo de: Ducati Corse<\/p>\n<p>\u00ab\u00a0Je vais essayer de prendre les 37 points mais je dois comprendre que si quelqu&rsquo;un est plus rapide, il est plus rapide, point. Je commence \u00e0 avoir un certain avantage au championnat. OK, on n\u2019est pas encore \u00e0 mi-championnat, il reste beaucoup de courses, mais il faut commencer \u00e0 g\u00e9rer un peu.\u00a0\u00bb<\/p>\n<p>\u00ab\u00a0\u00c9videmment, les victoires les plus importantes de l&rsquo;ann\u00e9e ont \u00e9t\u00e9 le Qatar, le Mugello et [Assen]\u00a0\u00bb, a-t-il reconnu. \u00ab\u00a0Il s&rsquo;agissait de pistes o\u00f9 je n&rsquo;attendais pas ces victoires et o\u00f9 j&rsquo;ai \u00e9t\u00e9 rapide. La plus sp\u00e9ciale a \u00e9t\u00e9 le Qatar, parce que c&rsquo;\u00e9tait le premier circuit sur lequel j&rsquo;avais des doutes et j&rsquo;y ai \u00e9t\u00e9 super rapide, j&rsquo;avais cette concentration suppl\u00e9mentaire pour attaquer au bon moment.\u00a0\u00bb<\/p>\n<p>\u00ab\u00a0Apr\u00e8s ce week-end [\u00e0 Assen], qui n&rsquo;a pas d\u00e9but\u00e9 de la meilleure fa\u00e7on, je suis content de moi, de Ducati, de Davide Tardozzi [team manager du team Ducati officiel] et toute l&rsquo;\u00e9quipe, parce qu&rsquo;ils m&rsquo;ont aid\u00e9 \u00e0 me contr\u00f4ler et \u00e0 contr\u00f4ler mon instinct.\u00a0\u00bb<\/p>\n<blockquote>\n<p>J&rsquo;essaie de ne pas reproduire les erreurs.<\/p>\n<\/blockquote>\n<p>Ce contr\u00f4le est essentiel aux yeux de M\u00e1rquez, qui a encore en travers de la gorge les points perdus au Texas et en Andalousie. Il juge essentiel de travailler sur cette faiblesse, comme il le fait sur des questions techniques\u00a0:\u00a0\u00ab\u00a0J&rsquo;essaie de ne pas reproduire les erreurs. Je ne veux pas trop le dire parce que j&rsquo;en ferai peut-\u00eatre une \u00e0 la prochaine [course]\u00a0!\u00a0\u00bb<\/p>\n<p>   <img decoding=\"async\" draggable=\"false\" src=\"https:\/\/www.europesays.com\/fr\/wp-content\/uploads\/2025\/07\/1751880074_422_marc-marquez-ducati-team.jpg\" alt=\"Marc Marquez, Ducati Team\" width=\"1200\" height=\"800\" loading=\"lazy\"\/> <\/p>\n<p class=\"title\">Marc M\u00e1rquez<\/p>\n<p class=\"photographer\">Photo de: Ducati Corse<\/p>\n<p>\u00ab\u00a0Les dimanches \u00e9taient mon point faible et j&rsquo;essaie toujours de corriger mes points faibles. On verra si on peut garder cette constance. On a un peu chang\u00e9 l&rsquo;\u00e9quilibre de la moto, \u00e7a m&rsquo;aide un peu et je me sens beaucoup plus \u00e0 l&rsquo;aise dans les premiers et dans les derniers tours. Comme [au GP des Pays-Bas]\u00a0:\u00a0je n&rsquo;ai pas pris un d\u00e9part id\u00e9al mais j&rsquo;ai eu le rythme pour doubler \u00c1lex, pour doubler Pecco [Bagnaia] et pour mener la course.\u00a0\u00bb\u00a0<\/p>\n<p>Personne ne doute que M\u00e1rquez aura le rythme pour reproduire une performance similaire au Sachsenring, o\u00f9 il compte 11 succ\u00e8s dont huit en MotoGP. Mais comme \u00e0 chaque course depuis le d\u00e9but de la saison, il pr\u00e9f\u00e8re m\u00e9nager les attentes et aborder l&rsquo;\u00e9preuve avec une immense prudence.<\/p>\n<p>\u00ab\u00a0C&rsquo;est l&rsquo;un des circuits o\u00f9 j&rsquo;ai le plus gagn\u00e9. Mais la Honda \u00e9tait aussi super forte dans ces virages serr\u00e9s, c&rsquo;\u00e9tait le plus gros point fort de cette moto. Cette ann\u00e9e, on verra. L&rsquo;an dernier, en arrivant au Sachsenring, les gens disaient &lsquo;Tout ira bien, une nouvelle victoire pour Marc M\u00e1rquez, la premi\u00e8re victoire depuis longtemps&rsquo;&#8230; Et le vendredi tout a chang\u00e9, je me suis cass\u00e9 un doigt et une c\u00f4te, et j&rsquo;ai quand m\u00eame fini deuxi\u00e8me. On verra. Je vais essayer de profiter mais il faudra comprendre pendant le week-end.\u00a0\u00bb\u00a0\u00a0<\/p>\n<p>Lire aussi :<\/p>\n<p>Dans cet article<\/p>\n<p>    Vincent Lalanne-Sicaud\n<\/p>\n<p>    MotoGP\n<\/p>\n<p>    Marc M\u00e1rquez\n<\/p>\n<p>    Ducati Team\n<\/p>\n<p>Soyez le premier inform\u00e9 et souscrivez aux alertes mails pour recevoir les infos en temps r\u00e9el<\/p>\n<p>    S&rsquo;abonner aux alertes de news<\/p>\n","protected":false},"excerpt":{"rendered":"Le Marc M\u00e1rquez qui ne laisse que des miettes \u00e0 ses adversaires va-t-il devenir plus gestionnaire\u00a0?\u00a0Dominateur sur tous&hellip;\n","protected":false},"author":2,"featured_media":232305,"comment_status":"","ping_status":"","sticky":false,"template":"","format":"standard","meta":{"footnotes":""},"categories":[1413],"tags":[4950,1011,27,36254,5038,1457,1456,1458,36255,60],"class_list":{"0":"post-232304","1":"post","2":"type-post","3":"status-publish","4":"format-standard","5":"has-post-thumbnail","7":"category-moto","8":"tag-ducati-team","9":"tag-fr","10":"tag-france","11":"tag-gp-dallemagne","12":"tag-marc-mu00e1rquez","13":"tag-moto","14":"tag-motocycle","15":"tag-motogp","16":"tag-sachsenring","17":"tag-sports"},"share_on_mastodon":{"url":"https:\/\/pubeurope.com\/@fr\/114811219836154688","error":""},"_links":{"self":[{"href":"https:\/\/www.europesays.com\/fr\/wp-json\/wp\/v2\/posts\/232304","targetHints":{"allow":["GET"]}}],"collection":[{"href":"https:\/\/www.europesays.com\/fr\/wp-json\/wp\/v2\/posts"}],"about":[{"href":"https:\/\/www.europesays.com\/fr\/wp-json\/wp\/v2\/types\/post"}],"author":[{"embeddable":true,"href":"https:\/\/www.europesays.com\/fr\/wp-json\/wp\/v2\/users\/2"}],"replies":[{"embeddable":true,"href":"https:\/\/www.europesays.com\/fr\/wp-json\/wp\/v2\/comments?post=232304"}],"version-history":[{"count":0,"href":"https:\/\/www.europesays.com\/fr\/wp-json\/wp\/v2\/posts\/232304\/revisions"}],"wp:featuredmedia":[{"embeddable":true,"href":"https:\/\/www.europesays.com\/fr\/wp-json\/wp\/v2\/media\/232305"}],"wp:attachment":[{"href":"https:\/\/www.europesays.com\/fr\/wp-json\/wp\/v2\/media?parent=232304"}],"wp:term":[{"taxonomy":"category","embeddable":true,"href":"https:\/\/www.europesays.com\/fr\/wp-json\/wp\/v2\/categories?post=232304"},{"taxonomy":"post_tag","embeddable":true,"href":"https:\/\/www.europesays.com\/fr\/wp-json\/wp\/v2\/tags?post=232304"}],"curies":[{"name":"wp","href":"https:\/\/api.w.org\/{rel}","templated":true}]}}