{"id":232306,"date":"2025-07-07T09:22:09","date_gmt":"2025-07-07T09:22:09","guid":{"rendered":"https:\/\/www.europesays.com\/fr\/232306\/"},"modified":"2025-07-07T09:22:09","modified_gmt":"2025-07-07T09:22:09","slug":"box-office-nord-americain-jurassic-world-renaissance-croque-f1","status":"publish","type":"post","link":"https:\/\/www.europesays.com\/fr\/232306\/","title":{"rendered":"Box-office nord-am\u00e9ricain : Jurassic World : Renaissance croque F1"},"content":{"rendered":"<p>Le septi\u00e8me volet de la saga cr\u00e9\u00e9 par Steven Spielberg accumule 91 millions de dollars de recettes pour son premier week-end d\u2019exploitation en Am\u00e9rique du Nord. Il surclasse F1 avec Brad Pitt et le live action de Dragons.<\/p>\n<p class=\"fig-paragraph\"><a href=\"http:\/\/www.lefigaro.fr\/cinema\/dans-jurassic-world-renaissance-scarlett-johansson-prend-la-releve-de-chris-pratt-20250205\" data-fig-type=\"Article\" data-gtm-custom-categorie=\"navigation\" data-gtm-custom-action=\"crossclick\" data-gtm-custom-label=\"Contextuel\" data-gtm-event=\"customEventSPE\" data-fig-domain=\"LEFIGARO\" target=\"_blank\" rel=\"noopener\">Jurassic World\u00a0: Renaissance<\/a>, le dernier opus de la saga \u00e0 succ\u00e8s sur les dinosaures, a \u00e9cras\u00e9 la concurrence pendant le long week-end f\u00e9ri\u00e9 du 4 juillet au box-office nord-am\u00e9ricain, avec des recettes colossales de 91,5 millions de dollars. Le long m\u00e9trage produit par Universal, avec\u00a0<a href=\"http:\/\/www.lefigaro.fr\/culture\/que-vaut-vraiment-jurassic-world-renaissance-avec-scarlett-johansson-le-septieme-film-de-la-saga-jurassic-park-20250701\" data-fig-type=\"Article\" data-gtm-custom-categorie=\"navigation\" data-gtm-custom-action=\"crossclick\" data-gtm-custom-label=\"Contextuel\" data-gtm-event=\"customEventSPE\" data-fig-domain=\"LEFIGARO\" target=\"_blank\" rel=\"noopener\">Scarlett Johansson<\/a>\u00a0et Jonathan Bailey, se d\u00e9roule dans un centre de recherches sur une \u00eele abandonn\u00e9e du parc \u00e0 th\u00e8me du\u00a0<a href=\"http:\/\/www.lefigaro.fr\/flash-actu\/l-acteur-sam-neill-de-jurassic-park-revele-etre-atteint-d-un-cancer-20230318\" data-fig-type=\"NewsFlash\" data-gtm-custom-categorie=\"navigation\" data-gtm-custom-action=\"crossclick\" data-gtm-custom-label=\"Contextuel\" data-gtm-event=\"customEventSPE\" data-fig-domain=\"LEFIGARO\" target=\"_blank\" rel=\"noopener\">Jurassic Park<\/a>\u00a0original, o\u00f9 se cachent des dinosaures g\u00e9n\u00e9tiquement modifi\u00e9s.<\/p>\n<p class=\"fig-paragraph\">\u00ab\u00a0C&rsquo;est un excellent lancement pour le septi\u00e8me \u00e9pisode de la s\u00e9rie\u00a0\u00bb, a soulign\u00e9 l&rsquo;analyste David Gross du cabinet sp\u00e9cialis\u00e9, Franchise Entertainment Research. \u00ab\u00a0La s\u00e9rie a particuli\u00e8rement bien fonctionn\u00e9 \u00e0 l&rsquo;\u00e9tranger et jusqu&rsquo;\u00e0 pr\u00e9sent, les recettes \u00e0 l&rsquo;international sont remarquables\u00a0\u00bb, a-t-il ajout\u00e9.<\/p>\n<p>                                    <a class=\"fig-a11y-skip a11y-hidden\" href=\"#fig-a11y-skip-main-inarticle\"><br \/>\n        Passer la publicit\u00e9<br \/>\n    <\/a><\/p>\n<p class=\"fig-paragraph\">Le film\u00a0<a href=\"http:\/\/www.lefigaro.fr\/cinema\/f1-le-film-avec-brad-pitt-est-il-credible-notre-specialiste-de-la-formule-1-l-a-vu-et-vous-dit-tout-20250624\" data-fig-type=\"Article\" data-gtm-custom-categorie=\"navigation\" data-gtm-custom-action=\"crossclick\" data-gtm-custom-label=\"Contextuel\" data-gtm-event=\"customEventSPE\" data-fig-domain=\"LEFIGARO\" target=\"_blank\" rel=\"noopener\">F1<\/a>, d&rsquo;Apple et Warner Bros, avec\u00a0<a href=\"http:\/\/www.lefigaro.fr\/cinema\/le-realisateur-de-f1-reve-de-reunir-brad-pitt-et-tom-cruise-dans-un-film-de-course-automobile-20250627\" data-fig-type=\"Article\" data-gtm-custom-categorie=\"navigation\" data-gtm-custom-action=\"crossclick\" data-gtm-custom-label=\"Contextuel\" data-gtm-event=\"customEventSPE\" data-fig-domain=\"LEFIGARO\" target=\"_blank\" rel=\"noopener\">Brad Pitt<\/a>\u00a0dans le r\u00f4le d&rsquo;un pilote de Formule 1 sur le d\u00e9clin, a \u00e9t\u00e9 rel\u00e9gu\u00e9 \u00e0 la deuxi\u00e8me place, avec 26,1 millions de dollars de recettes aux \u00c9tats-Unis et au Canada. Derri\u00e8re,\u00a0<a href=\"http:\/\/www.lefigaro.fr\/cinema\/dragons-depasse-le-million-d-entrees-en-france-elio-boit-la-tasse-20250627\" data-fig-type=\"Article\" data-gtm-custom-categorie=\"navigation\" data-gtm-custom-action=\"crossclick\" data-gtm-custom-label=\"Contextuel\" data-gtm-event=\"customEventSPE\" data-fig-domain=\"LEFIGARO\" target=\"_blank\" rel=\"noopener\">Dragons<\/a>, long-m\u00e9trage familial des studios Universal et DreamWorks Animation et live action d&rsquo;un film d&rsquo;animation de 2010, arrive troisi\u00e8me avec 11 millions de dollars.<\/p>\n<p>28 ans plus tard fait du surplace<\/p>\n<p class=\"fig-paragraph\"><a href=\"http:\/\/www.lefigaro.fr\/cinema\/dragons-domine-toujours-le-box-office-americain-elio-realise-le-pire-demarrage-de-l-histoire-de-pixar-20250622\" data-fig-type=\"NewsFlash\" data-gtm-custom-categorie=\"navigation\" data-gtm-custom-action=\"crossclick\" data-gtm-custom-label=\"Contextuel\" data-gtm-event=\"customEventSPE\" data-fig-domain=\"LEFIGARO\" target=\"_blank\" rel=\"noopener\">Elio<\/a> \u00a0qui raconte l&rsquo;histoire d&rsquo;un jeune gar\u00e7on pris \u00e0 tort par des extraterrestres pour un ambassadeur intergalactique de la Terre, a r\u00e9colt\u00e9 5,7 millions de dollars et occupe la quatri\u00e8me place. De son c\u00f4t\u00e9,\u00a0<a href=\"http:\/\/www.lefigaro.fr\/cinema\/notre-critique-de-28-ans-plus-tard-la-fureur-de-survivre-20250617\" data-fig-type=\"Article\" data-gtm-custom-categorie=\"navigation\" data-gtm-custom-action=\"crossclick\" data-gtm-custom-label=\"Contextuel\" data-gtm-event=\"customEventSPE\" data-fig-domain=\"LEFIGARO\" target=\"_blank\" rel=\"noopener\">28 ans plus tard<\/a> \u00a0se maintient \u00e0 la cinqui\u00e8me position. Film de zombies r\u00e9alis\u00e9 par Danny Boyle, le sc\u00e9nario se d\u00e9roule 28 ans apr\u00e8s que le virus de la rage se soit \u00e9chapp\u00e9 d\u2019un laboratoire de recherche m\u00e9dicale. Pour sa deuxi\u00e8me semaine d\u2019exploitation, le long-m\u00e9trage produit par Columbia Pictures a r\u00e9colt\u00e9 4,6 millions de dollars.<\/p>\n<p>Voici le reste du top 10:<\/p>\n<p class=\"fig-paragraph\">6. M3GAN 2.0 (3,8 millions de dollars)<\/p>\n<p class=\"fig-paragraph\">7. Lilo &amp; Stitch (3,8 millions de dollars)<\/p>\n<p class=\"fig-paragraph\">8. Mission\u00a0: Impossible &#8211; The Final Reckoning (2,7 millions de dollars)<\/p>\n<p>                                    <a class=\"fig-a11y-skip a11y-hidden\" href=\"#fig-a11y-skip-main-inarticle_mtf\"><br \/>\n        Passer la publicit\u00e9<br \/>\n    <\/a><\/p>\n<p class=\"fig-paragraph\">9. Materialists (1,3 million de dollars)<\/p>\n<p class=\"fig-paragraph\">10.\u00a0De l&rsquo;univers de John Wick\u00a0: Ballerina (725,000 dollars)<\/p>\n","protected":false},"excerpt":{"rendered":"Le septi\u00e8me volet de la saga cr\u00e9\u00e9 par Steven Spielberg accumule 91 millions de dollars de recettes pour&hellip;\n","protected":false},"author":2,"featured_media":232307,"comment_status":"","ping_status":"","sticky":false,"template":"","format":"standard","meta":{"footnotes":""},"categories":[1412],"tags":[2080,650,18553,1451,1452,1453,1454,1455,1011,27,35761,4420,60],"class_list":{"0":"post-232306","1":"post","2":"type-post","3":"status-publish","4":"format-standard","5":"has-post-thumbnail","7":"category-f1","8":"tag-box-office","9":"tag-cinema","10":"tag-dinosaure","11":"tag-f1","12":"tag-formula-1","13":"tag-formula1","14":"tag-formule-1","15":"tag-formule1","16":"tag-fr","17":"tag-france","18":"tag-jurassic-park","19":"tag-scarlett-johansson","20":"tag-sports"},"share_on_mastodon":{"url":"https:\/\/pubeurope.com\/@fr\/114811223769502300","error":""},"_links":{"self":[{"href":"https:\/\/www.europesays.com\/fr\/wp-json\/wp\/v2\/posts\/232306","targetHints":{"allow":["GET"]}}],"collection":[{"href":"https:\/\/www.europesays.com\/fr\/wp-json\/wp\/v2\/posts"}],"about":[{"href":"https:\/\/www.europesays.com\/fr\/wp-json\/wp\/v2\/types\/post"}],"author":[{"embeddable":true,"href":"https:\/\/www.europesays.com\/fr\/wp-json\/wp\/v2\/users\/2"}],"replies":[{"embeddable":true,"href":"https:\/\/www.europesays.com\/fr\/wp-json\/wp\/v2\/comments?post=232306"}],"version-history":[{"count":0,"href":"https:\/\/www.europesays.com\/fr\/wp-json\/wp\/v2\/posts\/232306\/revisions"}],"wp:featuredmedia":[{"embeddable":true,"href":"https:\/\/www.europesays.com\/fr\/wp-json\/wp\/v2\/media\/232307"}],"wp:attachment":[{"href":"https:\/\/www.europesays.com\/fr\/wp-json\/wp\/v2\/media?parent=232306"}],"wp:term":[{"taxonomy":"category","embeddable":true,"href":"https:\/\/www.europesays.com\/fr\/wp-json\/wp\/v2\/categories?post=232306"},{"taxonomy":"post_tag","embeddable":true,"href":"https:\/\/www.europesays.com\/fr\/wp-json\/wp\/v2\/tags?post=232306"}],"curies":[{"name":"wp","href":"https:\/\/api.w.org\/{rel}","templated":true}]}}