{"id":232312,"date":"2025-07-07T09:25:17","date_gmt":"2025-07-07T09:25:17","guid":{"rendered":"https:\/\/www.europesays.com\/fr\/232312\/"},"modified":"2025-07-07T09:25:17","modified_gmt":"2025-07-07T09:25:17","slug":"xavier-les-12-coups-de-midi-explique-ce-quil-redoutait-concernant-lelimination-demilien","status":"publish","type":"post","link":"https:\/\/www.europesays.com\/fr\/232312\/","title":{"rendered":"Xavier (Les 12 coups de midi) explique ce qu&rsquo;il redoutait concernant l&rsquo;\u00e9limination d&rsquo;\u00c9milien"},"content":{"rendered":"<p>Ce dimanche 6 juillet 2025, \u00c9milien s&rsquo;est fait \u00e9liminer des 12 coups de midi \u00e0 l&rsquo;issue d&rsquo;un coup fatal. Une nouvelle qui a secou\u00e9 le monde de la t\u00e9l\u00e9. Xavier, ancien ma\u00eetre de midi, a livr\u00e9 avec humour \u00e0 T\u00e9l\u00e9-Loisirs ses impressions.<\/p>\n<p>Ce dimanche 6 juillet 2025, l\u2019impensable s&rsquo;est produit sur le plateau des <a href=\"https:\/\/www.programme-tv.net\/news\/tv\/92511-qui-sont-les-dix-plus-grands-gagnants-des-12-coups-de-midi-sur-tf1\/\" data-api-deeplink=\"teleloisirs:\/\/news\/92511\" target=\"_blank\" rel=\"noopener\">12 coups de midi.<\/a> Pour sa 647\u00e8me participation et apr\u00e8s quasiment deux ans d&rsquo;antenne, <a href=\"https:\/\/www.programme-tv.net\/news\/tv\/382426-coup-de-theatre-emilien-elimine-des-12-coups-de-midi-apres-646-victoires-je-n-avais-pas-les-reponses\/\" data-api-deeplink=\"teleloisirs:\/\/news\/382426\" target=\"_blank\" rel=\"noopener\">\u00c9milien s&rsquo;est fait \u00e9liminer des 12 coups de midi<\/a>. \u00c0 l&rsquo;issue d&rsquo;un \u00ab\u00a0Coup fatal\u00a0\u00bb <a href=\"https:\/\/www.programme-tv.net\/news\/tv\/382434-jai-discute-avec-lui-emilien-les-12-coups-de-midi-revele-ce-quil-a-dit-a-romain-le-candidat-qui-la-elimine\/\" data-api-deeplink=\"teleloisirs:\/\/news\/382434\" target=\"_blank\" rel=\"noopener\">face \u00e0 un candidat pr\u00e9nomm\u00e9 Romain<\/a>, le Vend\u00e9en a vu pour la premi\u00e8re fois dans la version quotidienne du jeu de TF1 son chronom\u00e8tre s&rsquo;afficher en rouge. La fin d&rsquo;une formidable aventure donc pour l&rsquo;\u00e9tudiant en Histoire, qui aura quoi qu&rsquo;il arrive plus que marqu\u00e9 l&rsquo;histoire de la t\u00e9l\u00e9vision fran\u00e7aise. Il repart du plateau de l&rsquo;\u00e9mission <a href=\"https:\/\/www.programme-tv.net\/news\/tv\/382343-je-n-oublierai-jamais-emilien-les-12-coups-de-midi-revient-sur-le-debut-de-son-parcours-face-a-jean-luc-reichmann\/\" data-api-deeplink=\"teleloisirs:\/\/news\/382343\" target=\"_blank\" rel=\"noopener\">avec des souvenirs pleins la t\u00eate <\/a>mais surtout <a href=\"https:\/\/www.programme-tv.net\/news\/tv\/378945-emilien-bat-un-record-du-monde-dans-les-12-coups-de-midi-l-ancien-tenant-du-titre-reagit-je-me-suis-fait-doubler\/\" data-api-deeplink=\"teleloisirs:\/\/news\/378945\" target=\"_blank\" rel=\"noopener\">un nombre de records immense<\/a> dont certains semblent imbattables.<\/p>\n<p>\u00ab\u00a0\u00c7a aurait \u00e9t\u00e9 un pincement au c\u0153ur pour moi\u00a0\u00bb : Xavier ironise sur un potentiel abandon d&rsquo;\u00c9milien dans Les 12 coups de midi<\/p>\n<p>Avec<a href=\"https:\/\/www.programme-tv.net\/news\/tv\/382478-il-a-eu-des-mots-tres-gentils-emilien-les-12-coups-de-midi-nous-devoile-ce-que-lui-a-dit-jean-luc-reichmann-apres-son-elimination\/\" data-api-deeplink=\"teleloisirs:\/\/news\/382478\" target=\"_blank\" rel=\"noopener\"> l&rsquo;\u00e9limination d&rsquo;\u00c9milien<\/a>, Xavier reste le seul candidat de l&rsquo;histoire des <a href=\"https:\/\/photo.programme-tv.net\/qui-sont-les-20-plus-grands-gagnants-des-12-coups-de-midi-sur-tf1-48713\" target=\"_blank\" rel=\"noopener\">12 coups de midi<\/a> \u00e0 avoir laiss\u00e9 son titre de Ma\u00eetre de midi de son propre chef. T\u00e9l\u00e9-Loisirs lui a demand\u00e9 s&rsquo;il a cru un moment que le jeune Vend\u00e9en reproduirait ce geste. Et c&rsquo;est avec beaucoup d&rsquo;humour qu&rsquo;il nous a r\u00e9pondu : \u00ab\u00a0Je ne sais pas si \u00e7a lui a travers\u00e9 l&rsquo;esprit, peut-\u00eatre. Mais en tout cas, peu importe le choix, il aurait \u00e9t\u00e9 tr\u00e8s bien. <b>\u00c7a m&rsquo;aurait fait un pincement au c\u0153ur<\/b>, on aurait \u00e9t\u00e9 deux \u00e0 avoir arr\u00eat\u00e9. <b>\u00c7a m&rsquo;aurait retir\u00e9 mon seul fait de gloire aux <\/b><b>12 coups de midi<\/b>.\u00a0\u00bb Pas d&rsquo;animosit\u00e9 entre les deux hommes, bien au contraire. <a href=\"https:\/\/www.programme-tv.net\/news\/tv\/382261-xavier-les-12-coups-de-midi-honnete-sur-l-elimination-d-emilien-on-ne-peut-pas-etre-sous-le-choc\/\" data-api-deeplink=\"teleloisirs:\/\/news\/382261\" target=\"_blank\" rel=\"noopener\">Xavier admire autant le parcours d&rsquo;\u00c9milien <\/a>que sa personne. \u00ab\u00a0C&rsquo;est un immense champion. C&rsquo;est une personne vraiment attachante, en plus. C&rsquo;est vraiment un mec bien\u00a0\u00bb, nous a livr\u00e9 l&rsquo;homme qui n&rsquo;a jamais perdu.<\/p>\n<p>                        Les 12 coups de midi : un duel opposera Xavier \u00e0 \u00c9milien ce samedi 12 juillet 2025 sur TF1<\/p>\n<p>Pas le temps de se reposer pour \u00c9milien, qui devra affronter Xavier lors d&rsquo;un prime sp\u00e9cial des 12 coups de midi le samedi 12 juillet \u00e0 21h10. Dans l&rsquo;\u00e9mission du lundi 30 juin, Jean-Luc Reichmann a r\u00e9v\u00e9l\u00e9 <a href=\"https:\/\/www.programme-tv.net\/news\/tv\/382234-on-a-fait-un-sondage-jean-luc-reichmann-revele-le-nom-des-champions-les-plus-populaires-des-12-coups-de-midi\/\" data-api-deeplink=\"teleloisirs:\/\/news\/382234\" target=\"_blank\" rel=\"noopener\">comment les deux Ma\u00eetres de midi avaient \u00e9t\u00e9 s\u00e9lectionn\u00e9s<\/a>. \u00ab\u00a0On a fait un sondage dans le public avec les t\u00e9l\u00e9spectateurs, <a href=\"https:\/\/www.programme-tv.net\/news\/tv\/382234-on-a-fait-un-sondage-jean-luc-reichmann-revele-le-nom-des-champions-les-plus-populaires-des-12-coups-de-midi\/\" data-api-deeplink=\"teleloisirs:\/\/news\/382234\" target=\"_blank\" rel=\"noopener\">c&rsquo;est vrai que vous ressortez puisque \u00e7a fait 21 mois<\/a> que vous \u00eates ici et puis Xavier eh bah <a href=\"https:\/\/www.programme-tv.net\/news\/tv\/379415-j-aurais-peut-etre-fait-une-emission-ou-dix-de-plus-xavier-regrette-t-il-d-avoir-abandonne-les-12-coups-de-midi\/\" data-api-deeplink=\"teleloisirs:\/\/news\/379415\" target=\"_blank\" rel=\"noopener\">c&rsquo;est le seul qui n&rsquo;a jamais perdu.<\/a>\u00a0\u00bb Un duel au sommet et in\u00e9dit donc, est pr\u00e9vu, pour le plus grand bonheur des fid\u00e8les de l&rsquo;\u00e9mission.<\/p>\n","protected":false},"excerpt":{"rendered":"Ce dimanche 6 juillet 2025, \u00c9milien s&rsquo;est fait \u00e9liminer des 12 coups de midi \u00e0 l&rsquo;issue d&rsquo;un coup&hellip;\n","protected":false},"author":2,"featured_media":232313,"comment_status":"","ping_status":"","sticky":false,"template":"","format":"standard","meta":{"footnotes":""},"categories":[1359],"tags":[244,58,8049,59,1011,27,29525,2173,465,466,8050,973,199,29526,29527],"class_list":{"0":"post-232312","1":"post","2":"type-post","3":"status-publish","4":"format-standard","5":"has-post-thumbnail","7":"category-people","8":"tag-commentaire","9":"tag-divertissement","10":"tag-emilien-les-12-coups-de-midi","11":"tag-entertainment","12":"tag-fr","13":"tag-france","14":"tag-guid_6089602746001","15":"tag-interview","16":"tag-jean-luc-reichmann","17":"tag-les-12-coups-de-midi","18":"tag-les-douze-coups-de-midi","19":"tag-people","20":"tag-tf1","21":"tag-uuid_5c5786fc-9183-406c-be9e-c998ce1f656a","22":"tag-xavier-les-12-coups-de-midi"},"share_on_mastodon":{"url":"https:\/\/pubeurope.com\/@fr\/114811235456007566","error":""},"_links":{"self":[{"href":"https:\/\/www.europesays.com\/fr\/wp-json\/wp\/v2\/posts\/232312","targetHints":{"allow":["GET"]}}],"collection":[{"href":"https:\/\/www.europesays.com\/fr\/wp-json\/wp\/v2\/posts"}],"about":[{"href":"https:\/\/www.europesays.com\/fr\/wp-json\/wp\/v2\/types\/post"}],"author":[{"embeddable":true,"href":"https:\/\/www.europesays.com\/fr\/wp-json\/wp\/v2\/users\/2"}],"replies":[{"embeddable":true,"href":"https:\/\/www.europesays.com\/fr\/wp-json\/wp\/v2\/comments?post=232312"}],"version-history":[{"count":0,"href":"https:\/\/www.europesays.com\/fr\/wp-json\/wp\/v2\/posts\/232312\/revisions"}],"wp:featuredmedia":[{"embeddable":true,"href":"https:\/\/www.europesays.com\/fr\/wp-json\/wp\/v2\/media\/232313"}],"wp:attachment":[{"href":"https:\/\/www.europesays.com\/fr\/wp-json\/wp\/v2\/media?parent=232312"}],"wp:term":[{"taxonomy":"category","embeddable":true,"href":"https:\/\/www.europesays.com\/fr\/wp-json\/wp\/v2\/categories?post=232312"},{"taxonomy":"post_tag","embeddable":true,"href":"https:\/\/www.europesays.com\/fr\/wp-json\/wp\/v2\/tags?post=232312"}],"curies":[{"name":"wp","href":"https:\/\/api.w.org\/{rel}","templated":true}]}}