{"id":232316,"date":"2025-07-07T09:27:09","date_gmt":"2025-07-07T09:27:09","guid":{"rendered":"https:\/\/www.europesays.com\/fr\/232316\/"},"modified":"2025-07-07T09:27:09","modified_gmt":"2025-07-07T09:27:09","slug":"quels-sont-les-livres-a-ne-pas-manquer-cet-ete-dans-les-librairies-de-cherbourg","status":"publish","type":"post","link":"https:\/\/www.europesays.com\/fr\/232316\/","title":{"rendered":"Quels sont les livres \u00e0 ne pas manquer cet \u00e9t\u00e9 dans les librairies de Cherbourg\u00a0?"},"content":{"rendered":"<p>            Par<br \/>\n        <strong><br \/>\n            <a href=\"https:\/\/actu.fr\/auteur\/meline-icole\" title=\"Consulter tous les articles de Meline Icole\" target=\"_blank\" rel=\"noopener\">Meline Icole<\/a><br \/>\n        <\/strong><\/p>\n<p>        Publi\u00e9 le<\/p>\n<p>            7 juil. 2025 \u00e0 11h20        <\/p>\n<p>Entre romans \u00e0 suspense, r\u00e9cits d\u2019\u00e9vasion et aventures familiales, la <b>p\u00e9riode estivale<\/b> est propice \u00e0 la <b>lecture<\/b>, un indispensable <b>des vacances<\/b>. Qu\u2019il s\u2019agisse de s\u2019\u00e9vader, de r\u00e9fl\u00e9chir ou simplement de savourer le plaisir des mots, l\u2019\u00e9t\u00e9 est le moment opportun pour s\u2019aventurer dans de nouvelles histoires.<\/p>\n<p class=\" wall-content\">Les librairies Ryst, <a href=\"https:\/\/actu.fr\/normandie\/cherbourg-en-cotentin_50129\/une-boutique-dediee-aux-bandes-dessinees-comics-et-mangas-a-cherbourg_62710964.html\" target=\"_blank\" rel=\"noopener\">Bande \u00e0 part<\/a> et <b>E.Leclerc Tourlaville<\/b> (commune d\u00e9l\u00e9gu\u00e9e de <a href=\"https:\/\/actu.fr\/normandie\/cherbourg-en-cotentin_50129\" target=\"_blank\" rel=\"noopener\">Cherbourg-en-Cotentin<\/a>, Manche) vous pr\u00e9sentent une s\u00e9lection de lectures \u00e0 ne pas rater pour les mois \u00e0 venir.<\/p>\n<p>Les romans \u00e0 ne pas manquer<\/p>\n<p class=\" wall-content\"><b>Prix Nobel de litt\u00e9rature <\/b>en 1961, l\u2019\u00e9crivain bosniaque Ivo Andrick revient sur le devant de la sc\u00e8ne avec son roman Le pont sur la Drina, qui raconte l\u2019histoire d\u2019un pont, <b>construit <\/b>\u00e0 l\u2019\u00e9poque de l\u2019<b>Empire ottoman<\/b> au XVIe\u00a0si\u00e8cle puis <b>endommag\u00e9 en 1914<\/b>.<\/p>\n<p class=\" wall-content\">Au carrefour de prismes ethnoreligieux, la ville de Visegrad situ\u00e9e en <b>ex-Yougoslavie<\/b>, s\u2019organise autour de ce pont, orchestrant lui-m\u00eame le <b>quotidien des habitants<\/b>, entre <b>conflits et harmonie<\/b>. R\u00eaves, drames et espoirs sont relat\u00e9s dans ce livre vivant, qui vous transporte \u00e0 travers les \u00e9poques.<\/p>\n<p class=\" wall-content\">Id\u00e9al pour la saison estivale, Retour \u00e0 Cuba\u00a0de Laurent B\u00e9n\u00e9gui vous fera <b>voyager \u00e0 travers l\u2019Atlantique <\/b>pour vous rendre sur <b>l\u2019\u00eele de Cuba<\/b>. Entre qu\u00eate familiale et <b>r\u00e9cit de voyage<\/b>, le protagoniste, \u00e0 la recherche de son grand-p\u00e8re dont il ne sait rien, vous plongera au c\u0153ur d\u2019une histoire m\u00ealant traditions cubaines et liens familiaux.<\/p>\n<p class=\" wall-content\">Loin d\u2019Alexis Michalik nous embarque dans l\u2019histoire d\u2019Antoine, qui, lorsqu\u2019il re\u00e7oit une myst\u00e9rieuse carte postale, se lance sur les traces de son p\u00e8re disparu. Ce voyage \u00e0 travers<b> le monde<\/b> devient une aventure pleine de rencontres, de secrets et de r\u00e9v\u00e9lations. Un roman rythm\u00e9 et d\u00e9paysant, id\u00e9al pour une lecture d\u2019\u00e9t\u00e9 pleine de <b>rebondissements<\/b>.<\/p>\n<p>Vid\u00e9os : en ce moment sur ActuFocus sur la bande dessin\u00e9e<\/p>\n<p class=\" wall-content\">Amateurs de <b>dessins<\/b>, r\u00e9jouissez-vous et laissez-vous tenter par la s\u00e9lection de <b>BD<\/b> r\u00e9colt\u00e9es <a href=\"https:\/\/actu.fr\/normandie\/cherbourg-en-cotentin_50129\/une-boutique-dediee-aux-bandes-dessinees-comics-et-mangas-a-cherbourg_62710964.html\" target=\"_blank\" rel=\"noopener\">par la librairie Bande \u00e0 part<\/a>. Parmi les titres qu\u2019elle propose, Plus loin qu\u2019ailleurs de Christophe Chabout\u00e9\u2009: l\u2019histoire d\u2019un homme qui sort de chez lui uniquement pour travailler, sans jamais r\u00e9ellement voir sa propre rue.<\/p>\n<p class=\" wall-content\">Clo\u00eetr\u00e9 dans une routine, il r\u00eave de partir mais finira par voyager, sans bouger. Un roman graphique touchant, id\u00e9al pour s\u2019\u00e9vader autrement cet \u00e9t\u00e9.<\/p>\n<p class=\" wall-content\">Pour les <b>passionn\u00e9s de la mer<\/b>, Bernard Moitessier propose La longue route.\u00a0Ce r\u00e9cit vrai raconte <b>sa course en solitaire<\/b> et<b> sans escale<\/b> autour du monde \u00e0 bord de son voilier, Joshua. Apr\u00e8s avoir<b> go\u00fbt\u00e9 au calme<\/b> et \u00e0 <b>la solitude des oc\u00e9ans<\/b>, l\u2019auteur fait un choix radical\u2009: il d\u00e9cide de ne pas revenir. Un t\u00e9moignage puissant sur<b> la libert\u00e9 <\/b>et le voyage, id\u00e9al pour s\u2019\u00e9vader cet \u00e9t\u00e9.<\/p>\n<p class=\" wall-content\">Des <b>suggestions litt\u00e9raires <\/b>qui pourraient accompagner avec richesse et diversit\u00e9 les lecteurs tout au long de la p\u00e9riode estivale.<\/p>\n<p class=\" wall-content\">Suivez toute l\u2019actualit\u00e9 de vos villes et m\u00e9dias favoris en vous inscrivant \u00e0 <a href=\"https:\/\/moncompte.actu.fr\" title=\"D\u00e9couvez Mon Actu\" rel=\"nofollow noopener\" data-trk=\"{&quot;cta&quot;:{&quot;action&quot;:&quot;https:\\\/\\\/moncompte.actu.fr&quot;,&quot;category&quot;:&quot;mon compte&quot;,&quot;from&quot;:&quot;article footer&quot;,&quot;name&quot;:&quot;Mon actu&quot;,&quot;type&quot;:&quot;cta&quot;}}\" target=\"_blank\">Mon Actu<\/a>.<\/p>\n","protected":false},"excerpt":{"rendered":"Par Meline Icole Publi\u00e9 le 7 juil. 2025 \u00e0 11h20 Entre romans \u00e0 suspense, r\u00e9cits d\u2019\u00e9vasion et aventures&hellip;\n","protected":false},"author":2,"featured_media":232317,"comment_status":"","ping_status":"","sticky":false,"template":"","format":"standard","meta":{"footnotes":""},"categories":[1357],"tags":[1379,3168,58,59,1011,27,1380,1652,3176],"class_list":{"0":"post-232316","1":"post","2":"type-post","3":"status-publish","4":"format-standard","5":"has-post-thumbnail","7":"category-livres","8":"tag-books","9":"tag-cotentin","10":"tag-divertissement","11":"tag-entertainment","12":"tag-fr","13":"tag-france","14":"tag-livres","15":"tag-loisirs-culture","16":"tag-vacances-scolaires"},"share_on_mastodon":{"url":"https:\/\/pubeurope.com\/@fr\/114811243279924364","error":""},"_links":{"self":[{"href":"https:\/\/www.europesays.com\/fr\/wp-json\/wp\/v2\/posts\/232316","targetHints":{"allow":["GET"]}}],"collection":[{"href":"https:\/\/www.europesays.com\/fr\/wp-json\/wp\/v2\/posts"}],"about":[{"href":"https:\/\/www.europesays.com\/fr\/wp-json\/wp\/v2\/types\/post"}],"author":[{"embeddable":true,"href":"https:\/\/www.europesays.com\/fr\/wp-json\/wp\/v2\/users\/2"}],"replies":[{"embeddable":true,"href":"https:\/\/www.europesays.com\/fr\/wp-json\/wp\/v2\/comments?post=232316"}],"version-history":[{"count":0,"href":"https:\/\/www.europesays.com\/fr\/wp-json\/wp\/v2\/posts\/232316\/revisions"}],"wp:featuredmedia":[{"embeddable":true,"href":"https:\/\/www.europesays.com\/fr\/wp-json\/wp\/v2\/media\/232317"}],"wp:attachment":[{"href":"https:\/\/www.europesays.com\/fr\/wp-json\/wp\/v2\/media?parent=232316"}],"wp:term":[{"taxonomy":"category","embeddable":true,"href":"https:\/\/www.europesays.com\/fr\/wp-json\/wp\/v2\/categories?post=232316"},{"taxonomy":"post_tag","embeddable":true,"href":"https:\/\/www.europesays.com\/fr\/wp-json\/wp\/v2\/tags?post=232316"}],"curies":[{"name":"wp","href":"https:\/\/api.w.org\/{rel}","templated":true}]}}