{"id":232318,"date":"2025-07-07T09:28:15","date_gmt":"2025-07-07T09:28:15","guid":{"rendered":"https:\/\/www.europesays.com\/fr\/232318\/"},"modified":"2025-07-07T09:28:15","modified_gmt":"2025-07-07T09:28:15","slug":"cette-belle-promesse-de-jean-luc-reichmann-a-emilien-apres-son-elimination-des-12-coups-de-midi","status":"publish","type":"post","link":"https:\/\/www.europesays.com\/fr\/232318\/","title":{"rendered":"Cette belle promesse de Jean-Luc Reichmann \u00e0 \u00c9milien apr\u00e8s son \u00e9limination des 12 coups de midi"},"content":{"rendered":"<p>Ce dimanche 6 juillet 2025 a \u00e9t\u00e9 marqu\u00e9 par l&rsquo;\u00e9limination d&rsquo;\u00c9milien aux 12 coups de midi, apr\u00e8s 647 victoires. Sur Instagram, Jean-Luc Reichmann a r\u00e9colt\u00e9 les premi\u00e8res r\u00e9actions de l&rsquo;ex-champion, tout en lui rappelant qu&rsquo;il faisait d\u00e9sormais partie \u00ab\u00a0de la famille\u00a0\u00bb.<\/p>\n<p>Un parcours exceptionnel qui devait bien, un jour, toucher \u00e0 sa fin. Pr\u00e9sent depuis septembre 2023 aux 12 coups de midi, <a href=\"https:\/\/www.programme-tv.net\/news\/tv\/382426-coup-de-theatre-emilien-elimine-des-12-coups-de-midi-apres-646-victoires-je-n-avais-pas-les-reponses\/\" data-api-deeplink=\"teleloisirs:\/\/news\/382426\" rel=\"nofollow noopener\" target=\"_blank\">\u00c9milien a \u00e9t\u00e9 \u00e9limin\u00e9 ce dimanche 6 juillet 2025<\/a>, empochant au passage plus de 2,5 euros de gains et de cadeaux en tous genres en 647 victoires. Bien que son aventure s&rsquo;ach\u00e8ve, le jeune homme de 22 ans \u00e0 la culture g\u00e9n\u00e9rale hors du commun restera probablement en t\u00eate des meilleurs joueurs de jeu t\u00e9l\u00e9vis\u00e9s en France pendant un bon moment ! <a href=\"https:\/\/www.programme-tv.net\/news\/tv\/382743-a-peine-elimine-des-12-coups-de-midi-emilien-prend-la-parole-sur-les-reseaux-sociaux-et-donne-rendez-vous-a-ses-fans\/\" data-api-deeplink=\"teleloisirs:\/\/news\/382743\" rel=\"nofollow noopener\" target=\"_blank\">Dans la foul\u00e9e de la diffusion de l&rsquo;\u00e9pisode<\/a>, Jean-Luc Reichmann a partag\u00e9 une vid\u00e9o de la premi\u00e8re r\u00e9action du Vend\u00e9en en coulisses. \u00ab\u00a0C&rsquo;est de la tristesse et pour d&rsquo;autres c&rsquo;est de la joie mais quoi qu&rsquo;il en soit, je suis encore sur le plateau et \u00c9milien vient de l\u00e2cher son troph\u00e9e. Je me permets d&rsquo;avoir la premi\u00e8re interview\u00a0: \u00e7a y est c&rsquo;est fini\u00a0?\u00a0\u00bb, lance l&rsquo;animateur.<\/p>\n<p>                        Jean-Luc Reichmann encense \u00c9milien, \u00ab\u00a0un exemple pour tout le monde\u00a0\u00bb<\/p>\n<p>\u00ab\u00a0Il fallait bien que \u00e7a s&rsquo;arr\u00eate un jour. Aucun regret, \u00e7a n&rsquo;a \u00e9t\u00e9 que des bons moments. J&rsquo;en garderai un souvenir grav\u00e9 \u00e0 vie. Merci pour tout !\u00a0\u00bb, r\u00e9pond \u00c9milien, <a href=\"https:\/\/www.programme-tv.net\/news\/tv\/374761-je-ne-parvenais-pas-a-concilier-ce-jeu-et-la-fac-emilien-les-12-coups-de-midi-en-dit-plus-sur-la-reprise-de-ses-etudes-le-jour-ou-il-sera-elimine\/\" data-api-deeplink=\"teleloisirs:\/\/news\/374761\" rel=\"nofollow noopener\" target=\"_blank\">qui avait laiss\u00e9 de c\u00f4t\u00e9 ses \u00e9tudes en licence d&rsquo;histoire \u00e0 Toulouse<\/a> pour se consacrer aux tournages des 12 coups de midi en r\u00e9gion parisienne. Et Jean-Luc Reichmann d&rsquo;ajouter\u00a0: \u00ab\u00a0\u00c0 partir d&rsquo;aujourd&rsquo;hui, on se tutoie\u00a0! C&rsquo;est la vie, c&rsquo;est comme \u00e7a. Tu fais partie de la famille des 12 coups et une fois de plus, on sera toujours l\u00e0 pour toi et s&rsquo;il y a quoi que ce soit, tu connais mon num\u00e9ro de t\u00e9l\u00e9phone portable et on sera l\u00e0. Je voulais te remercier au nom de TF1 et de la production pour ta bienveillance \u00e0 chaque fois. Tu as \u00e9t\u00e9 un exemple pour tout le monde. Merci \u00e0 toi et bonne route\u00a0!\u00a0\u00bb Dans une autre story sur Instagram, \u00c9milien s&rsquo;est adress\u00e9 \u00e0 celles et ceux qui souhaiteraient se lancer \u00e0 leur tour\u00a0: \u00ab\u00a0La culture n&rsquo;a pas de limite. Tout est culture et tout est int\u00e9ressant. Il faut toujours se donner avec envie. C&rsquo;est toujours int\u00e9ressant de s&rsquo;int\u00e9resser \u00e0 des choses\u00a0!\u00a0\u00bb<\/p>\n<p>            Qui d&rsquo;\u00c9milien ou Xavier sera vainqueur du Combat des ma\u00eetres\u00a0?<\/p>\n<p>Pour les fans d&rsquo;\u00c9milien pas de panique\u00a0: le 12\u00a0juillet 2025, <a href=\"https:\/\/www.programme-tv.net\/news\/tv\/380656-on-va-enfin-savoir-qui-de-xavier-ou-emilien-les-12-coups-de-midi-est-le-plus-fort-jean-luc-reichmann-revele-quils-vont-bientot-saffronter-sur-tf1\/\" data-api-deeplink=\"teleloisirs:\/\/news\/380656\" rel=\"nofollow noopener\" target=\"_blank\">l&rsquo;ex-Ma\u00eetre de midi sera de retour sur TF1 dans Le Combat des ma\u00eetres\u00a0: \u00c9milien vs Xavier<\/a>, une \u00e9dition sp\u00e9ciale des 12 coups de midi en prime-time durant laquelle les deux ex-champions \u2013 Xavier s&rsquo;\u00e9tait d\u00e9sist\u00e9 du jeu apr\u00e8s 76 participations et 335 000 euros en 2012 \u2013 s&rsquo;affronteront sur plusieurs s\u00e9ries de questions de culture g\u00e9n\u00e9rale, soutenus par des personnalit\u00e9s \u00e0 leurs c\u00f4t\u00e9s.<\/p>\n","protected":false},"excerpt":{"rendered":"Ce dimanche 6 juillet 2025 a \u00e9t\u00e9 marqu\u00e9 par l&rsquo;\u00e9limination d&rsquo;\u00c9milien aux 12 coups de midi, apr\u00e8s 647&hellip;\n","protected":false},"author":2,"featured_media":232319,"comment_status":"","ping_status":"","sticky":false,"template":"","format":"standard","meta":{"footnotes":""},"categories":[1356],"tags":[244,58,8049,59,1011,27,465,8050,27173,252,199,1364,16241,1630],"class_list":{"0":"post-232318","1":"post","2":"type-post","3":"status-publish","4":"format-standard","5":"has-post-thumbnail","7":"category-television","8":"tag-commentaire","9":"tag-divertissement","10":"tag-emilien-les-12-coups-de-midi","11":"tag-entertainment","12":"tag-fr","13":"tag-france","14":"tag-jean-luc-reichmann","15":"tag-les-douze-coups-de-midi","16":"tag-maitre-de-midi","17":"tag-television","18":"tag-tf1","19":"tag-tv","20":"tag-u00e9limination","21":"tag-zapping"},"share_on_mastodon":{"url":"https:\/\/pubeurope.com\/@fr\/114811247317837932","error":""},"_links":{"self":[{"href":"https:\/\/www.europesays.com\/fr\/wp-json\/wp\/v2\/posts\/232318","targetHints":{"allow":["GET"]}}],"collection":[{"href":"https:\/\/www.europesays.com\/fr\/wp-json\/wp\/v2\/posts"}],"about":[{"href":"https:\/\/www.europesays.com\/fr\/wp-json\/wp\/v2\/types\/post"}],"author":[{"embeddable":true,"href":"https:\/\/www.europesays.com\/fr\/wp-json\/wp\/v2\/users\/2"}],"replies":[{"embeddable":true,"href":"https:\/\/www.europesays.com\/fr\/wp-json\/wp\/v2\/comments?post=232318"}],"version-history":[{"count":0,"href":"https:\/\/www.europesays.com\/fr\/wp-json\/wp\/v2\/posts\/232318\/revisions"}],"wp:featuredmedia":[{"embeddable":true,"href":"https:\/\/www.europesays.com\/fr\/wp-json\/wp\/v2\/media\/232319"}],"wp:attachment":[{"href":"https:\/\/www.europesays.com\/fr\/wp-json\/wp\/v2\/media?parent=232318"}],"wp:term":[{"taxonomy":"category","embeddable":true,"href":"https:\/\/www.europesays.com\/fr\/wp-json\/wp\/v2\/categories?post=232318"},{"taxonomy":"post_tag","embeddable":true,"href":"https:\/\/www.europesays.com\/fr\/wp-json\/wp\/v2\/tags?post=232318"}],"curies":[{"name":"wp","href":"https:\/\/api.w.org\/{rel}","templated":true}]}}